{"id":4693,"date":"2019-12-10T13:34:41","date_gmt":"2019-12-10T13:34:41","guid":{"rendered":"https:\/\/cdes.org.ec\/webantigua\/?p=4693"},"modified":"2021-05-04T16:38:36","modified_gmt":"2021-05-04T16:38:36","slug":"retoricas-de-la-consulta-en-el-ecuador","status":"publish","type":"post","link":"https:\/\/cdes.org.ec\/webantigua\/retoricas-de-la-consulta-en-el-ecuador\/","title":{"rendered":"Ret\u00f3ricas de la Consulta en el Ecuador"},"content":{"rendered":"<p><a href=\"https:\/\/cdes.org.ec\/webantigua\/wp-content\/uploads\/2018\/01\/Imagen-1.png\"><img decoding=\"async\" class=\"wp-image-4694 aligncenter\" src=\"https:\/\/cdes.org.ec\/webantigua\/wp-content\/uploads\/2018\/01\/Imagen-1.png\" alt=\"\" width=\"473\" height=\"375\" srcset=\"https:\/\/cdes.org.ec\/webantigua\/wp-content\/uploads\/2018\/01\/Imagen-1-200x159.png 200w, https:\/\/cdes.org.ec\/webantigua\/wp-content\/uploads\/2018\/01\/Imagen-1-300x238.png 300w, https:\/\/cdes.org.ec\/webantigua\/wp-content\/uploads\/2018\/01\/Imagen-1-400x318.png 400w, https:\/\/cdes.org.ec\/webantigua\/wp-content\/uploads\/2018\/01\/Imagen-1-600x476.png 600w, https:\/\/cdes.org.ec\/webantigua\/wp-content\/uploads\/2018\/01\/Imagen-1-768x610.png 768w, https:\/\/cdes.org.ec\/webantigua\/wp-content\/uploads\/2018\/01\/Imagen-1-800x635.png 800w, https:\/\/cdes.org.ec\/webantigua\/wp-content\/uploads\/2018\/01\/Imagen-1.png 937w\" sizes=\"(max-width: 473px) 100vw, 473px\" \/><\/a><\/p>\n<p style=\"text-align: center;\">Desc\u00e1rgalo aqu\u00ed:\u00a0<a href=\"https:\/\/cdes.org.ec\/webantigua\/wp-content\/uploads\/2018\/01\/ConsultaEcuador-2.pdf\">ConsultaEcuador-2<\/a><\/p>\n<p style=\"text-align: justify;\">En Ecuador la consulta en materia socioambiental ha generado diversos debates y controversias. Especialmente porque en la \u00faltima d\u00e9cada, las reformas normativas al texto constitucional y otros mecanismos que regulan la participaci\u00f3n de la ciudadan\u00eda en la gesti\u00f3n de lo p\u00fablico, nos ha ubicado como referentes de garant\u00eda de derechos a nivel internacional. Estas transformaciones, sobre todo sea hacen visibles con el reconocimiento de los derechos de la naturaleza y al integrar enfoques neoconstitucionales que ponen de relieve la importancia de los derechos colectivos y la democracia participativa en la estructura administrativa y pol\u00edtica del Estado.<\/p>\n<p style=\"text-align: justify;\">Sin embargo, a pesar de que existen innovaciones en el ordenamiento jur\u00eddico nacional y se puede reconocer que en apariencia se ha dado una extensi\u00f3n de los derechos de la ciudadan\u00eda; en la pr\u00e1ctica su implementaci\u00f3n discrecional e instrumentalizaci\u00f3n de los mecanismos que regulan la participaci\u00f3n de la sociedad civil y de las poblaciones afectadas por el desarrollo de proyectos de energ\u00e9ticos, extractivos y de infraestructura, nos dejan una brecha irreductible entre la construcci\u00f3n de relato normativo y las realidades que afronta la poblaci\u00f3n ecuatoriana.<\/p>\n<p style=\"text-align: justify;\">Por este motivo, presentamos a continuaci\u00f3n dos art\u00edculos que hacen una reflexi\u00f3n detallada sobre la calidad de la consulta previa, libre e informada y la consulta ambiental en el Ecuador. Comparando experiencias emblem\u00e1ticas que reflejan las falencias de estos procesos y establecen los vac\u00edos existentes en la norma frente a lo dispuesto en instrumentos y mecanismos internacionales que est\u00e1n orientados a promover el disfrute de los derechos humanos.<\/p>\n<p style=\"text-align: center;\">Desc\u00e1rgalo aqu\u00ed:\u00a0<a href=\"https:\/\/cdes.org.ec\/webantigua\/wp-content\/uploads\/2018\/01\/ConsultaEcuador-2.pdf\">ConsultaEcuador-2<\/a><\/p>\n","protected":false},"excerpt":{"rendered":"<p>Desc\u00e1rgalo aqu\u00ed:\u00a0ConsultaEcuador-2 En Ecuador la consulta en materia socioambiental ha [&hellip;]<\/p>\n","protected":false},"author":1,"featured_media":4694,"comment_status":"open","ping_status":"open","sticky":false,"template":"","format":"standard","meta":{"_siteseo_robots_primary_cat":"","_joinchat":[],"footnotes":""},"categories":[5],"tags":[33,28],"class_list":["post-4693","post","type-post","status-publish","format-standard","has-post-thumbnail","hentry","category-informes","tag-consultaprevia","tag-cosiplan"],"_links":{"self":[{"href":"https:\/\/cdes.org.ec\/webantigua\/wp-json\/wp\/v2\/posts\/4693","targetHints":{"allow":["GET"]}}],"collection":[{"href":"https:\/\/cdes.org.ec\/webantigua\/wp-json\/wp\/v2\/posts"}],"about":[{"href":"https:\/\/cdes.org.ec\/webantigua\/wp-json\/wp\/v2\/types\/post"}],"author":[{"embeddable":true,"href":"https:\/\/cdes.org.ec\/webantigua\/wp-json\/wp\/v2\/users\/1"}],"replies":[{"embeddable":true,"href":"https:\/\/cdes.org.ec\/webantigua\/wp-json\/wp\/v2\/comments?post=4693"}],"version-history":[{"count":1,"href":"https:\/\/cdes.org.ec\/webantigua\/wp-json\/wp\/v2\/posts\/4693\/revisions"}],"predecessor-version":[{"id":7271,"href":"https:\/\/cdes.org.ec\/webantigua\/wp-json\/wp\/v2\/posts\/4693\/revisions\/7271"}],"wp:featuredmedia":[{"embeddable":true,"href":"https:\/\/cdes.org.ec\/webantigua\/wp-json\/wp\/v2\/media\/4694"}],"wp:attachment":[{"href":"https:\/\/cdes.org.ec\/webantigua\/wp-json\/wp\/v2\/media?parent=4693"}],"wp:term":[{"taxonomy":"category","embeddable":true,"href":"https:\/\/cdes.org.ec\/webantigua\/wp-json\/wp\/v2\/categories?post=4693"},{"taxonomy":"post_tag","embeddable":true,"href":"https:\/\/cdes.org.ec\/webantigua\/wp-json\/wp\/v2\/tags?post=4693"}],"curies":[{"name":"wp","href":"https:\/\/api.w.org\/{rel}","templated":true}]}}