{"id":4745,"date":"2018-02-05T09:26:56","date_gmt":"2018-02-05T09:26:56","guid":{"rendered":"https:\/\/cdes.org.ec\/webantigua\/?p=4745"},"modified":"2021-04-22T15:20:50","modified_gmt":"2021-04-22T15:20:50","slug":"tlc-con-eeuu-muerte-anunciada-a-la-agricultura-de-ecuador","status":"publish","type":"post","link":"https:\/\/cdes.org.ec\/webantigua\/tlc-con-eeuu-muerte-anunciada-a-la-agricultura-de-ecuador\/","title":{"rendered":"TLC con EEUU, muerte anunciada a la agricultura de Ecuador"},"content":{"rendered":"<p class=\"introtext\"><strong>Una manera r\u00e1pida de aniquilar el sector agropecuario en Latinoam\u00e9rica es firmar un Tratado de Libre Comercio (TLC). Casos como el colombiano, peruano o mexicano lo demuestran pero eso no lo dir\u00e1n los pol\u00edticos, empresarios y medios privados.<\/strong><\/p>\n<p>Su discurso se basa en repetir el mito neoliberal sobre el libre comercio y c\u00f3mo mejorar\u00e1 la econom\u00eda y atraer\u00e1 inversi\u00f3n extranjera.<\/p>\n<p>Y a pesar de tener una larga tradici\u00f3n de resistencia \u2013ALCA 1999 y TLC 2005-, el Ecuador vuelve a coquetear con los Estados Unidos. Para \u2018apaciguar\u2019 cr\u00edticas, Moreno\u00a0<a href=\"http:\/\/www.vistazo.com\/seccion\/pais\/politica-nacional\/ecuador-busca-acuerdos-comerciales-igualitarios-con-eeuu\" target=\"_blank\" rel=\"noopener\">habl\u00f3<\/a>\u00a0de un acuerdo \u201ccon cierto sentido de igualdad\u201d, pero la realidad es que las asimetr\u00edas en el neoliberalismo capitalista nunca generan \u201cigualdad\u201d y peor a\u00fan la ingenua idea de un \u2018ganar\/ganar\u2019.<\/p>\n<p>Como en cualquier transacci\u00f3n habr\u00e1 ganadores y perdedores, por un lado los beneficiados ser\u00e1n los de siempre; las \u00e9lites empresariales, multinacionales y el gran capital, representado por las C\u00e1maras de Comercio y la Embajada norteamericana. Mientras que los perdedores ser\u00e1n los peque\u00f1os productores y la producci\u00f3n nacional.<\/p>\n<p>Los casos latinoamericanos permiten tener una visi\u00f3n a \u2018futuro\u2019 de lo que un TLC puede causar.\u00a0<a href=\"https:\/\/www.fas.usda.gov\/data\/search?f%5b0%5d=field_report_type%3ACharts%20and%20Graphs\" target=\"_blank\" rel=\"noopener\">Seg\u00fan<\/a>\u00a0el\u00a0Departamento de Agricultura de los Estados Unidos, mientras las ventas colombianas crecieron en un 16% entre 2012 y 2015, las importaciones agropecuarias colombianas con ese pa\u00eds incrementaron en 120%. Y la balanza comercial agropecuaria, excluidas las exportaciones de caf\u00e9 y banano, pas\u00f3 de -158 millones en 2012 a -1.411 millones en 2015, un d\u00e9ficit de 793%.<\/p>\n<blockquote><p>Venid, yanquizantes ciegos, y ved como el d\u00f3lar conquistador ha tratado a esas desventuradas naciones,\u00a0Jos\u00e9 Peralta, La Esclavitud de la Am\u00e9rica Latina, 1927.<\/p><\/blockquote>\n<p>Esto se debe a que los acuerdos comerciales dejan fuera de la desgravaci\u00f3n de aranceles a muy pocos productos y no toman en cuenta las asimetr\u00edas entre naciones, los niveles de producci\u00f3n y la capacidad del campesinado local en adaptarse al agresivo ingreso de productos importados a menores costos.<\/p>\n<p>Es decir que los productores nacionales de ma\u00edz, arroz, l\u00e1cteos, carnes entre otros deben competir con la importaci\u00f3n de los mismos productos \u2018Made in USA\u2019. En\u00a0<a href=\"http:\/\/www.jornada.unam.mx\/2007\/07\/22\/index.php?section=opinion&amp;article=002a1edi\" target=\"_blank\" rel=\"noopener\">M\u00e9xico<\/a>\u00a0luego de 14 a\u00f1os (2008) de la firma del TLCAN, las importaciones agr\u00edcolas hab\u00edan aumentado m\u00e1s del 50% y en Per\u00fa, despu\u00e9s de seis a\u00f1os de la firma del TLC, aumentaron en 109%.<\/p>\n<p>Lo que tiene una relaci\u00f3n directa en la p\u00e9rdida de trabajos en el agro. En Colombia,\u00a0<a href=\"http:\/\/cedetrabajo.org\/blog\/14095\/\" target=\"_blank\" rel=\"noopener\">seg\u00fan<\/a>\u00a0el Centro de Trabajo (Cedetrabajo) entre 2012 y 2016,\u00a0el sector agropecuario tuvo una p\u00e9rdida de 51.000 puestos laborales. \u00a0Una situaci\u00f3n similar en\u00a0<a href=\"http:\/\/www.jornada.unam.mx\/2007\/07\/22\/index.php?section=opinion&amp;article=002a1edi\" target=\"_blank\" rel=\"noopener\">M\u00e9xico<\/a>, donde cerca de dos millones de campesinos fueron desplazados del campo al 2008 y en Centroam\u00e9rica la modificaci\u00f3n de la producci\u00f3n de granos b\u00e1sicos\u00a0<a href=\"http:\/\/dignidadagropecuaria.org\/el-tpp-la-destruccion-de-la-agricultura-latinoamericana\/#.WnDJpq6nHIU\" target=\"_blank\" rel=\"noopener\">redujo<\/a>\u00a0a la poblaci\u00f3n de agricultores del 14% al 8%.<\/p>\n<p>Algo que ser\u00eda fatal en Ecuador ya que se desplazar\u00eda a la peque\u00f1a producci\u00f3n agr\u00edcola, la misma que\u00a0<a href=\"http:\/\/www.latindadd.org\/wp-content\/uploads\/2014\/07\/El_Tratado_Comercial_de_Ecuador_con_la_Union_Europea_y_sus_potenciales_impactos_sobre_la_agricultura_campesina1.pdf\" target=\"_blank\" rel=\"noopener\">provee<\/a>\u00a0entre 1,5 y 3 empleos por hect\u00e1rea de \u00e1rea cultivada.<\/p>\n<p>Pero no solo el agro se ve afectado, el informe de Cedetrabajo demuestra que la\u00a0balanza comercial de Colombia con Estados Unidos pas\u00f3 de un super\u00e1vit de 8244 millones de d\u00f3lares en 2012 a un d\u00e9ficit de -1.414 millones en 2016, y una ca\u00edda en las exportaciones del 54.1%. Es decir que Colombia vende a Estados Unidos menos de la mitad de lo que exportaba antes de tener el acuerdo.<\/p>\n<p>Los TLC son vestigios de un neoliberalismo rapaz que solo beneficia los intereses de ciertas \u00e9lites nacionales e internacionales. Como lo dijo Jos\u00e9 Peralta, hace casi 100 a\u00f1os, debemos ver como ese d\u00f3lar conquistador ha tratado a nuestros vecinos y de esa manera podremos evitar un futuro similar.<\/p>\n<p>Escrito por\u00a0Mart\u00edn Pastor. Fuente: HispanTV    \t<\/p>\n","protected":false},"excerpt":{"rendered":"<p>Una manera r\u00e1pida de aniquilar el sector agropecuario en Latinoam\u00e9rica [&hellip;]<\/p>\n","protected":false},"author":1,"featured_media":4744,"comment_status":"open","ping_status":"open","sticky":false,"template":"","format":"standard","meta":{"_siteseo_robots_primary_cat":"","_joinchat":[],"footnotes":""},"categories":[23],"tags":[],"class_list":["post-4745","post","type-post","status-publish","format-standard","has-post-thumbnail","hentry","category-tlc"],"_links":{"self":[{"href":"https:\/\/cdes.org.ec\/webantigua\/wp-json\/wp\/v2\/posts\/4745","targetHints":{"allow":["GET"]}}],"collection":[{"href":"https:\/\/cdes.org.ec\/webantigua\/wp-json\/wp\/v2\/posts"}],"about":[{"href":"https:\/\/cdes.org.ec\/webantigua\/wp-json\/wp\/v2\/types\/post"}],"author":[{"embeddable":true,"href":"https:\/\/cdes.org.ec\/webantigua\/wp-json\/wp\/v2\/users\/1"}],"replies":[{"embeddable":true,"href":"https:\/\/cdes.org.ec\/webantigua\/wp-json\/wp\/v2\/comments?post=4745"}],"version-history":[{"count":1,"href":"https:\/\/cdes.org.ec\/webantigua\/wp-json\/wp\/v2\/posts\/4745\/revisions"}],"predecessor-version":[{"id":7135,"href":"https:\/\/cdes.org.ec\/webantigua\/wp-json\/wp\/v2\/posts\/4745\/revisions\/7135"}],"wp:featuredmedia":[{"embeddable":true,"href":"https:\/\/cdes.org.ec\/webantigua\/wp-json\/wp\/v2\/media\/4744"}],"wp:attachment":[{"href":"https:\/\/cdes.org.ec\/webantigua\/wp-json\/wp\/v2\/media?parent=4745"}],"wp:term":[{"taxonomy":"category","embeddable":true,"href":"https:\/\/cdes.org.ec\/webantigua\/wp-json\/wp\/v2\/categories?post=4745"},{"taxonomy":"post_tag","embeddable":true,"href":"https:\/\/cdes.org.ec\/webantigua\/wp-json\/wp\/v2\/tags?post=4745"}],"curies":[{"name":"wp","href":"https:\/\/api.w.org\/{rel}","templated":true}]}}