{"id":4758,"date":"2018-03-02T18:10:43","date_gmt":"2018-03-02T18:10:43","guid":{"rendered":"https:\/\/cdes.org.ec\/webantigua\/?p=4758"},"modified":"2021-04-25T09:32:30","modified_gmt":"2021-04-25T09:32:30","slug":"parlamento-belga-no-ratificara-acuerdo-comercial-ue-hasta-procesar-quejas","status":"publish","type":"post","link":"https:\/\/cdes.org.ec\/webantigua\/parlamento-belga-no-ratificara-acuerdo-comercial-ue-hasta-procesar-quejas\/","title":{"rendered":"Parlamento belga no ratificar\u00e1 Acuerdo Comercial UE hasta procesar quejas"},"content":{"rendered":"<h1 style=\"font-weight: 400; text-align: center;\"><b>Ecuatorianos exponen afectaciones al acceso a medicamentos, econom\u00eda campesina y microempresas por Acuerdo Comercial con la Uni\u00f3n Europea<\/b><\/h1>\n<p style=\"font-weight: 400;\"><span style=\"font-weight: 400;\">B\u00e9lgica parlamento Walon\u00a0 \u00a0 \u00a0 \u00a0 \u00a0 \u00a0 \u00a0 \u00a0 \u00a0 \u00a0 \u00a0 \u00a0 \u00a0 \u00a0 \u00a0 \u00a0 \u00a0 \u00a0 \u00a0 \u00a0 \u00a0 \u00a0 \u00a0 \u00a0 \u00a0 \u00a0 \u00a0 \u00a0 \u00a0 \u00a0 \u00a0 \u00a0 \u00a0 \u00a0 \u00a0 \u00a0 \u00a0 \u00a0 \u00a0 \u00a0 \u00a0 \u00a0 \u00a0 \u00a0 \u00a0 Tiempo lectura apr: 10min<\/span><\/p>\n<p style=\"font-weight: 400;\"><span style=\"font-weight: 400;\">27 de febrero del 2017<\/span><\/p>\n<p style=\"font-weight: 400;\"><span style=\"font-weight: 400;\">En cita informativa con delegados de bloques pol\u00edticos de la UE que integran el parlamento de Walonia B\u00e9lgica, M. Hottat y M Jorgensen representante de asuntos extranjeros de B\u00e9lgica y jefe de la unidad para Am\u00e9rica Latina de la Direcci\u00f3n General de Comercio de la Comisi\u00f3n Europea respectivamente, presentaron la situaci\u00f3n actual de la aplicaci\u00f3n del Tratado de Libre Comercio negociado entre la UE con Colombia y Per\u00fa y al cual el Ecuador se adhiri\u00f3 a finales del 2016.<\/span><\/p>\n<p style=\"font-weight: 400;\"><span style=\"font-weight: 400;\">Iniciaron la socializaci\u00f3n de sus gestiones ante las situaciones que ha generado el TLC UE explicando que las organizaciones de Per\u00fa han presentado una queja por las afectaciones a los derechos humanos, al medio ambiente y a los objetivos de desarrollo sustentable derivadas de la aplicaci\u00f3n del TLC. Y que, la Comisi\u00f3n, en respuesta a esta queja, prepara una investigaci\u00f3n integral del acuerdo y un cronograma de trabajo con los gobiernos y los actores sociales. <\/span><\/p>\n<p style=\"font-weight: 400;\"><span style=\"font-weight: 400;\">Integrantes del parlamento, expresaron a los responsables su preocupaci\u00f3n al conocer que seg\u00fan un informe de observadores especiales de la UE a Colombia, la aplicaci\u00f3n de los TLCs es parte del aumento de asesinatos a dirigentes de sindicatos, de comunas campesinas y de territorios ind\u00edgenas.<\/span><\/p>\n<p style=\"font-weight: 400;\"><span style=\"font-weight: 400;\">Tambi\u00e9n los parlamentarios demandaron saber c\u00f3mo se va a responder a las organizaciones sociales de Per\u00fa que han presentado una queja por las afectaciones que suscita el TLC con la UE que ya est\u00e1 en aplicaci\u00f3n, aunque todav\u00eda no ha sido ratificado por todos los pa\u00edses contrapartes.<\/span><\/p>\n<p style=\"font-weight: 400;\"><span style=\"font-weight: 400;\">Los responsables comerciales de la UE, respondieron que se tratar\u00e1 la queja presentada y que se elaborar\u00e1 una investigaci\u00f3n integral de cada cap\u00edtulo del TLC, y que para evitar un proceso de renegociaci\u00f3n se aplicar\u00e1n 15 acciones de di\u00e1logo y trabajo con todos los actores sociales de Colombia, Per\u00fa y Ecuador para buscar compromisos reales agregando clausulas y mecanismos espec\u00edficos de respeto a los derechos laborales, lucha contra la corrupci\u00f3n, apoyo para el logro de objetivos de desarrollo sustentable, entre otros.<\/span><\/p>\n<p style=\"font-weight: 400;\"><span style=\"font-weight: 400;\">El parlamento, inst\u00f3 a los negociadores, a resolver la falencia de que en el Acuerdo no existe al momento ni incentivos para diversificaci\u00f3n econ\u00f3mica, ni protecci\u00f3n de los ecosistemas en el marco de la lucha com\u00fan contra al cambio clim\u00e1tico, ni defensa de los derechos humanos ni impedimentos para pr\u00e1cticas de evasi\u00f3n en para\u00edsos fiscales o de lavado de dinero de actividades delictivas como el narcotr\u00e1fico. <\/span><\/p>\n<p style=\"font-weight: 400;\"><span style=\"font-weight: 400;\">Sigui\u00f3 el turno de exposici\u00f3n al equipo de las organizaciones sociales ecuatorianas quienes se solidarizaron con la queja presentada por Per\u00fa y con otras acciones de protesta de las organizaciones Colombianas y Peruanas quienes ya han realizado 3 paros agrarios en Colombia y 1 en Per\u00fa, por el empobrecimiento que causa la reprivatizaci\u00f3n de la econom\u00eda \u00a0que conlleva a la pauperizaci\u00f3n del trabajo, a la quiebra de empresas y emprendimientos locales y a la obstaculizaci\u00f3n de iniciativas agroecol\u00f3gicas de soberan\u00eda alimentaria las cuales est\u00e1n en riesgo de quebrar en un conflicto agrario violento que impulsa monocultivos y desindustrializaci\u00f3n beneficiando solo al sector agroexportador de los pa\u00edses andinos y al monopolio transnacionales Europeo y Estadounidense.<\/span><\/p>\n<p style=\"font-weight: 400;\"><span style=\"font-weight: 400;\">Los ecuatorianos, mostraron que el objetivo fundamental del TLC de incrementar exportaciones ha tenido un efecto negativo pues la balanza comercial de bienes con la UE de Colombia pas\u00f3 de un saldo comercial positivo de USD 1 859 millones, a un saldo comercial negativo de USD 1 310 millones, es decir, sufri\u00f3 un deterioro de 170% en cuatro a\u00f1os. Mientras tanto, Per\u00fa pas\u00f3 de un saldo comercial de USD 3 121 millones a un saldo de USD 1 133 millones, lo que representa un deterioro de 64%.<\/span><\/p>\n<p style=\"font-weight: 400;\"><span style=\"font-weight: 400;\">Pablo Jos\u00e9 Iturralde del CDES, Centro de Estudios de Derechos Econ\u00f3micos y Sociales, present\u00f3 resultados de estudios sobre las expectativas de alza del precio de medicamentos y la p\u00e9rdida de empleos en el sector farmac\u00e9utico como consecuencia del levantamiento de protecciones arancelarias y la p\u00e9rdida de precios preferenciales otorgados por el Estado a los productores nacionales. Enfatiz\u00f3 que para el Ecuador que ha iniciado el TLC con la UE hace solo un a\u00f1o, las afectaciones ser\u00e1n m\u00e1s profundas que para sus vecinos ya que tiene una industria m\u00e1s d\u00e9bil, soporta una alta dependencia del movimiento comercial que producen las compras p\u00fablicas y especialmente porque es un pa\u00eds dolarizado que no puede devaluar su moneda y necesita atraer divisas con una balanza comercial favorable. <\/span><\/p>\n<p style=\"font-weight: 400;\"><span style=\"font-weight: 400;\">Susana Castillo de la plataforma Ecuador Decide, alert\u00f3 que el inter\u00e9s de la UE por agrocarburantes especialmente de palma africana y ca\u00f1aa de az\u00facar y las mejores condiciones que el TLC con la UE da a la exportaci\u00f3n de banano, flores, camarones, atunes; ha llevado a un boom de reprimarizaci\u00f3n de la econom\u00eda en Colombia, Per\u00fa y Ecuador. Los grupos agroexportadores presionan para que se cambien las leyes con el fin de permitir entre otros, la extranjerizaci\u00f3n de la tierra, el mantenimiento del uso de agroqu\u00edmicos incompatibles con sectores vitales como la apicultura y el inicio de cultivos transg\u00e9nicos en plantaciones de ma\u00edz y ca\u00f1a.<\/span><\/p>\n<p style=\"font-weight: 400;\"><span style=\"font-weight: 400;\">Jorge Acosta dirigente de ASTRAC, el mayor sindicato de trabajadores bananeros, denunci\u00f3 que este escenario ha permitido el violento despojo de tierra y fuentes de agua a campesinos y pueblos ancestrales y mayor deforestaci\u00f3n y contaminaci\u00f3n con agroqu\u00edmicos. Trabajadores de las agroexportadoras son pagados solo por tarea cumplida lo cual les quita el acceso a un salario y a los beneficios de la seguridad social y tampoco las compa\u00f1\u00edas agroexportadoras pagan lo justo a peque\u00f1os productores campesinos que son quienes les abastecen de los productos de exportaci\u00f3n. Quienes como \u00e9l denuncian estos atentados a los derechos humanos, est\u00e1n perseguidos y reciben amenazas de muerte alert\u00f3.<\/span><\/p>\n<p style=\"font-weight: 400;\"><span style=\"font-weight: 400;\">Para Susana Castillo, este Acuerdo no tiene medidas de protecci\u00f3n ante las asimetr\u00edas porque ni los negociadores ecuatorianos ni los negociadores europeos han permitido que las organizaciones sociales presenten sus propuestas en las mesas y por eso al desconocer las din\u00e1micas y la cosmovisi\u00f3n social de los pa\u00edses andinos megadiversos y pluriculturales, se pretenda que familias campesinas sin seguro ni incentivos productivos que cr\u00edan pocos animales en sus casas, que procesan quesos de forma artesanal y cultivan en sus chacras de m\u00e1ximo dos hect\u00e1reas sufriendo incluso la violencia de proyectos megamineros y petroleros, pasen a competir como si fueran iguales con transnacionales de agronegocios y agricultores con subsidios, y plantaciones y criaderos industriales de cientos de hect\u00e1reas tecnificadas como las granjas de 1000 vacas de Francia.<\/span><\/p>\n<p style=\"font-weight: 400;\"><span style=\"font-weight: 400;\">Los ecuatorianos invitaron a los parlamentarios a no apoyar este tipo de Acuerdos que usan las medidas de propiedad intelectual para prohibir el guardar e intercambiar semillas y para aumentar las restricciones del acceso de medicamentos, pero no contemplan la aplicaci\u00f3n de la normativa internacional del convenio 189 de la OIT sobre derechos de los pueblos ancestrales y los Acuerdos sobre Derechos Econ\u00f3micos, Sociales y Culturales para impedir la biopirater\u00eda y p\u00e9rdida de saberes y el patrimonio biogen\u00e9tico ancestral. <\/span><\/p>\n<p style=\"font-weight: 400;\"><span style=\"font-weight: 400;\">El parlamento al finalizar la jornada decidi\u00f3 no ratificar por el momento el Acuerdo por todos los problemas que presenta en su contenido y su aplicaci\u00f3n.<\/span><\/p>\n<p style=\"font-weight: 400;\"><span style=\"font-weight: 400;\">Asistentes a este encuentro informativo como Michel Cermak de la coalici\u00f3n de ONGs franc\u00f3fonas de B\u00e9lgica, manifestaron que el parlamento de Walonia hace bien en revisar los t\u00e9rminos de estos Acuerdos antes de ratificarlos porque no se puede apoyar un Acuerdo que no garantiza a los pueblos originarios el derecho fundamental de la consulta previa, libre e informada, tampoco tiene una cl\u00e1usula que impida el lavado de dinero de actividades delictivas y tampoco tiene mecanismos efectivos para proteger de la represi\u00f3n, el despojo y la violencia a pobladores que resisten a la conculcaci\u00f3n de sus derechos, lineamientos que hoy son demandas fundamentales de los decidores pol\u00edticos y las organizaciones sociales de la UE que se oponen a que el bloque negocie sin esos lineamientos Acuerdos con MERCOSUR, Canad\u00e1 o Estados Unidos.<\/span><\/p>\n<p>&nbsp;    \t<\/p>\n","protected":false},"excerpt":{"rendered":"<p>Ecuatorianos exponen afectaciones al acceso a medicamentos, econom\u00eda campesina y [&hellip;]<\/p>\n","protected":false},"author":1,"featured_media":4763,"comment_status":"open","ping_status":"open","sticky":false,"template":"","format":"standard","meta":{"_siteseo_robots_primary_cat":"","_joinchat":[],"footnotes":""},"categories":[23],"tags":[],"class_list":["post-4758","post","type-post","status-publish","format-standard","has-post-thumbnail","hentry","category-tlc"],"_links":{"self":[{"href":"https:\/\/cdes.org.ec\/webantigua\/wp-json\/wp\/v2\/posts\/4758","targetHints":{"allow":["GET"]}}],"collection":[{"href":"https:\/\/cdes.org.ec\/webantigua\/wp-json\/wp\/v2\/posts"}],"about":[{"href":"https:\/\/cdes.org.ec\/webantigua\/wp-json\/wp\/v2\/types\/post"}],"author":[{"embeddable":true,"href":"https:\/\/cdes.org.ec\/webantigua\/wp-json\/wp\/v2\/users\/1"}],"replies":[{"embeddable":true,"href":"https:\/\/cdes.org.ec\/webantigua\/wp-json\/wp\/v2\/comments?post=4758"}],"version-history":[{"count":1,"href":"https:\/\/cdes.org.ec\/webantigua\/wp-json\/wp\/v2\/posts\/4758\/revisions"}],"predecessor-version":[{"id":7258,"href":"https:\/\/cdes.org.ec\/webantigua\/wp-json\/wp\/v2\/posts\/4758\/revisions\/7258"}],"wp:featuredmedia":[{"embeddable":true,"href":"https:\/\/cdes.org.ec\/webantigua\/wp-json\/wp\/v2\/media\/4763"}],"wp:attachment":[{"href":"https:\/\/cdes.org.ec\/webantigua\/wp-json\/wp\/v2\/media?parent=4758"}],"wp:term":[{"taxonomy":"category","embeddable":true,"href":"https:\/\/cdes.org.ec\/webantigua\/wp-json\/wp\/v2\/categories?post=4758"},{"taxonomy":"post_tag","embeddable":true,"href":"https:\/\/cdes.org.ec\/webantigua\/wp-json\/wp\/v2\/tags?post=4758"}],"curies":[{"name":"wp","href":"https:\/\/api.w.org\/{rel}","templated":true}]}}