{"id":4787,"date":"2018-03-10T19:59:04","date_gmt":"2018-03-11T00:59:04","guid":{"rendered":"https:\/\/cdes.org.ec\/webantigua\/?p=4787"},"modified":"2018-03-10T19:59:04","modified_gmt":"2018-03-11T00:59:04","slug":"pobreza-rural-en-ecuador-crece-por-primera-vez-en-10-anos-y-llega-al-40","status":"publish","type":"post","link":"https:\/\/cdes.org.ec\/webantigua\/pobreza-rural-en-ecuador-crece-por-primera-vez-en-10-anos-y-llega-al-40\/","title":{"rendered":"Pobreza rural en Ecuador crece por primera vez en 10 a\u00f1os y llega al 40%"},"content":{"rendered":"<p>\u00abLa crisis econ\u00f3mica que est\u00e1 viviendo nuestro pa\u00eds ha hecho que la pobreza haya vuelto a crecer en el \u00e1rea rural, seg\u00fan las estad\u00edsticas oficiales, y que est\u00e9 cercana de nuevo al 40%\u00bb, dijo Ney Barrionuevo.<\/p>\n<p>La pobreza en \u00e1reas rurales de Ecuador creci\u00f3 por primera en una d\u00e9cada, de un alcance del 38% al 40%, un fen\u00f3meno ligado directamente a la ca\u00edda de los precios de la materias primas y la imposibilidad del Gobierno de seguir subsidiando algunas de sus pol\u00edticas de ayuda.<\/p>\n<p>\u00abLa crisis econ\u00f3mica que est\u00e1 viviendo nuestro pa\u00eds ha hecho que la pobreza haya vuelto a crecer en el \u00e1rea rural, seg\u00fan las estad\u00edsticas oficiales, y que est\u00e9 cercana de nuevo al 40%\u00bb, dijo Ney Barrionuevo, lector en Ecuador del Centro Latinoamericano para el Desarrollo Urbano (Rimisp).<\/p>\n<p>En una entrevista en Quito, durante un encuentro en el que esa organizaci\u00f3n present\u00f3 los resultados del \u00faltimo estudio sobre la pobreza en Am\u00e9rica Latina, Barrionuevo se\u00f1al\u00f3 que la de Ecuador lleg\u00f3 a caer hasta el 38%. \u00abEra una baja a un ritmo lento, lento pero sostenido, ahora los problemas de la crisis han hecho que esta pobreza vuelva a crecer\u00bb, matiz\u00f3. Atribuy\u00f3 ese repunte de la pobreza a que se ha concluido un ciclo de altos precios en las materias primas durante casi una d\u00e9cada que trajo consigo una reducci\u00f3n significativa de la pobreza rural en Ecuador y en Am\u00e9rica Latina.<\/p>\n<blockquote class=\"twitter-tweet\" data-lang=\"es\">\n<p dir=\"ltr\" lang=\"es\">Ney Barrionuevo, director de oficina de Ecuador: la superaci\u00f3n de las brechas de pobreza requiere de un esfuerzo de articulaci\u00f3n e informaci\u00f3n adecuada. Panel de expertos, presentaci\u00f3n del Informe Latinoamericano Pobreza y Desigualdad 2017. <a href=\"https:\/\/t.co\/5PlnrmWE8w\">pic.twitter.com\/5PlnrmWE8w<\/a><\/p>\n<p>\u2014 Rimisp (@Rimisp) <a href=\"https:\/\/twitter.com\/Rimisp\/status\/972151208080179201?ref_src=twsrc%5Etfw\">9 de marzo de 2018<\/a><\/p><\/blockquote>\n<p>El petr\u00f3leo es la fuente de ingresos que tiene el Estado ecuatoriano para aplicar subsidios, aunque Barrionuevo se\u00f1ala que tambi\u00e9n se ha producido en materias primas alimentarias, y eso hace que el Gobierno gane menos y subsidiar menos. Ese efecto de cambio en los mercados tambi\u00e9n es aplicable a los ingresos directos de los agricultores porque materias primas como el cacao o la palma han descendido.<\/p>\n<p>\u00abHa habido un cambio en los mercados, el precio del cacao se desplom\u00f3 a medida que Costa del Marfil y Ghana han vuelto a los mercados despu\u00e9s de sus conflictos armados\u00bb, seg\u00fan el investigador. Y advierte que el dato que ofrece es un promedio de la realidad nacional rural, que oculta -como todas las estad\u00edsticas- algunos casos \u00abm\u00e1s lacerantes en la Sierra (andina)\u00bb, donde la pobreza rural puede llegar \u00abal 80 y 85%\u00bb, sobre todo en cantones de campesinos ind\u00edgenas.<\/p>\n<p>Son \u00e1reas donde tambi\u00e9n se registran alt\u00edsimos niveles de desnutrici\u00f3n, a veces tres veces m\u00e1s alto que el promedio nacional ecuatoriano del 25%. \u00abEs a eso a lo que llamamos la brecha de desigualdad entre el campo y la ciudad\u00bb, sentencia Barrionevo e insiste en que hay \u00abuna falta de comprensi\u00f3n integral del problema de la pobreza\u00bb.<small><\/small><\/p>\n<p>Fuente: El Comercio.    \t<\/p>\n","protected":false},"excerpt":{"rendered":"<p>\u00abLa crisis econ\u00f3mica que est\u00e1 viviendo nuestro pa\u00eds ha hecho [&hellip;]<\/p>\n","protected":false},"author":1,"featured_media":4789,"comment_status":"open","ping_status":"open","sticky":false,"template":"","format":"standard","meta":{"_siteseo_robots_primary_cat":"","_joinchat":[],"footnotes":""},"categories":[6],"tags":[17],"class_list":["post-4787","post","type-post","status-publish","format-standard","has-post-thumbnail","hentry","category-campesino","tag-desigualdad"],"_links":{"self":[{"href":"https:\/\/cdes.org.ec\/webantigua\/wp-json\/wp\/v2\/posts\/4787","targetHints":{"allow":["GET"]}}],"collection":[{"href":"https:\/\/cdes.org.ec\/webantigua\/wp-json\/wp\/v2\/posts"}],"about":[{"href":"https:\/\/cdes.org.ec\/webantigua\/wp-json\/wp\/v2\/types\/post"}],"author":[{"embeddable":true,"href":"https:\/\/cdes.org.ec\/webantigua\/wp-json\/wp\/v2\/users\/1"}],"replies":[{"embeddable":true,"href":"https:\/\/cdes.org.ec\/webantigua\/wp-json\/wp\/v2\/comments?post=4787"}],"version-history":[{"count":0,"href":"https:\/\/cdes.org.ec\/webantigua\/wp-json\/wp\/v2\/posts\/4787\/revisions"}],"wp:featuredmedia":[{"embeddable":true,"href":"https:\/\/cdes.org.ec\/webantigua\/wp-json\/wp\/v2\/media\/4789"}],"wp:attachment":[{"href":"https:\/\/cdes.org.ec\/webantigua\/wp-json\/wp\/v2\/media?parent=4787"}],"wp:term":[{"taxonomy":"category","embeddable":true,"href":"https:\/\/cdes.org.ec\/webantigua\/wp-json\/wp\/v2\/categories?post=4787"},{"taxonomy":"post_tag","embeddable":true,"href":"https:\/\/cdes.org.ec\/webantigua\/wp-json\/wp\/v2\/tags?post=4787"}],"curies":[{"name":"wp","href":"https:\/\/api.w.org\/{rel}","templated":true}]}}