{"id":4792,"date":"2018-03-12T16:19:55","date_gmt":"2018-03-12T21:19:55","guid":{"rendered":"https:\/\/cdes.org.ec\/webantigua\/?p=4792"},"modified":"2018-03-12T16:19:55","modified_gmt":"2018-03-12T21:19:55","slug":"el-campo-se-sumerge-en-la-pobreza","status":"publish","type":"post","link":"https:\/\/cdes.org.ec\/webantigua\/el-campo-se-sumerge-en-la-pobreza\/","title":{"rendered":"El campo sumergido en la pobreza"},"content":{"rendered":"<h1>El campo sumergido en la pobreza<\/h1>\n<p><em>Pablo Jos\u00e9 Iturralde -CDES\u00a0<\/em><\/p>\n<p>El sector rural no logra mejorar sus indicadores de pobreza desde hace m\u00e1s de cuatro a\u00f1os. Las cifras oficiales muestran que cuando los mercados internacionales de materias primas declinan, tambi\u00e9n aumentan sus indicadores pobreza y extrema pobreza.<\/p>\n<p>En 2015 (diciembre) la pobreza extrema se increment\u00f3 por primera vez despu\u00e9s de m\u00e1s de una d\u00e9cada, aumentando alrededor de 4 puntos en relaci\u00f3n a 2014 (diciembre). Desde entonces el campo no ha mostrado evidencias de recuperaci\u00f3n.<\/p>\n<p>Para el mes de diciembre del 2014 la pobreza extrema alcanz\u00f3 al 14.3% de la poblaci\u00f3n rural, 17% en 2015, 17.6% en 2016 y 17.9% en 2017.<\/p>\n<p>En cambio, en 2014 el 35.3% de la poblaci\u00f3n rural era pobre, 39.3% en 2015, 38.2% en 2016 y 39.3% en 2017. De nuevo observamos que en el 2015 la pobreza despunto con una elevaci\u00f3n de 4 puntos.<\/p>\n<p><a href=\"https:\/\/cdes.org.ec\/webantigua\/wp-content\/uploads\/2018\/03\/escritorio.png\"><img decoding=\"async\" class=\"wp-image-4793 aligncenter\" src=\"https:\/\/cdes.org.ec\/webantigua\/wp-content\/uploads\/2018\/03\/escritorio.png\" alt=\"\" width=\"470\" height=\"280\" srcset=\"https:\/\/cdes.org.ec\/webantigua\/wp-content\/uploads\/2018\/03\/escritorio-200x119.png 200w, https:\/\/cdes.org.ec\/webantigua\/wp-content\/uploads\/2018\/03\/escritorio-300x179.png 300w, https:\/\/cdes.org.ec\/webantigua\/wp-content\/uploads\/2018\/03\/escritorio-400x238.png 400w, https:\/\/cdes.org.ec\/webantigua\/wp-content\/uploads\/2018\/03\/escritorio-600x357.png 600w, https:\/\/cdes.org.ec\/webantigua\/wp-content\/uploads\/2018\/03\/escritorio-768x457.png 768w, https:\/\/cdes.org.ec\/webantigua\/wp-content\/uploads\/2018\/03\/escritorio-800x476.png 800w, https:\/\/cdes.org.ec\/webantigua\/wp-content\/uploads\/2018\/03\/escritorio.png 936w\" sizes=\"(max-width: 470px) 100vw, 470px\" \/><\/a><\/p>\n<p>Fuente: INEC (<a href=\"http:\/\/www.ecuadorencifras.gob.ec\/documentos\/web-inec\/POBREZA\/2017\/Diciembre\/122017_Pobreza%20pdf.pdf\">aqu\u00ed<\/a>)<\/p>\n<p>Hay que aclarar que, en diciembre de 2017, las variaciones anuales de pobreza rural no fueron estad\u00edsticamente significativas. Lo que quiere decir que en el \u00faltimo a\u00f1o no se dieron variaciones importantes en los indicadores de pobreza rural medidos por esta estad\u00edstica de ingresos.<\/p>\n<p>Por lo tanto, cae en un error la noticia publicada por diario El Comercio, donde se titula que el \u00faltimo a\u00f1o la <a href=\"http:\/\/www.elcomercio.com\/actualidad\/pobreza-rural-ecuador-crece-precios.html\">Pobreza rural en Ecuador crece por primera vez en 10 a\u00f1os y llega al 40%<\/a>, lo que puede llevar a concluir\u00a0otro equ\u00edvoco: que los cambios de pol\u00edtica p\u00fablica que se requieren son de tipo coyuntural o contra c\u00edclico.<\/p>\n<p>Al contrario, la depresi\u00f3n por pobreza que sufre el campo, requiere de transformaciones estructurales orientadas a combatir la dependencia de los mercados internacionales, al mismo tiempo que es fundamental sostener y fortalecer los programas estatales de asistencia social y productiva en los territorios rurales.<\/p>\n<p>No se puede controlar los precios del cacao, las flores o el banano. Pero si podemos tomar medidas para eliminar los intermediarios que reducen el precio de los productores, generar condiciones justas para el trabajo rural y democratizar el cr\u00e9dito y los activos productivos.<\/p>\n<p>Estos son temas claves para combatir la pobreza, pero lamentablemente el debate que parece predominar en los medios de comunicaci\u00f3n y las c\u00e1maras empresariales, empujan las propuestas en un sentido contrario: disminuir la inversi\u00f3n p\u00fablica, flexibilizar el trabajo y eliminar aranceles comerciales a importaciones de alimentos,\u00a0 con seguridad todas esas medidas abonar\u00e1n al crecimiento de la pobreza en el campo.<\/p>\n<p>Fuente: <a href=\"https:\/\/wp.me\/p7iYSS-1fi\">CDES<\/a><\/p>\n<hr \/>\n<p>Contactos:<a href=\"https:\/\/cdes.org.ec\/webantigua\/grupos-economicos-quieren-reducir-impuestos-pero-le-deben-al-estado-2-260-millones-de-dolares\/piturralde@cdes.org.ec\">\u00a0piturralde@cdes.org.ec <\/a>. CDES realiza un seguimiento permanente de Justicia Econ\u00f3mica con el apoyo de la Coalici\u00f3n Flamenca para la Cooperaci\u00f3n Norte-Sur 11.11.11.    \t<\/p>\n","protected":false},"excerpt":{"rendered":"<p>El campo sumergido en la pobreza Pablo Jos\u00e9 Iturralde -CDES\u00a0 [&hellip;]<\/p>\n","protected":false},"author":1,"featured_media":4794,"comment_status":"open","ping_status":"open","sticky":false,"template":"","format":"standard","meta":{"_siteseo_robots_primary_cat":"","_joinchat":[],"footnotes":""},"categories":[6],"tags":[17],"class_list":["post-4792","post","type-post","status-publish","format-standard","has-post-thumbnail","hentry","category-campesino","tag-desigualdad"],"_links":{"self":[{"href":"https:\/\/cdes.org.ec\/webantigua\/wp-json\/wp\/v2\/posts\/4792","targetHints":{"allow":["GET"]}}],"collection":[{"href":"https:\/\/cdes.org.ec\/webantigua\/wp-json\/wp\/v2\/posts"}],"about":[{"href":"https:\/\/cdes.org.ec\/webantigua\/wp-json\/wp\/v2\/types\/post"}],"author":[{"embeddable":true,"href":"https:\/\/cdes.org.ec\/webantigua\/wp-json\/wp\/v2\/users\/1"}],"replies":[{"embeddable":true,"href":"https:\/\/cdes.org.ec\/webantigua\/wp-json\/wp\/v2\/comments?post=4792"}],"version-history":[{"count":0,"href":"https:\/\/cdes.org.ec\/webantigua\/wp-json\/wp\/v2\/posts\/4792\/revisions"}],"wp:featuredmedia":[{"embeddable":true,"href":"https:\/\/cdes.org.ec\/webantigua\/wp-json\/wp\/v2\/media\/4794"}],"wp:attachment":[{"href":"https:\/\/cdes.org.ec\/webantigua\/wp-json\/wp\/v2\/media?parent=4792"}],"wp:term":[{"taxonomy":"category","embeddable":true,"href":"https:\/\/cdes.org.ec\/webantigua\/wp-json\/wp\/v2\/categories?post=4792"},{"taxonomy":"post_tag","embeddable":true,"href":"https:\/\/cdes.org.ec\/webantigua\/wp-json\/wp\/v2\/tags?post=4792"}],"curies":[{"name":"wp","href":"https:\/\/api.w.org\/{rel}","templated":true}]}}