{"id":4821,"date":"2018-03-20T10:18:07","date_gmt":"2018-03-20T10:18:07","guid":{"rendered":"https:\/\/cdes.org.ec\/webantigua\/?p=4821"},"modified":"2021-03-30T14:31:48","modified_gmt":"2021-03-30T14:31:48","slug":"coica-presenta-la-creacion-del-programa-de-defensores-indigenas-de-la-cuenca-amazonica-el-cual-brindara-apoyo-legal-informacion-e-incidencia-en-casos-de-criminalizacion-a-pueblos-indigenas","status":"publish","type":"post","link":"https:\/\/cdes.org.ec\/webantigua\/coica-presenta-la-creacion-del-programa-de-defensores-indigenas-de-la-cuenca-amazonica-el-cual-brindara-apoyo-legal-informacion-e-incidencia-en-casos-de-criminalizacion-a-pueblos-indigenas\/","title":{"rendered":"COICA presenta la creaci\u00f3n del Programa de Defensores Ind\u00edgenas de la Cuenca Amaz\u00f3nica, el cual  brindar\u00e1 apoyo legal, informaci\u00f3n e incidencia en casos de criminalizaci\u00f3n a pueblos ind\u00edgenas"},"content":{"rendered":"<blockquote><p><em>Decisi\u00f3n oficializada con la Declaraci\u00f3n de Quito: \u201cPueblos ind\u00edgenas de la Cuenca Amaz\u00f3nica en defensa de sus derechos y sus territorios para la vida plena y su aporte para enfrentar el cambio clim\u00e1tico global\u201d.<\/em><\/p><\/blockquote>\n<p><a href=\"https:\/\/cdes.org.ec\/webantigua\/wp-content\/uploads\/2018\/03\/Declaracion-de-Quito-refuerza-defensa-de-pueblos-indigenas-amazonicos-617x351.jpg\"><img decoding=\"async\" class=\"size-full wp-image-4822 aligncenter\" src=\"https:\/\/cdes.org.ec\/webantigua\/wp-content\/uploads\/2018\/03\/Declaracion-de-Quito-refuerza-defensa-de-pueblos-indigenas-amazonicos-617x351.jpg\" alt=\"\" width=\"617\" height=\"351\" \/><\/a><\/p>\n<blockquote><p><em>Actualmente los pueblos ind\u00edgenas est\u00e1n siendo maltratados, perseguidos y encarcelados por buscar justicia social y ambiental.<\/em><\/p><\/blockquote>\n<p style=\"text-align: justify;\"><strong><em>Quito, 19 de marzo de 2018.-\u00a0<\/em><\/strong>Como resultado de las sesiones del Comit\u00e9 Directivo de la Coordinadora de Organizaciones Ind\u00edgenas de la Cuenca Amaz\u00f3nica (COICA), que re\u00fane a los nueve pa\u00edses amaz\u00f3nicos, se present\u00f3 la Declaraci\u00f3n de Quito: \u201cPueblos ind\u00edgenas de la Cuenca Amaz\u00f3nica en defensa de sus derechos y sus territorios para la vida plena y su aporte para enfrentar el cambio clim\u00e1tico global\u201d.<\/p>\n<p style=\"text-align: justify;\">Entre otras cuestiones, la declaraci\u00f3n de Quito demanda a los estados nacionales la coherencia en sus pol\u00edticas de desarrollo, respetando los derechos de los pueblos ind\u00edgenas y sus territorios considerando que existe una presi\u00f3n de las inversiones en la Amazon\u00eda, refiri\u00e9ndose con especial \u00e9nfasis a que \u201clas inversiones chinas (concentradas en proyectos extractivos y de mega infraestructura), generan graves problemas, no cumplen con est\u00e1ndares m\u00ednimos internacionales y causan graves impactos ambientales y sociales con una consecuente flexibilizaci\u00f3n de las normas nacionales\u201d.<\/p>\n<p style=\"text-align: justify;\">Asimismo, se denuncia la persecuci\u00f3n y criminalizaci\u00f3n de las y los defensores de los derechos ind\u00edgenas: \u201cNuestros defensores de la Amazon\u00eda no deben ser encarcelados por defender nuestras tierras,\u00a0\u00a0nuestra casa y nuestra vida. Solicitamos que se pare esta persecuci\u00f3n\u201d, se\u00f1al\u00f3 Edwin V\u00e1squez, coordinador general de la COICA. Como respuesta a esta grave situaci\u00f3n, V\u00e1squez present\u00f3 la creaci\u00f3n del\u00a0<strong>Programa de Defensores Ind\u00edgenas de la Cuenca Amaz\u00f3nica.<\/strong><\/p>\n<p style=\"text-align: justify;\">\u201cEs un programa que vamos a armar con una l\u00ednea de apoyo legal, otra de documentaci\u00f3n y una de incidencia, que funcione para que la defensa jur\u00eddica a los hermanos que est\u00e1n siendo criminalizados. Vamos a armar un grupo de trabajo con nuestros aliados, profesionales tambi\u00e9n, para hacer llegar nuestras demandas a la CIDH y a la Corte IDH, as\u00ed como a los organismos multilaterales de las Naciones Unidas. Tambi\u00e9n se capacitar\u00e1 a j\u00f3venes y l\u00edderes en diplomados,\u00a0en universidades as\u00ed como en sus comunidades de origen.\u00a0Faltan profesionales ind\u00edgenas capacitados y este programa lo va a facilitar\u201d. Edwin V\u00e1squez se\u00f1al\u00f3 que se ver\u00e1n los primeros resultados del programa en Macap\u00e1, en la pr\u00f3xima reuni\u00f3n de la COICA en junio de este a\u00f1o.<\/p>\n<p style=\"text-align: justify;\">Por su parte, Lizardo Cauper, Presidente de AIDESEP-Per\u00fa, anunci\u00f3 la firma de un convenio entre los l\u00edderes ind\u00edgenas de Per\u00fa y Ecuador para defender las cuencas sagradas desde el Napo al Mara\u00f1\u00f3n, y evitar los impactos ambientales y sociales de los proyectos de inversi\u00f3n. \u201cDespu\u00e9s de la firma de TLCs se han incrementado los proyectos de desarrollo, imponiendo una forma de desarrollo sin participaci\u00f3n de los pueblos ind\u00edgenas. Nuestros pueblos est\u00e1n siendo maltratados, perseguidos y encarcelados por buscar justicia social y ambiental. No solo estamos luchando para los pueblos ind\u00edgenas, sino tambi\u00e9n para el mundo\u201d, se\u00f1al\u00f3 el l\u00edder de AIDESEP.<\/p>\n<p style=\"text-align: justify;\">\n<p>Fuente:\u00a0https:\/\/goo.gl\/TcVJHZ<\/p>\n<p>&nbsp;<\/p>\n<p>&nbsp;    \t<\/p>\n","protected":false},"excerpt":{"rendered":"<p>Decisi\u00f3n oficializada con la Declaraci\u00f3n de Quito: \u201cPueblos ind\u00edgenas de [&hellip;]<\/p>\n","protected":false},"author":1,"featured_media":4823,"comment_status":"open","ping_status":"open","sticky":false,"template":"","format":"standard","meta":{"_siteseo_robots_primary_cat":"","_joinchat":[],"footnotes":""},"categories":[38],"tags":[],"class_list":["post-4821","post","type-post","status-publish","format-standard","has-post-thumbnail","hentry","category-pueblos-indigenas"],"_links":{"self":[{"href":"https:\/\/cdes.org.ec\/webantigua\/wp-json\/wp\/v2\/posts\/4821","targetHints":{"allow":["GET"]}}],"collection":[{"href":"https:\/\/cdes.org.ec\/webantigua\/wp-json\/wp\/v2\/posts"}],"about":[{"href":"https:\/\/cdes.org.ec\/webantigua\/wp-json\/wp\/v2\/types\/post"}],"author":[{"embeddable":true,"href":"https:\/\/cdes.org.ec\/webantigua\/wp-json\/wp\/v2\/users\/1"}],"replies":[{"embeddable":true,"href":"https:\/\/cdes.org.ec\/webantigua\/wp-json\/wp\/v2\/comments?post=4821"}],"version-history":[{"count":1,"href":"https:\/\/cdes.org.ec\/webantigua\/wp-json\/wp\/v2\/posts\/4821\/revisions"}],"predecessor-version":[{"id":7010,"href":"https:\/\/cdes.org.ec\/webantigua\/wp-json\/wp\/v2\/posts\/4821\/revisions\/7010"}],"wp:featuredmedia":[{"embeddable":true,"href":"https:\/\/cdes.org.ec\/webantigua\/wp-json\/wp\/v2\/media\/4823"}],"wp:attachment":[{"href":"https:\/\/cdes.org.ec\/webantigua\/wp-json\/wp\/v2\/media?parent=4821"}],"wp:term":[{"taxonomy":"category","embeddable":true,"href":"https:\/\/cdes.org.ec\/webantigua\/wp-json\/wp\/v2\/categories?post=4821"},{"taxonomy":"post_tag","embeddable":true,"href":"https:\/\/cdes.org.ec\/webantigua\/wp-json\/wp\/v2\/tags?post=4821"}],"curies":[{"name":"wp","href":"https:\/\/api.w.org\/{rel}","templated":true}]}}