{"id":4831,"date":"2018-03-26T14:03:57","date_gmt":"2018-03-26T14:03:57","guid":{"rendered":"https:\/\/cdes.org.ec\/webantigua\/?p=4831"},"modified":"2021-03-30T14:31:30","modified_gmt":"2021-03-30T14:31:30","slug":"ecuador-hostigamiento-judicial-contra-defensores-amazonicos","status":"publish","type":"post","link":"https:\/\/cdes.org.ec\/webantigua\/ecuador-hostigamiento-judicial-contra-defensores-amazonicos\/","title":{"rendered":"Ecuador: Hostigamiento judicial contra defensores amaz\u00f3nicos"},"content":{"rendered":"<header class=\"article-header\">\n<ul>\n<li class=\"subtitle\"><span style=\"font-size: 12pt;\">L\u00edderes ind\u00edgenas podr\u00edan ser encarcelados por cargos infundados<\/span><\/li>\n<\/ul>\n<p>&nbsp;<\/p>\n<\/header>\n<div class=\"article-content article-content--sidebar clearfix\">\n<div class=\"article-content__primary l-primary\">\n<div class=\"article-body article-body--contained\">\n<div class=\"embed\" data-type=\"image\">\n<figure class=\"embed node node-image multimedia\">\n<div class=\"embed-media\"><span style=\"font-size: 14pt;\"><a class=\"link--modal link--inline-block\" href=\"https:\/\/www.hrw.org\/es\/view-mode\/modal\/316169\"><img decoding=\"async\" src=\"https:\/\/www.hrw.org\/sites\/default\/files\/styles\/16%3A9_946x534\/public\/multimedia_images_2018\/201803americas_ecuador_main_0.jpg?itok=QbKA15In\" sizes=\"(min-width: 77.5em) 946px, (min-width: 48em) calc(100vw - 120px), (min-width: 37.5em) calc(100vw - 70px), calc(100vw - 50px)\" srcset=\"https:\/\/www.hrw.org\/sites\/default\/files\/styles\/294w\/public\/multimedia_images_2018\/201803americas_ecuador_main_0.jpg?itok=jg7PlDfv 294w, https:\/\/www.hrw.org\/sites\/default\/files\/styles\/430w\/public\/multimedia_images_2018\/201803americas_ecuador_main_0.jpg?itok=r8mgIGPA 430w, https:\/\/www.hrw.org\/sites\/default\/files\/styles\/676w\/public\/multimedia_images_2018\/201803americas_ecuador_main_0.jpg?itok=zLNrwcQo 676w, https:\/\/www.hrw.org\/sites\/default\/files\/styles\/946w\/public\/multimedia_images_2018\/201803americas_ecuador_main_0.jpg?itok=yyEOpHHQ 946w, https:\/\/www.hrw.org\/sites\/default\/files\/styles\/1070w\/public\/multimedia_images_2018\/201803americas_ecuador_main_0.jpg?itok=fBqqQPi0 1070w\" alt=\"Miembros de comunidades ind\u00edgenas llegan a Quito tras haber marchado durante diez d\u00edas en protesta contra iniciativas legislativas sobre miner\u00eda y agua.\" \/><\/a><\/span><\/div><figcaption class=\"figure-info clearfix\">\n<h5><span style=\"font-size: 10pt;\">Miembros de comunidades ind\u00edgenas llegan a Quito tras haber marchado durante diez d\u00edas en protesta contra iniciativas legislativas sobre miner\u00eda y agua, as\u00ed como un\u00a0 proyecto de reforma constitucional que habr\u00eda permitido la reelecci\u00f3n indefinida del presidente.\u00a0\u00a9 2015 Jos\u00e9 J\u00e1come\/EFE<\/span><\/h5>\n<\/figcaption><\/figure>\n<\/div>\n<div class=\"embed\" data-type=\"image\">\n<p style=\"text-align: justify;\"><span style=\"font-size: 12pt;\">(Nueva York) \u2013 El gobierno del expresidente Rafael Correa emple\u00f3 de manera abusiva el sistema de justicia penal para actuar contra ambientalistas y l\u00edderes ind\u00edgenas que se manifestaron contra proyectos de miner\u00eda y exploraci\u00f3n petrolera en la Amazon\u00eda, se\u00f1al\u00f3 Human Rights Watch en un informe divulgado hoy. Aunque estas organizaciones trabajan con mayor libertad desde que Len\u00edn Moreno asumi\u00f3 la presidencia, los procesos abusivos iniciados por su antecesor siguen sin ser tratados.<\/span><\/p>\n<p style=\"text-align: justify;\"><span style=\"font-size: 12pt;\">El informe de 32 p\u00e1ginas, <a href=\"http:\/\/www.hrw.org\/es\/node\/316232\">\u201cAmaz\u00f3nicos ante la injusticia: Hostigamiento judicial de l\u00edderes ind\u00edgenas y ambientalistas en Ecuador\u201d<\/a>, evidencia que en tres casos destacados los fiscales no presentaron pruebas suficientes que dieran sustento a graves acusaciones o que justificaran que una investigaci\u00f3n penal se prolongara varios a\u00f1os. El 28 de marzo de 2018, la corte provincial de Morona Santiago se pronunciar\u00e1 en el caso del l\u00edder ind\u00edgena shuar Agust\u00edn Wachap\u00e1, por haber presuntamente incitado a la violencia a trav\u00e9s de una publicaci\u00f3n en Facebook. El 16 de marzo, la misma corte orden\u00f3 la detenci\u00f3n de Pepe Acacho, otro l\u00edder ind\u00edgena shuar, para que cumpliera una pena de c\u00e1rcel por un cargo por el cual nunca tuvo oportunidad de defenderse durante el juicio. El tercer caso es una investigaci\u00f3n penal sobre seis l\u00edderes ind\u00edgenas y una ambientalista que ha permanecido abierta cuatro a\u00f1os y medio, a pesar de que no se esgrimieron pruebas de actos il\u00edcitos.\u201cEl Presidente Correa denigr\u00f3 por cadena nacional de televisi\u00f3n a l\u00edderes ind\u00edgenas y ambientalistas que se opon\u00edan a proyectos del sector extractivo en la Amazon\u00eda, mientras que su Ministerio del Interior busc\u00f3 encarcelar a esos l\u00edderes y clausurar sus organizaciones\u201d, se\u00f1al\u00f3 <a href=\"https:\/\/www.hrw.org\/about\/people\/daniel-wilkinson\">Daniel Wilkinson<\/a>, director adjunto para las Am\u00e9ricas de Human Rights Watch. \u201cAunque el Presidente Moreno ha terminado con el hostigamiento, y las organizaciones ambientalistas ahora act\u00faan con mayor libertad, lamentablemente los procesos judiciales abusivos contin\u00faan\u201d.<\/span><\/p>\n<p style=\"text-align: justify;\"><span style=\"font-size: 12pt;\">Las autoridades ecuatorianas deber\u00edan asegurarse de que ninguno de estos l\u00edderes cumpla penas de prisi\u00f3n por cargos que no puedan fundamentar o que no se hayan probado ante un tribunal.<\/span><\/p>\n<p style=\"text-align: justify;\"><span style=\"font-size: 12pt;\">En su programa semanal de televisi\u00f3n, Correa denigr\u00f3 en reiteradas ocasiones a los l\u00edderes de protestas contra sus pol\u00edticas ambientales, e inst\u00f3 a que fueran sancionados. En 2013, el gobierno de Correa disolvi\u00f3 arbitrariamente la Fundaci\u00f3n Pachamama, una de las organizaciones ambientales m\u00e1s reconocidas del pa\u00eds. En 2016, intent\u00f3 hacer lo mismo con otra importante organizaci\u00f3n ambiental, Acci\u00f3n Ecol\u00f3gica, pero dio marcha atr\u00e1s luego de que la decisi\u00f3n provocara condena internacional. Cinco relatores especiales de las Naciones Unidas describieron el intento de cerrar la organizaci\u00f3n como parte de una \u201cestrategia para asfixiar a la sociedad civil\u201d.<\/span><\/p>\n<p style=\"text-align: justify;\"><span style=\"font-size: 12pt;\">El Ministerio del Interior present\u00f3 una denuncia penal contra Wachap\u00e1 en 2016, lo cual motiv\u00f3 que un fiscal lo acusara de \u201cincitaci\u00f3n a la violencia\u201d. Wachap\u00e1 fue detenido y pas\u00f3 cuatro meses en prisi\u00f3n preventiva en una c\u00e1rcel de m\u00e1xima seguridad, a 300 kil\u00f3metros de su familia. Human Rights Watch tuvo acceso al expediente y el \u00fanico elemento de prueba relevante es una declaraci\u00f3n ambigua publicada en Facebook que, a criterio de Human Rights Watch, es demasiado d\u00e9bil para sustentar las graves acusaciones de la fiscal\u00eda.<\/span><\/p>\n<p style=\"text-align: justify;\"><span style=\"font-size: 12pt;\">En 2010, un fiscal acus\u00f3 a Acacho de \u201cterrorismo\u201d por supuesta incitaci\u00f3n a la violencia durante una protesta organizada en 2009 por la comunidad shuar contra una nueva ley de miner\u00eda. En 2013, un tribunal lo declar\u00f3 culpable y lo conden\u00f3 a 12 a\u00f1os de c\u00e1rcel. Human Rights Watch consult\u00f3 los documentos del juicio, incluidas las transcripciones de los testimonios, y no encontr\u00f3 pruebas cre\u00edbles que justificaran la condena contra Acacho por el delito de terrorismo.<\/span><\/p>\n<blockquote>\n<p style=\"text-align: justify;\"><span style=\"font-size: 14pt; background-color: #f2f2f2;\">El Presidente Correa denigr\u00f3 por cadena nacional de televisi\u00f3n a l\u00edderes ind\u00edgenas y ambientalistas que se opon\u00edan a proyectos del sector extractivo en la Amazon\u00eda, mientras que su Ministerio del Interior busc\u00f3 encarcelar a esos l\u00edderes y clausurar sus organizaciones.<\/span><\/p>\n<\/blockquote>\n<div class=\"embed\" style=\"text-align: justify;\" data-type=\"quote\">\n<figure class=\"embed block--ruled quote node node-quote align-left multimedia\"><figcaption class=\"vcard quote-credit\">\n<h4 class=\"fn quote-name\"><span style=\"font-size: 12pt;\">Daniel Wilkinson (Director ejecutivo adjunto para las Am\u00e9ricas)<\/span><\/h4>\n<p class=\"title quote-title\"><span style=\"font-size: 12pt;\">Acacho apel\u00f3 la decisi\u00f3n ante la Corte Nacional de Justicia, que en enero de 2018 revoc\u00f3 la condena por terrorismo, pero lo conden\u00f3 por \u201cilegalmente imp[edir] el libre tr\u00e1nsito de veh\u00edculos, personas o mercader\u00edas\u201d y le fij\u00f3 una pena de ocho meses de c\u00e1rcel. En realidad nunca fue juzgado por este delito, y no tuvo el motivo ni la oportunidad para objetar los hechos sobre los que se bas\u00f3 la acusaci\u00f3n durante el juicio por terrorismo. La justicia orden\u00f3 su detenci\u00f3n el 16 de marzo, horas despu\u00e9s de que su abogado defensor presentara un recurso constitucional que podr\u00eda anular su condena. Podr\u00eda ser obligado a cumplir una pena de c\u00e1rcel por un delito del que nunca tuvo la oportunidad de defenderse en juicio.<\/span><\/p>\n<\/figcaption><\/figure>\n<\/div>\n<p style=\"text-align: justify;\"><span style=\"font-size: 12pt;\">En 2013, funcionarios del gobierno de Correa presentaron una denuncia penal contra seis l\u00edderes ind\u00edgenas y una ambientalista que protestaron contra la exploraci\u00f3n petrolera en la Amazon\u00eda. El Presidente Correa hab\u00eda respondido por televisi\u00f3n nacional a un incidente aislado de violencia ocurrido en la protesta, calificando a los l\u00edderes ind\u00edgenas y ambientalistas de \u201cgente violenta, mala, muchas veces corrupta\u201d e instando a su ministro del Interior a que los investigara. M\u00e1s de cuatro a\u00f1os m\u00e1s tarde la investigaci\u00f3n penal sigue abierta a pesar de no haber generado evidencia contra los activistas, y contin\u00faa pesando sobre ellos.<\/span><\/p>\n<p style=\"text-align: justify;\"><span style=\"font-size: 12pt;\">Desde que asumi\u00f3 la presidencia, Moreno ha abierto un di\u00e1logo con ambientalistas, l\u00edderes ind\u00edgenas y otros cr\u00edticos del gobierno. Su gobierno reinstaur\u00f3 la Fundaci\u00f3n Pachamama. En contraste con estas iniciativas positivas, los procesos penales abusivos siguen sin ser abordados.<\/span><\/p>\n<p style=\"text-align: justify;\"><span style=\"font-size: 12pt;\">El Presidente Moreno deber\u00eda asegurar que se designe un \u00f3rgano de investigaci\u00f3n independiente y cre\u00edble para que analice el modo en que las autoridades judiciales y la Fiscal\u00eda General del Estado impulsaron los casos documentados por Human Rights Watch, y otros casos iniciados recientemente\u00a0durante el gobierno de Correa.<\/span><\/p>\n<p style=\"text-align: justify;\"><span style=\"font-size: 12pt;\">\u201cEl Presidente Moreno \u2014as\u00ed como las autoridades judiciales y legislativas\u2014 deben tomar medidas m\u00e1s en\u00e9rgicas para revertir el da\u00f1o provocado por las pr\u00e1cticas autoritarias de Correa frente a cr\u00edticos de sus pol\u00edticas ambientales\u201d, se\u00f1al\u00f3 Wilkinson. \u201cEsto implica poner fin de inmediato al hostigamiento judicial contra l\u00edderes ind\u00edgenas y ambientalistas, revertir el da\u00f1o que ya se ha hecho y adoptar medidas para que esto nunca vuelva a ocurrir\u201d.<\/span><\/p>\n<\/div>\n<\/div>\n<div class=\"donation-promo--two-column\" style=\"text-align: justify;\"><\/div>\n<\/div>\n<div><span style=\"font-size: 12pt;\"><strong>Fuente:<\/strong> \u00a0https:\/\/www.hrw.org\/es\/news\/2018\/03\/26\/ecuador-hostigamiento-judicial-contra-defensores-amazonicos<\/span><\/div>\n<\/div>\n","protected":false},"excerpt":{"rendered":"<p>L\u00edderes ind\u00edgenas podr\u00edan ser encarcelados por cargos infundados &nbsp; Miembros [&hellip;]<\/p>\n","protected":false},"author":1,"featured_media":4721,"comment_status":"open","ping_status":"open","sticky":false,"template":"","format":"standard","meta":{"_siteseo_robots_primary_cat":"","_joinchat":[],"footnotes":""},"categories":[38],"tags":[33,11],"class_list":["post-4831","post","type-post","status-publish","format-standard","has-post-thumbnail","hentry","category-pueblos-indigenas","tag-consultaprevia","tag-extractivismo"],"_links":{"self":[{"href":"https:\/\/cdes.org.ec\/webantigua\/wp-json\/wp\/v2\/posts\/4831","targetHints":{"allow":["GET"]}}],"collection":[{"href":"https:\/\/cdes.org.ec\/webantigua\/wp-json\/wp\/v2\/posts"}],"about":[{"href":"https:\/\/cdes.org.ec\/webantigua\/wp-json\/wp\/v2\/types\/post"}],"author":[{"embeddable":true,"href":"https:\/\/cdes.org.ec\/webantigua\/wp-json\/wp\/v2\/users\/1"}],"replies":[{"embeddable":true,"href":"https:\/\/cdes.org.ec\/webantigua\/wp-json\/wp\/v2\/comments?post=4831"}],"version-history":[{"count":1,"href":"https:\/\/cdes.org.ec\/webantigua\/wp-json\/wp\/v2\/posts\/4831\/revisions"}],"predecessor-version":[{"id":7009,"href":"https:\/\/cdes.org.ec\/webantigua\/wp-json\/wp\/v2\/posts\/4831\/revisions\/7009"}],"wp:featuredmedia":[{"embeddable":true,"href":"https:\/\/cdes.org.ec\/webantigua\/wp-json\/wp\/v2\/media\/4721"}],"wp:attachment":[{"href":"https:\/\/cdes.org.ec\/webantigua\/wp-json\/wp\/v2\/media?parent=4831"}],"wp:term":[{"taxonomy":"category","embeddable":true,"href":"https:\/\/cdes.org.ec\/webantigua\/wp-json\/wp\/v2\/categories?post=4831"},{"taxonomy":"post_tag","embeddable":true,"href":"https:\/\/cdes.org.ec\/webantigua\/wp-json\/wp\/v2\/tags?post=4831"}],"curies":[{"name":"wp","href":"https:\/\/api.w.org\/{rel}","templated":true}]}}