{"id":4936,"date":"2018-05-30T09:12:20","date_gmt":"2018-05-30T14:12:20","guid":{"rendered":"https:\/\/cdes.org.ec\/webantigua\/?p=4936"},"modified":"2018-05-30T09:12:20","modified_gmt":"2018-05-30T14:12:20","slug":"comunicado-odet-sobre-la-restitucion-de-informacion-de-grupos-economicos","status":"publish","type":"post","link":"https:\/\/cdes.org.ec\/webantigua\/comunicado-odet-sobre-la-restitucion-de-informacion-de-grupos-economicos\/","title":{"rendered":"COMUNICADO ODET: SOBRE LA RESTITUCI\u00d3N DE INFORMACI\u00d3N DE GRUPOS ECON\u00d3MICOS"},"content":{"rendered":"<div class=\"_TY9i _1DUY1 _14s5m\" data-block=\"true\" data-editor=\"5uqpo\" data-offset-key=\"dsrdv-0-0\">\n<div class=\"public-DraftStyleDefault-block public-DraftStyleDefault-ltr\" data-offset-key=\"dsrdv-0-0\"><span data-offset-key=\"dsrdv-0-0\">En respuesta al <\/span><a class=\"link__link___3mwwd blog-link-hashtag-color _1ZLfe\" href=\"https:\/\/www.odetobservatorio.com\/members\/pabloiturralderuiz\/about\" target=\"_top\" rel=\"noopener\"><span data-offset-key=\"dsrdv-1-0\">#ODETAlerta del 23 de mayo de 2018<\/span><\/a><span data-offset-key=\"dsrdv-2-0\">, en relaci\u00f3n a la eliminaci\u00f3n de las cifras del comportamiento tributario de grupos econ\u00f3micos, el Servicio de Rentas Internas (SRI) invit\u00f3 a los miembros del ODET a sostener una reuni\u00f3n de trabajo a fin de constatar la disponibilidad de la informaci\u00f3n en l\u00ednea.<\/span><\/div>\n<\/div>\n<div class=\"_TY9i _1DUY1 _14s5m\" data-block=\"true\" data-editor=\"5uqpo\" data-offset-key=\"cfrgu-0-0\">\n<div class=\"public-DraftStyleDefault-block public-DraftStyleDefault-ltr\" data-offset-key=\"cfrgu-0-0\"><span data-offset-key=\"cfrgu-0-0\">En la reuni\u00f3n mantenida con el Subdirector General de Cumplimiento Tributario, Ing. Gabriel Gallegos A, se verific\u00f3 el <\/span><span data-offset-key=\"cfrgu-0-1\">restablecimiento del detalle faltante del catastro de grupos econ\u00f3micos<\/span><span data-offset-key=\"cfrgu-0-2\"> \u2013 tanto en la hoja de Excel como en la ventana de visualizaci\u00f3n \u2013 al tiempo de sustanciar las razones por las que la informaci\u00f3n desapareci\u00f3 temporalmente de las pesta\u00f1as de Excel en la versi\u00f3n disponible hasta el d\u00eda jueves 24 de mayo. <\/span><\/div>\n<\/div>\n<div class=\"_TY9i _1DUY1 _14s5m\" data-block=\"true\" data-editor=\"5uqpo\" data-offset-key=\"d9705-0-0\">&#8230; leer m\u00e1s <a href=\"https:\/\/www.odetobservatorio.com\/articulos\/comunicado-odet-sobre-la-restituci%C3%B3n-de-la-informaci%C3%B3n-de-grupos-econ%C3%B3micos\">aqu\u00ed<\/a><\/div>\n","protected":false},"excerpt":{"rendered":"<p>En respuesta al #ODETAlerta del 23 de mayo de 2018, [&hellip;]<\/p>\n","protected":false},"author":1,"featured_media":4937,"comment_status":"open","ping_status":"open","sticky":false,"template":"","format":"standard","meta":{"_siteseo_robots_primary_cat":"","_joinchat":[],"footnotes":""},"categories":[9],"tags":[32],"class_list":["post-4936","post","type-post","status-publish","format-standard","has-post-thumbnail","hentry","category-justiciafiscal","tag-grupos-economicos"],"_links":{"self":[{"href":"https:\/\/cdes.org.ec\/webantigua\/wp-json\/wp\/v2\/posts\/4936","targetHints":{"allow":["GET"]}}],"collection":[{"href":"https:\/\/cdes.org.ec\/webantigua\/wp-json\/wp\/v2\/posts"}],"about":[{"href":"https:\/\/cdes.org.ec\/webantigua\/wp-json\/wp\/v2\/types\/post"}],"author":[{"embeddable":true,"href":"https:\/\/cdes.org.ec\/webantigua\/wp-json\/wp\/v2\/users\/1"}],"replies":[{"embeddable":true,"href":"https:\/\/cdes.org.ec\/webantigua\/wp-json\/wp\/v2\/comments?post=4936"}],"version-history":[{"count":0,"href":"https:\/\/cdes.org.ec\/webantigua\/wp-json\/wp\/v2\/posts\/4936\/revisions"}],"wp:featuredmedia":[{"embeddable":true,"href":"https:\/\/cdes.org.ec\/webantigua\/wp-json\/wp\/v2\/media\/4937"}],"wp:attachment":[{"href":"https:\/\/cdes.org.ec\/webantigua\/wp-json\/wp\/v2\/media?parent=4936"}],"wp:term":[{"taxonomy":"category","embeddable":true,"href":"https:\/\/cdes.org.ec\/webantigua\/wp-json\/wp\/v2\/categories?post=4936"},{"taxonomy":"post_tag","embeddable":true,"href":"https:\/\/cdes.org.ec\/webantigua\/wp-json\/wp\/v2\/tags?post=4936"}],"curies":[{"name":"wp","href":"https:\/\/api.w.org\/{rel}","templated":true}]}}