{"id":4978,"date":"2018-06-16T23:16:25","date_gmt":"2018-06-16T23:16:25","guid":{"rendered":"https:\/\/cdes.org.ec\/webantigua\/?p=4978"},"modified":"2021-04-25T09:31:09","modified_gmt":"2021-04-25T09:31:09","slug":"la-ciudadania-se-reorganiza-para-enfrentar-tlc","status":"publish","type":"post","link":"https:\/\/cdes.org.ec\/webantigua\/la-ciudadania-se-reorganiza-para-enfrentar-tlc\/","title":{"rendered":"LA CIUDADAN\u00cdA SE REORGANIZA PARA ENFRENTAR TLC"},"content":{"rendered":"<div class=\"body-content no-pattern jaw_image_cropping_1 jaw_image_hover_type_zoomie jaw_input_effect_ jaw_to_top_mobile_tablet jaw_prettyphoto_gallery_0 jaw-showup-video-on\">\n<div id=\"container\" class=\"container\" role=\"document\">\n<div id=\"template-box\">\n<div id=\"header\">\n<div class=\"row-fullwidth jaw-head\">\n<div class=\"row mobile-main-menu-bar mobile-menu-preset-ts_0040000000020\">\n<div class=\"jw-mobile-menu-wrapper\">\n<div class=\"jw-mobile-menu-bar \">\n<div class=\"jw-mobile-search closed\">\n<form id=\"searchform\" role=\"search\" action=\"http:\/\/agenciaecologista.info\/\" method=\"get\">\n<div class=\"search-box jaw-search-closed\">\n<div class=\"search-input \"><a style=\"font-size: 14px;\" href=\"http:\/\/agenciaecologista.info\/2018\/06\/15\/mirada-impactos-al-libre-comercio-ecuador-audios-debatir\/\">\u00a0<\/a><\/div>\n<\/div>\n<\/form>\n<\/div>\n<\/div>\n<\/div>\n<\/div>\n<\/div>\n<\/div>\n<div id=\"main\" class=\"row jw-fixed-sidebar-box\">\n<div id=\"content\" class=\"post-preset-ts_0040000000000 col-lg-12 col-md-12 col-sm-12 col-xs-12 fullwidth_sidebar\">\n<div class=\"post-box builder-section post-bar_type_1\">\n<article id=\"post-3516\" class=\"fullwidth col-lg-12 col-md-12 col-sm-12 col-xs-12 content jaw-single image_caption_toggle-1 post-3516 post type-post status-publish format-standard has-post-thumbnail hentry category-destacado category-noticias format- element\">\n<div class=\"entry-content\">\n<div class=\"more-text\">\n<div class=\"row jw-fixed-sidebar-box\">\n<div class=\"jaw-after-perex jaw-sidebox-position-left col-lg-9 col-md-9 col-sm-12 col-xs-12 jaw-after-perex\">\n<div class=\"row\">\n<div class=\" col-lg-12 col-md-12 col-sm-12 col-xs-12 \">\n<p>Reproducimos esta publicaci\u00f3n de la Agencia de Noticias Tegantai, sobre el evento\u00a0<a href=\"https:\/\/cdes.org.ec\/webantigua\/taller-impactos-de-los-tratados-de-libre-comercio\/\">IMPACTOS DE LOS TRATADOS Y ACUERDOS DE LIBRE COMERCIO. HACIA LA RECOMPOSICI\u00d3N DE LAS LUCHAS POR LA SOBERAN\u00cdA Y UN MODELO ECON\u00d3MICO<\/a>, que se realiz\u00f3 el 13 de junio en Flacso Andes (Quito).<\/p>\n<h1 class=\"entry-title\">Impactos al Libre Comercio en Ecuador. Audios para debatir<\/h1>\n<p style=\"text-align: justify;\">Los Impactos por un posible Acuerdo Comercial en forma de Tratado con Estados Unidos de Am\u00e9rica es una discusi\u00f3n importante en estos momentos, sobre todo cuando el presidente Donald Trump ha hecho expl\u00edcito sus inconvenientes tras la renegociaci\u00f3n del NAFTA con M\u00e9xico; aludiendo que los mexicanos se han aprovechado de Estados Unidos; as\u00ed lo afirma Jeremy Rayner investigador del Instituro de Altos Estudios Nacionales del Ecuador.<\/p>\n<p style=\"text-align: justify;\">As\u00ed empez\u00f3 el Foro sobre los Impactos de los Tratados y Acuerdos de Libre Comercio, realizado en la instalaciones de la FLACSO el pasado 13 de junio. El coordinador de la iniciativa para reflexionar sobre el tema es David Su\u00e1rez, del CDES, explic\u00f3 al inicio la importancia de:<\/p>\n<blockquote><p><span style=\"font-size: 20px;\">\u2026Recuperar el debate, an\u00e1lisis y reflexi\u00f3n pol\u00edtica sobre los Acuerdos Comerciales en el Ecuador. Esto es una plataforma con moviminetos sociales, ind\u00edgenas, campesinos, ecologistas y sociedad civil sensible al tema.<\/span><\/p><\/blockquote>\n<p style=\"text-align: justify;\">Tras la firma de Ecuador en un TLC con la Uni\u00f3n Europea, se ha puesto en an\u00e1lisis, las repercusiones que trae consigo dicho acuerdo; sobre todo por que Colombia como Per\u00fa, pa\u00edses fronterizos; ya presentan problemas serios con el campesinado.<\/p>\n<p style=\"text-align: justify;\">El investigador Jeremy Rayner del IAEN, junto con Sara Caria, analizaron los beneficios reales de las transacionales y las repercusiones de la experiencia mexicana con el NAFTA a sus 24 a\u00f1os de haberse aprobado; y que justo con la entrada de Donald Trump el propio proceso del Acuerdo se esta revisando.<\/p>\n<p style=\"text-align: justify;\">Elizabeth Bravo, investigadora y activista de Acci\u00f3n Ecol\u00f3gica menci\u00f3no en temas agropecuarios las repercusiones del TLC con la UE; resaltando los beneficios que las empresas tienen con tremendo acuerdo que rompe las cadenas productivas de peque\u00f1a escala con los y las campesinos en general.<\/p>\n<p style=\"text-align: justify;\"><strong>Compartimos los audios completos del panel.<\/strong><\/p>\n<p><img decoding=\"async\" class=\"alignnone wp-image-3526 size-full\" src=\"http:\/\/agenciaecologista.info\/wp-content\/uploads\/2018\/06\/foto6-1.jpg\" alt=\"\" width=\"1000\" height=\"667\" \/><\/p>\n<p><!-- [if lt IE 9]><script>document.createElement('audio');<\/script><![endif]--><br \/>\n<audio id=\"audio-3516-1\" class=\"wp-audio-shortcode\" style=\"width: 100%;\" preload=\"none\" controls=\"controls\"><source type=\"audio\/mpeg\" src=\"http:\/\/old.agenciaecologista.info\/web\/audios\/2018\/13jun\/Intro%20David%20Suarez%20y%20palabras%20de%20Paulina%20Munoz.mp3?_=1\" \/><a href=\"http:\/\/old.agenciaecologista.info\/web\/audios\/2018\/13jun\/Intro%20David%20Suarez%20y%20palabras%20de%20Paulina%20Munoz.mp3\">http:\/\/old.agenciaecologista.info\/web\/audios\/2018\/13jun\/Intro%20David%20Suarez%20y%20palabras%20de%20Paulina%20Munoz.mp3<\/a><\/audio><\/p>\n<p><b>Bienvenida a cargo de David Su\u00e1rez del CEDES. Palabras de inicio por Paulina Mu\u00f1oz, activista de Ecuador Inmediato<\/b><\/p>\n<p>&nbsp;<\/p>\n<p><img decoding=\"async\" class=\"alignnone wp-image-3522 size-full\" src=\"http:\/\/agenciaecologista.info\/wp-content\/uploads\/2018\/06\/foto2.jpg\" alt=\"\" width=\"1000\" height=\"667\" \/><\/p>\n<p><audio id=\"audio-3516-2\" class=\"wp-audio-shortcode\" style=\"width: 100%;\" preload=\"none\" controls=\"controls\"><source type=\"audio\/mpeg\" src=\"http:\/\/old.agenciaecologista.info\/web\/audios\/2018\/13jun\/Jeremy_IEC.mp3?_=2\" \/><a href=\"http:\/\/old.agenciaecologista.info\/web\/audios\/2018\/13jun\/Jeremy_IEC.mp3\">http:\/\/old.agenciaecologista.info\/web\/audios\/2018\/13jun\/Jeremy_IEC.mp3<\/a><\/audio><\/p>\n<p><b>Palabras del investigador Jeremy Rayner del IAEN<\/b><\/p>\n<p><img decoding=\"async\" class=\"alignnone wp-image-3524 size-full\" src=\"http:\/\/agenciaecologista.info\/wp-content\/uploads\/2018\/06\/foto4.jpg\" alt=\"\" width=\"1000\" height=\"667\" \/><\/p>\n<p><audio id=\"audio-3516-3\" class=\"wp-audio-shortcode\" style=\"width: 100%;\" preload=\"none\" controls=\"controls\"><source type=\"audio\/mpeg\" src=\"http:\/\/old.agenciaecologista.info\/web\/audios\/2018\/13jun\/Sara_IAEN.mp3?_=3\" \/><a href=\"http:\/\/old.agenciaecologista.info\/web\/audios\/2018\/13jun\/Sara_IAEN.mp3\">http:\/\/old.agenciaecologista.info\/web\/audios\/2018\/13jun\/Sara_IAEN.mp3<\/a><\/audio><\/p>\n<p><b>Palabras del investigadora Sara Caria del IAEN<\/b><\/p>\n<p><img decoding=\"async\" class=\"alignnone wp-image-3525 size-full\" src=\"http:\/\/agenciaecologista.info\/wp-content\/uploads\/2018\/06\/foto5.jpg\" alt=\"\" width=\"1000\" height=\"667\" \/><\/p>\n<p><audio id=\"audio-3516-4\" class=\"wp-audio-shortcode\" style=\"width: 100%;\" preload=\"none\" controls=\"controls\"><source type=\"audio\/mpeg\" src=\"http:\/\/old.agenciaecologista.info\/web\/audios\/2018\/13jun\/elizabeth_bravo_AE.mp3?_=4\" \/><a href=\"http:\/\/old.agenciaecologista.info\/web\/audios\/2018\/13jun\/elizabeth_bravo_AE.mp3\">http:\/\/old.agenciaecologista.info\/web\/audios\/2018\/13jun\/elizabeth_bravo_AE.mp3<\/a><\/audio><\/p>\n<p><b>Palabras de la investigadora y activista Elizabeth Bravo de Acci\u00f3n Ecol\u00f3gica<\/b><\/p>\n<p><a href=\"http:\/\/agenciaecologista.info\/2018\/06\/15\/mirada-impactos-al-libre-comercio-ecuador-audios-debatir\/\">Fuente<\/a>.<\/p>\n<p><!-- Simple Share Buttons Adder (7.3.10) simplesharebuttons.com --><\/p>\n<\/div>\n<\/div>\n<\/div>\n<\/div>\n<\/div>\n<\/div>\n<\/article>\n<\/div>\n<\/div>\n<\/div>\n<\/div>\n<\/div>\n<\/div>\n<div id=\"pum-100\" class=\"pum pum-overlay pum-theme-99 pum-theme-jawpopuptheme popmake-overlay click_open\" role=\"dialog\" data-popmake=\"{&quot;id&quot;:100,&quot;slug&quot;:&quot;submitmessage&quot;,&quot;theme_id&quot;:99,&quot;cookies&quot;:[],&quot;triggers&quot;:[{&quot;type&quot;:&quot;click_open&quot;,&quot;settings&quot;:{&quot;extra_selectors&quot;:&quot;&quot;,&quot;cookie&quot;:{&quot;name&quot;:null}}}],&quot;mobile_disabled&quot;:null,&quot;tablet_disabled&quot;:null,&quot;meta&quot;:{&quot;display&quot;:{&quot;stackable&quot;:false,&quot;overlay_disabled&quot;:false,&quot;scrollable_content&quot;:false,&quot;size&quot;:&quot;tiny&quot;,&quot;responsive_min_width&quot;:&quot;&quot;,&quot;responsive_min_width_unit&quot;:&quot;px&quot;,&quot;responsive_max_width&quot;:&quot;&quot;,&quot;responsive_max_width_unit&quot;:&quot;px&quot;,&quot;custom_width&quot;:&quot;640&quot;,&quot;custom_width_unit&quot;:&quot;px&quot;,&quot;custom_height&quot;:&quot;380&quot;,&quot;custom_height_unit&quot;:&quot;px&quot;,&quot;custom_height_auto&quot;:true,&quot;location&quot;:&quot;center top&quot;,&quot;position_top&quot;:&quot;100&quot;,&quot;position_left&quot;:&quot;0&quot;,&quot;position_bottom&quot;:&quot;0&quot;,&quot;position_right&quot;:&quot;0&quot;,&quot;position_fixed&quot;:&quot;1&quot;,&quot;animation_type&quot;:&quot;fade&quot;,&quot;animation_speed&quot;:&quot;350&quot;,&quot;animation_origin&quot;:&quot;center top&quot;,&quot;overlay_zindex&quot;:&quot;1999999998&quot;,&quot;zindex&quot;:&quot;1999999999&quot;},&quot;close&quot;:{&quot;text&quot;:&quot;&quot;,&quot;button_delay&quot;:&quot;0&quot;,&quot;overlay_click&quot;:false,&quot;esc_press&quot;:false,&quot;f4_press&quot;:false},&quot;click_open&quot;:{&quot;extra_selectors&quot;:&quot;&quot;}}}\" aria-hidden=\"true\" aria-labelledby=\"pum_popup_title_100\">\n<div id=\"popmake-100\" class=\"pum-container popmake theme-99 pum-responsive pum-responsive-tiny responsive size-tiny pum-position-fixed\"><\/div>\n<\/div>\n<p>&nbsp;    \t<\/p>\n","protected":false},"excerpt":{"rendered":"<p>\u00a0 Reproducimos esta publicaci\u00f3n de la Agencia de Noticias Tegantai, [&hellip;]<\/p>\n","protected":false},"author":1,"featured_media":4981,"comment_status":"open","ping_status":"open","sticky":false,"template":"","format":"standard","meta":{"_siteseo_robots_primary_cat":"","_joinchat":[],"footnotes":""},"categories":[23],"tags":[],"class_list":["post-4978","post","type-post","status-publish","format-standard","has-post-thumbnail","hentry","category-tlc"],"_links":{"self":[{"href":"https:\/\/cdes.org.ec\/webantigua\/wp-json\/wp\/v2\/posts\/4978","targetHints":{"allow":["GET"]}}],"collection":[{"href":"https:\/\/cdes.org.ec\/webantigua\/wp-json\/wp\/v2\/posts"}],"about":[{"href":"https:\/\/cdes.org.ec\/webantigua\/wp-json\/wp\/v2\/types\/post"}],"author":[{"embeddable":true,"href":"https:\/\/cdes.org.ec\/webantigua\/wp-json\/wp\/v2\/users\/1"}],"replies":[{"embeddable":true,"href":"https:\/\/cdes.org.ec\/webantigua\/wp-json\/wp\/v2\/comments?post=4978"}],"version-history":[{"count":1,"href":"https:\/\/cdes.org.ec\/webantigua\/wp-json\/wp\/v2\/posts\/4978\/revisions"}],"predecessor-version":[{"id":7253,"href":"https:\/\/cdes.org.ec\/webantigua\/wp-json\/wp\/v2\/posts\/4978\/revisions\/7253"}],"wp:featuredmedia":[{"embeddable":true,"href":"https:\/\/cdes.org.ec\/webantigua\/wp-json\/wp\/v2\/media\/4981"}],"wp:attachment":[{"href":"https:\/\/cdes.org.ec\/webantigua\/wp-json\/wp\/v2\/media?parent=4978"}],"wp:term":[{"taxonomy":"category","embeddable":true,"href":"https:\/\/cdes.org.ec\/webantigua\/wp-json\/wp\/v2\/categories?post=4978"},{"taxonomy":"post_tag","embeddable":true,"href":"https:\/\/cdes.org.ec\/webantigua\/wp-json\/wp\/v2\/tags?post=4978"}],"curies":[{"name":"wp","href":"https:\/\/api.w.org\/{rel}","templated":true}]}}