{"id":5022,"date":"2018-07-12T13:23:15","date_gmt":"2018-07-12T18:23:15","guid":{"rendered":"https:\/\/cdes.org.ec\/webantigua\/?p=5022"},"modified":"2018-07-12T13:23:15","modified_gmt":"2018-07-12T18:23:15","slug":"un-juicio-historico-indigenas-y-campesinos-ganan-lucha-contra-chevron","status":"publish","type":"post","link":"https:\/\/cdes.org.ec\/webantigua\/un-juicio-historico-indigenas-y-campesinos-ganan-lucha-contra-chevron\/","title":{"rendered":"Un juicio hist\u00f3rico: ind\u00edgenas y campesinos ganan lucha contra Chevr\u00f3n"},"content":{"rendered":"<h1 class=\"post-title item fn\">Corte Constitucional Neg\u00f3 la Acci\u00f3n Extraoridnaria de Protecci\u00f3n solicitada por Chevron<\/h1>\n<p><strong>BOLETIN DE PRENSA<\/strong><\/p>\n<p><em>11 de julio de 2018<\/em><\/p>\n<blockquote><p><strong>La Corte Constitucional de Ecuador notific\u00f3 a las partes la resoluci\u00f3n en la que niega la acci\u00f3n de protecci\u00f3n solicitada por Chevron. Esta acci\u00f3n ten\u00eda por objetivo evitar el pago de la sentencia que le impusieron las Cortes de Justicia de Ecuador, y as\u00ed evadir su responsabilidad legal por la reparaci\u00f3n de las zonas contaminadas.<\/strong><\/p><\/blockquote>\n<p><a href=\"https:\/\/cdes.org.ec\/webantigua\/wp-content\/uploads\/2018\/07\/WhatsApp-Image-2018-07-12-at-1.05.22-PM.jpeg\"><img decoding=\"async\" class=\"aligncenter size-full wp-image-5023\" src=\"https:\/\/cdes.org.ec\/webantigua\/wp-content\/uploads\/2018\/07\/WhatsApp-Image-2018-07-12-at-1.05.22-PM.jpeg\" alt=\"\" width=\"1280\" height=\"960\" srcset=\"https:\/\/cdes.org.ec\/webantigua\/wp-content\/uploads\/2018\/07\/WhatsApp-Image-2018-07-12-at-1.05.22-PM-200x150.jpeg 200w, https:\/\/cdes.org.ec\/webantigua\/wp-content\/uploads\/2018\/07\/WhatsApp-Image-2018-07-12-at-1.05.22-PM-300x225.jpeg 300w, https:\/\/cdes.org.ec\/webantigua\/wp-content\/uploads\/2018\/07\/WhatsApp-Image-2018-07-12-at-1.05.22-PM-400x300.jpeg 400w, https:\/\/cdes.org.ec\/webantigua\/wp-content\/uploads\/2018\/07\/WhatsApp-Image-2018-07-12-at-1.05.22-PM-600x450.jpeg 600w, https:\/\/cdes.org.ec\/webantigua\/wp-content\/uploads\/2018\/07\/WhatsApp-Image-2018-07-12-at-1.05.22-PM-768x576.jpeg 768w, https:\/\/cdes.org.ec\/webantigua\/wp-content\/uploads\/2018\/07\/WhatsApp-Image-2018-07-12-at-1.05.22-PM-800x600.jpeg 800w, https:\/\/cdes.org.ec\/webantigua\/wp-content\/uploads\/2018\/07\/WhatsApp-Image-2018-07-12-at-1.05.22-PM-1024x768.jpeg 1024w, https:\/\/cdes.org.ec\/webantigua\/wp-content\/uploads\/2018\/07\/WhatsApp-Image-2018-07-12-at-1.05.22-PM-1200x900.jpeg 1200w, https:\/\/cdes.org.ec\/webantigua\/wp-content\/uploads\/2018\/07\/WhatsApp-Image-2018-07-12-at-1.05.22-PM.jpeg 1280w\" sizes=\"(max-width: 1280px) 100vw, 1280px\" \/><\/a><\/p>\n<p>La tarde de ayer, mediante notificaci\u00f3n enviada a los abogados de las partes, la Corte Constitucional dio a conocer oficialmente la resoluci\u00f3n del pleno llevado a cabo el d\u00eda mi\u00e9rcoles 27 de junio del a\u00f1o en curso y que niega la acci\u00f3n extraordinaria de protecci\u00f3n.\u00a0 Con esta resoluci\u00f3n culminan todos los recursos disponibles en Ecuador dentro de este proceso judicial.<\/p>\n<p>En un extenso documento de 151 p\u00e1ginas la Corte Constitucional detalla toda la argumentaci\u00f3n que le lleva a \u201cDeclarar que no existe vulneraci\u00f3n de derechos constitucionales\u201d; y, \u201cNegar la acci\u00f3n extraordinaria de protecci\u00f3n planteada\u201d por Chevron Corp., en la que aduce que se le violaron sus derechos constitucionales.<\/p>\n<p>Este fallo es un gran paso para acceder a la justicia, dijo Willian Lucitante, Coordinador Ejecutivo de la Uni\u00f3n de Afectados\/as por Texaco (UDAPT), organizaci\u00f3n en la que se amparan m\u00e1s de 30 mil afectados y que ha llevado este caso frente a todas las cortes posibles.\u00a0 \u201cLuego de 25 a\u00f1os de lucha, finalmente podemos cerrar este cap\u00edtulo. Estamos dando pasos firmes para que se nos haga justicia\u201d, dijo el dirigente de la UDAPT.<\/p>\n<p>Seg\u00fan Lucitante, ahora Chevron no puede seguir enga\u00f1ando en otras jurisdicciones, en las que sostiene que la sentencia no es ejecutable porque el juicio no ha terminado en Ecuador, lo que le sirve para solicitar que los procesos de homologaci\u00f3n y ejecuci\u00f3n de la sentencia se detengan y no se pueda hacer efectiva la obligaci\u00f3n judicial, cobrar la deuda y proceder a la reparaci\u00f3n de m\u00e1s de 480 mil hect\u00e1reas de selva que hasta ahora albergan cientos de t\u00f3xicos regados por la petrolera.<\/p>\n<p>Donald Moncayo, subcoordinador de la UDAPT y representante de las comunidades de colonos afectadas por la contaminaci\u00f3n, recalc\u00f3 que no es un triunfo solamente de la organizaci\u00f3n, sino de cientos de organizaciones y millones de ciudadanos del mundo, que luchan por defender la vida y acceder a la justicia. Recalc\u00f3 que estos 25 a\u00f1os han sido de aprendizaje, tanto para los afectados como para miles de luchas sociales, que han tomado este caso como un ejemplo para desentra\u00f1ar las estructuras de impunidad que cobijan a las empresas transnacionales y les permiten violar los derechos humanos de las comunidades donde operan.<\/p>\n<p>Este caso no afecta solamente a Chevron, dijo Moncayo, sino que sienta un precedente para juzgar a las corporaciones, que generalmente con la complicidad de los Estados, cometen cr\u00edmenes ambientales y contra los seres humanos. Es una victoria contra el sistema de injusticia e impunidad corporativa que opera en todo el planeta, sostuvo.<\/p>\n<p>Pablo Fajardo, Procurador Com\u00fan de los afectados recalc\u00f3 que en el Ecuador, los jueces de las tres instancias judiciales y los magistrados de la Corte Constitucional, cumplieron con su deber, a pesar de las inmensas presiones que vivieron. Fajardo agradeci\u00f3 a nombre del pa\u00eds a esos jueces que no sucumbieron ante los chantajes e intentos de soborno, que es una pr\u00e1ctica com\u00fan de las Transnacionales, como se ha evidenciado en m\u00faltiples casos que fueron denunciados oportunamente, en el transcurso de m\u00e1s de dos d\u00e9cadas de este juicio.<\/p>\n<p>Fajardo reconoci\u00f3 que \u00e9ste no es solo un triunfo de la UDAPT o los afectados, es un triunfo de todos los pueblos del mundo que luchamos por el acceso a la justicia, por una vida digna y por el respeto nuestros derechos ante los cr\u00edmenes corporativos.\u00a0 No hemos vencido solo a Chevron, hemos vencido al sistema de impunidad Corporativa en el Ecuador.<\/p>\n<p>Recalc\u00f3 que el sistema judicial ecuatoriano, ha sido el \u00fanico en el mundo que ha conocido y tratado a profundidad el Caso Chevron. Sobre la \u00a0base de pruebas y argumentos legales suficientes ha dado la raz\u00f3n a los afectados en las dos instancias judiciales, en la Corte Nacional de Justicia y ahora en la Corte Constitucional. Con ello, sostiene, el \u201ccrimen cometido por la petrolera\u201d es evidente y est\u00e1 comprobado, por lo que no se puede seguir hablando de un\u00a0<em>supuesto<\/em>\u00a0da\u00f1o ni mucho menos que es un fraude.<\/p>\n<p>Finalmente los afectados se mostraron satisfechos tanto por el fallo, como por el precedente global que han logrado sentar. Era impensable dijo el Coordinador de la UDAPT, que un grupo de 30 mil ind\u00edgenas y campesinos pobres le hicieran frente a una de las corporaciones m\u00e1s poderosas del mundo, \u201cahora hemos demostrado que es posible\u201d, que el poder del dinero tiene l\u00edmites cuando se enfrenta con la dignidad de los pueblos.\u00a0 Afirm\u00f3 que la lucha no ha concluido y que seguir\u00e1n litigando en cortes extranjeras, como la de Canad\u00e1, para validar la sentencia.<\/p>\n<p>Posted by UDAPT, in\u00a0<a href=\"http:\/\/texacotoxico.net\/category\/corte-constitucional\/\" rel=\"category tag\">Corte Constitucional.<\/a>    \t<\/p>\n","protected":false},"excerpt":{"rendered":"<p>Corte Constitucional Neg\u00f3 la Acci\u00f3n Extraoridnaria de Protecci\u00f3n solicitada por [&hellip;]<\/p>\n","protected":false},"author":1,"featured_media":5023,"comment_status":"open","ping_status":"open","sticky":false,"template":"","format":"standard","meta":{"_siteseo_robots_primary_cat":"","_joinchat":[],"footnotes":""},"categories":[8],"tags":[40],"class_list":["post-5022","post","type-post","status-publish","format-standard","has-post-thumbnail","hentry","category-tnc","tag-ecologia-politica"],"_links":{"self":[{"href":"https:\/\/cdes.org.ec\/webantigua\/wp-json\/wp\/v2\/posts\/5022","targetHints":{"allow":["GET"]}}],"collection":[{"href":"https:\/\/cdes.org.ec\/webantigua\/wp-json\/wp\/v2\/posts"}],"about":[{"href":"https:\/\/cdes.org.ec\/webantigua\/wp-json\/wp\/v2\/types\/post"}],"author":[{"embeddable":true,"href":"https:\/\/cdes.org.ec\/webantigua\/wp-json\/wp\/v2\/users\/1"}],"replies":[{"embeddable":true,"href":"https:\/\/cdes.org.ec\/webantigua\/wp-json\/wp\/v2\/comments?post=5022"}],"version-history":[{"count":0,"href":"https:\/\/cdes.org.ec\/webantigua\/wp-json\/wp\/v2\/posts\/5022\/revisions"}],"wp:featuredmedia":[{"embeddable":true,"href":"https:\/\/cdes.org.ec\/webantigua\/wp-json\/wp\/v2\/media\/5023"}],"wp:attachment":[{"href":"https:\/\/cdes.org.ec\/webantigua\/wp-json\/wp\/v2\/media?parent=5022"}],"wp:term":[{"taxonomy":"category","embeddable":true,"href":"https:\/\/cdes.org.ec\/webantigua\/wp-json\/wp\/v2\/categories?post=5022"},{"taxonomy":"post_tag","embeddable":true,"href":"https:\/\/cdes.org.ec\/webantigua\/wp-json\/wp\/v2\/tags?post=5022"}],"curies":[{"name":"wp","href":"https:\/\/api.w.org\/{rel}","templated":true}]}}