{"id":5116,"date":"2018-08-21T13:35:15","date_gmt":"2018-08-21T18:35:15","guid":{"rendered":"https:\/\/cdes.org.ec\/webantigua\/?p=5116"},"modified":"2021-06-07T16:14:03","modified_gmt":"2021-06-07T16:14:03","slug":"detras-del-fmi-regresa-la-austeridad-y-las-medidas-de-shock-entrevista-a-pablo-iturralde-director-de-cdes","status":"publish","type":"post","link":"https:\/\/cdes.org.ec\/webantigua\/detras-del-fmi-regresa-la-austeridad-y-las-medidas-de-shock-entrevista-a-pablo-iturralde-director-de-cdes\/","title":{"rendered":"Detr\u00e1s del FMI retorna la austeridad y las medidas de shock. Entrevista a Pablo Iturralde Director de CDES"},"content":{"rendered":"<p>Este lunes 20 de agosto, el Programa ENCLAVE POLITICA de la cadena latinoamericana TELESUR, dialog\u00f3 con nuestro Director Ejecutivo, quien se\u00f1al\u00f3 las preocupaciones derivadas del monitoreo que efect\u00faa CDES<a href=\"#_edn1\" name=\"_ednref1\">[i]<\/a> sobre la evoluci\u00f3n de la econom\u00eda ecuatoriana y el impacto de las pol\u00edticas de ajuste sobre los derechos econ\u00f3micos y sociales.<\/p>\n<p>Pablo Iturralde, analiz\u00f3 en clave regional el retorno de las medidas de austeridad y la presencia del Fondo Monetario Internacional en las econom\u00edas sudamericanas. Se refiri\u00f3 adem\u00e1s a los efectos regresivos que comportan estas medidas sobre las estructuras tributarias de la regi\u00f3n: \u00ablas amnist\u00edas tributarias que acompa\u00f1an\u00a0las medidas de austeridad\u00a0son un subsidio cruzado para los ricos en un momento en el que se desmantelan las ayudas sociales a los pobres\u00bb, se\u00f1al\u00f3 durante su entrevista.<\/p>\n<p>Entrevista completa aqu\u00ed:<\/p>\n<p><iframe style=\"border: none; overflow: hidden;\" src=\"https:\/\/www.facebook.com\/plugins\/video.php?href=https%3A%2F%2Fwww.facebook.com%2FEnClavePolitik%2Fvideos%2F1593645820739403%2F&amp;show_text=0&amp;width=560\" width=\"560\" height=\"315\" frameborder=\"0\" scrolling=\"no\" allowfullscreen=\"allowfullscreen\"><\/iframe><\/p>\n<p><a href=\"#_ednref1\" name=\"_edn1\">[i]<\/a> CDES es una organizaci\u00f3n no gubernamental dedicada a la promoci\u00f3n y afirmaci\u00f3n de los derechos econ\u00f3micos y sociales. Elabora investigaciones sobre los\u00a0impactos\u00a0de las pol\u00edticas econ\u00f3micas, sugiriendo alternativas y enfoques basados en la garant\u00eda de derechos.\u00a0 Actualmente sostiene activamente\u00a0di\u00e1logos con organizaciones sociales e instancias p\u00fablicas en medidas de tributaci\u00f3n, comercio e inversiones, trabajo y medio ambiente.<em>sho<\/em>    \t<\/p>\n","protected":false},"excerpt":{"rendered":"<p>Este lunes 20 de agosto, el Programa ENCLAVE POLITICA de [&hellip;]<\/p>\n","protected":false},"author":1,"featured_media":5117,"comment_status":"open","ping_status":"open","sticky":false,"template":"","format":"standard","meta":{"_siteseo_robots_primary_cat":"","_joinchat":[],"footnotes":""},"categories":[46,20],"tags":[],"class_list":["post-5116","post","type-post","status-publish","format-standard","has-post-thumbnail","hentry","category-deuda","category-tratadosdeinversion"],"_links":{"self":[{"href":"https:\/\/cdes.org.ec\/webantigua\/wp-json\/wp\/v2\/posts\/5116","targetHints":{"allow":["GET"]}}],"collection":[{"href":"https:\/\/cdes.org.ec\/webantigua\/wp-json\/wp\/v2\/posts"}],"about":[{"href":"https:\/\/cdes.org.ec\/webantigua\/wp-json\/wp\/v2\/types\/post"}],"author":[{"embeddable":true,"href":"https:\/\/cdes.org.ec\/webantigua\/wp-json\/wp\/v2\/users\/1"}],"replies":[{"embeddable":true,"href":"https:\/\/cdes.org.ec\/webantigua\/wp-json\/wp\/v2\/comments?post=5116"}],"version-history":[{"count":1,"href":"https:\/\/cdes.org.ec\/webantigua\/wp-json\/wp\/v2\/posts\/5116\/revisions"}],"predecessor-version":[{"id":7917,"href":"https:\/\/cdes.org.ec\/webantigua\/wp-json\/wp\/v2\/posts\/5116\/revisions\/7917"}],"wp:featuredmedia":[{"embeddable":true,"href":"https:\/\/cdes.org.ec\/webantigua\/wp-json\/wp\/v2\/media\/5117"}],"wp:attachment":[{"href":"https:\/\/cdes.org.ec\/webantigua\/wp-json\/wp\/v2\/media?parent=5116"}],"wp:term":[{"taxonomy":"category","embeddable":true,"href":"https:\/\/cdes.org.ec\/webantigua\/wp-json\/wp\/v2\/categories?post=5116"},{"taxonomy":"post_tag","embeddable":true,"href":"https:\/\/cdes.org.ec\/webantigua\/wp-json\/wp\/v2\/tags?post=5116"}],"curies":[{"name":"wp","href":"https:\/\/api.w.org\/{rel}","templated":true}]}}