{"id":5282,"date":"2018-10-23T04:34:34","date_gmt":"2018-10-23T04:34:34","guid":{"rendered":"https:\/\/cdes.org.ec\/webantigua\/?p=5282"},"modified":"2021-04-25T09:30:52","modified_gmt":"2021-04-25T09:30:52","slug":"declaracion-de-la-campana-global-para-la-clausura-de-la-cuarta-sesion-del-grupo-de-trabajo-intergubernamental-de-composicion-abierta-sobre-empresas-transnacionales-y-otras-empresas-comerciales-en-mate","status":"publish","type":"post","link":"https:\/\/cdes.org.ec\/webantigua\/declaracion-de-la-campana-global-para-la-clausura-de-la-cuarta-sesion-del-grupo-de-trabajo-intergubernamental-de-composicion-abierta-sobre-empresas-transnacionales-y-otras-empresas-comerciales-en-mate\/","title":{"rendered":"DECLARACI\u00d3N DE LA CAMPA\u00d1A GLOBAL PARA LA CLAUSURA DE LA CUARTA SESI\u00d3N DEL GRUPO DE TRABAJO INTERGUBERNAMENTAL DE COMPOSICI\u00d3N ABIERTA SOBRE EMPRESAS TRANSNACIONALES Y OTRAS EMPRESAS COMERCIALES EN MATERIA DE DERECHOS HUMANOS (OEIGWG)"},"content":{"rendered":"<h5 class=\"authorhome\" style=\"text-align: right;\"><span style=\"font-size: 14pt; text-align: justify;\">SALA XX \u2013 PALAIS DES NATIONS \u2013 GINEBRA \u2013 18 DE OCTUBRE 2018<\/span><\/h5>\n<div class=\"post-entry\">\n<p style=\"text-align: justify;\"><span style=\"font-size: 14pt;\">Sr. Presidente,<\/span><\/p>\n<p style=\"text-align: justify;\"><span style=\"font-size: 14pt;\">La Campa\u00f1a Global para reclamar la soberan\u00eda de los pueblos, desmantelar el poder de las transnacionales y poner fin a su impunidad (Campa\u00f1a Global), una red internacional de m\u00e1s de 250 miembros representante de movimientos sociales y de las afectadas y afectados por las actividades de las transnacionales, se ha comprometida firmemente con la creaci\u00f3n del mandato del Grupo de trabajo intergubernamental de composici\u00f3n abierta sobre las empresas transnacionales (ETNs) y otras empresas comerciales en materia de derechos humanos (OEIGWG), para que este \u00faltimo elaborare un tratado vinculante con respecto a las ETNs.<\/span><\/p>\n<p style=\"text-align: justify;\"><span style=\"font-size: 14pt;\">La Campa\u00f1a Global particip\u00f3 activamente en el proceso de negociaci\u00f3n de dicho Grupo de Trabajo desde sus comienzos. Como tal, adem\u00e1s de muchas contribuciones escritas y orales, el a\u00f1o pasado presentamos una propuesta de Tratado y este a\u00f1o presentamos comentarios y propuestas sobre el proyecto de Convenci\u00f3n presentado por la Presidencia del Grupo de Trabajo Intergubernamental.<\/span><\/p>\n<p style=\"text-align: justify;\"><span style=\"font-size: 14pt;\">La Campa\u00f1a Global asegura su apoyo al Grupo de Trabajo para seguir en la elaboraci\u00f3n del instrumento internacional jur\u00eddicamente vinculante sobre las empresas transnacionales.<\/span><\/p>\n<p style=\"text-align: justify;\"><span style=\"font-size: 14pt;\">Con respecto a las recomendaciones y conclusiones, lamentamos que estas no hagan referencia a los debates de los \u00faltimos tres a\u00f1os.<\/span><\/p>\n<p style=\"text-align: justify;\"><span style=\"font-size: 14pt;\">Con respecto a contenido, es esencial que el Grupo de Trabajo revise a fondo el proyecto de tratado presentado en la cuarta sesi\u00f3n, incluyendo los siguientes seis elementos:<\/span><\/p>\n<p style=\"text-align: justify;\"><span style=\"font-size: 14pt;\"><strong>1)<\/strong> El futuro tratado debe estar dirigida a las ETNs y otras empresas con actividades transnacionales, de conformidad con el mandato otorgado al Grupo de Trabajo Intergubernamental en la resoluci\u00f3n 26\/9.<\/span><\/p>\n<p style=\"text-align: justify;\"><span style=\"font-size: 14pt;\"><strong>2)<\/strong> El futuro tratado debe contener obligaciones directas para las ENTs. Tambi\u00e9n debe establecer la responsabilidad conjunta y solidaria de las empresas matrices con las entidades a lo largo de su cadena global de producci\u00f3n (filiales, subcontratistas, proveedores, etc.).<\/span><\/p>\n<p style=\"text-align: justify;\"><span style=\"font-size: 14pt;\"><strong>3)<\/strong> El futuro tratado debe prever un mecanismo internacional de aplicaci\u00f3n con poderes de aplicaci\u00f3n eficaces y vinculantes. En este sentido, la Campa\u00f1a Global propone la creaci\u00f3n de una Corte Internacional para enjuiciar a las ETNs que cometen violaciones de los derechos humanos y de un Centro Internacional de Monitoreo de las ETNs.<\/span><\/p>\n<p style=\"text-align: justify;\"><span style=\"font-size: 14pt;\"><strong>4)<\/strong> El futuro tratado debe establecer de manera clara la primac\u00eda de las obligaciones de derechos humanos sobre los acuerdos de comercio o de inversi\u00f3n.<\/span><\/p>\n<p style=\"text-align: justify;\"><span style=\"font-size: 14pt;\"><strong>5)<\/strong> El futuro tratado debe incluir medidas concretas contra la influencia de las ETNs en el proceso de formulaci\u00f3n de pol\u00edticas p\u00fablicas a nivel internacional y nacional.<\/span><\/p>\n<p style=\"text-align: justify;\"><span style=\"font-size: 14pt;\"><strong>6)<\/strong> La participaci\u00f3n efectiva de la sociedad civil en todas las etapas de las negociaciones sobre el proyecto de tratado y la salvaguarda del proceso de la influencia de las ETNs y sus representantes.<\/span><\/p>\n<p style=\"text-align: justify;\"><span style=\"font-size: 14pt;\">Estos son elementos clave para el \u00e9xito de la labor del Grupo de Trabajo Intergubernamental y para poder elaborar un instrumento eficaz y \u00fatil, que permita a las afectadas de acceder a una justicia tangible. En este sentido, estos elementos tienen que ser incluidos en el proyecto de tratado revisado.<\/span><\/p>\n<p style=\"text-align: justify;\"><span style=\"font-size: 14pt;\">Durante casi 50 a\u00f1os, los \u00f3rganos de las Naciones Unidas han trabajado para establecer normas vinculantes para las ETN, sin \u00e9xito. Las afectadas han depositado su esperanza en la labor de este Grupo de Trabajo en su b\u00fasqueda de justicia.<\/span><\/p>\n<p style=\"text-align: justify;\"><span style=\"font-size: 14pt;\">En un contexto de m\u00faltiples crisis (sociales, econ\u00f3micas, pol\u00edticas, ambientales) y conflictos, este Grupo de Trabajo podr\u00eda hacer su modesta contribuci\u00f3n regulando las actividades de estas entidades que escapan a todo control democr\u00e1tico y legal. Esa reglamentaci\u00f3n tambi\u00e9n permitir\u00e1 a los Estados y a los pueblos, v\u00edctimas de las ETN, recuperar una parte importante de su soberan\u00eda.<\/span><\/p>\n<p style=\"text-align: justify;\"><span style=\"font-size: 14pt;\">Instamos a todos los Estados a que participen constructivamente en el proceso, respetando el prop\u00f3sito de la resoluci\u00f3n 26\/9.<\/span><\/p>\n<p style=\"text-align: justify;\"><span style=\"font-size: 14pt;\">Gracias por su atenci\u00f3n.<\/span><\/p>\n<h5 class=\"authorhome\" style=\"text-align: center;\"><a title=\"Campa\u00f1a Global\" href=\"https:\/\/www.stopcorporateimpunity.org\/author\/?lang=es\" data-slimstat=\"5\">CAMPA\u00d1A GLOBAL<\/a><\/h5>\n<p><a href=\"https:\/\/cdes.org.ec\/webantigua\/wp-content\/uploads\/2018\/10\/logo.png\"><img decoding=\"async\" class=\"aligncenter size-full wp-image-5284\" src=\"https:\/\/cdes.org.ec\/webantigua\/wp-content\/uploads\/2018\/10\/logo.png\" alt=\"\" width=\"755\" height=\"192\" srcset=\"https:\/\/cdes.org.ec\/webantigua\/wp-content\/uploads\/2018\/10\/logo-200x51.png 200w, https:\/\/cdes.org.ec\/webantigua\/wp-content\/uploads\/2018\/10\/logo-300x76.png 300w, https:\/\/cdes.org.ec\/webantigua\/wp-content\/uploads\/2018\/10\/logo-400x102.png 400w, https:\/\/cdes.org.ec\/webantigua\/wp-content\/uploads\/2018\/10\/logo-600x153.png 600w, https:\/\/cdes.org.ec\/webantigua\/wp-content\/uploads\/2018\/10\/logo.png 755w\" sizes=\"(max-width: 755px) 100vw, 755px\" \/><\/a><\/p>\n<\/div>\n<h5 class=\"authorhome\"><a href=\"https:\/\/cdes.org.ec\/webantigua\/wp-content\/uploads\/2018\/10\/WhatsApp-Image-2018-10-19-at-7.22.13-PM.jpeg\"><br \/>\n<\/a><\/h5>\n","protected":false},"excerpt":{"rendered":"<p>SALA XX \u2013 PALAIS DES NATIONS \u2013 GINEBRA \u2013 18 [&hellip;]<\/p>\n","protected":false},"author":1,"featured_media":5283,"comment_status":"open","ping_status":"open","sticky":false,"template":"","format":"standard","meta":{"_siteseo_robots_primary_cat":"","_joinchat":[],"footnotes":""},"categories":[23],"tags":[37,35],"class_list":["post-5282","post","type-post","status-publish","format-standard","has-post-thumbnail","hentry","category-tlc","tag-onu","tag-tbi"],"_links":{"self":[{"href":"https:\/\/cdes.org.ec\/webantigua\/wp-json\/wp\/v2\/posts\/5282","targetHints":{"allow":["GET"]}}],"collection":[{"href":"https:\/\/cdes.org.ec\/webantigua\/wp-json\/wp\/v2\/posts"}],"about":[{"href":"https:\/\/cdes.org.ec\/webantigua\/wp-json\/wp\/v2\/types\/post"}],"author":[{"embeddable":true,"href":"https:\/\/cdes.org.ec\/webantigua\/wp-json\/wp\/v2\/users\/1"}],"replies":[{"embeddable":true,"href":"https:\/\/cdes.org.ec\/webantigua\/wp-json\/wp\/v2\/comments?post=5282"}],"version-history":[{"count":1,"href":"https:\/\/cdes.org.ec\/webantigua\/wp-json\/wp\/v2\/posts\/5282\/revisions"}],"predecessor-version":[{"id":7252,"href":"https:\/\/cdes.org.ec\/webantigua\/wp-json\/wp\/v2\/posts\/5282\/revisions\/7252"}],"wp:featuredmedia":[{"embeddable":true,"href":"https:\/\/cdes.org.ec\/webantigua\/wp-json\/wp\/v2\/media\/5283"}],"wp:attachment":[{"href":"https:\/\/cdes.org.ec\/webantigua\/wp-json\/wp\/v2\/media?parent=5282"}],"wp:term":[{"taxonomy":"category","embeddable":true,"href":"https:\/\/cdes.org.ec\/webantigua\/wp-json\/wp\/v2\/categories?post=5282"},{"taxonomy":"post_tag","embeddable":true,"href":"https:\/\/cdes.org.ec\/webantigua\/wp-json\/wp\/v2\/tags?post=5282"}],"curies":[{"name":"wp","href":"https:\/\/api.w.org\/{rel}","templated":true}]}}