{"id":5287,"date":"2018-11-04T07:38:54","date_gmt":"2018-11-04T12:38:54","guid":{"rendered":"https:\/\/cdes.org.ec\/webantigua\/?p=5287"},"modified":"2018-11-04T07:38:54","modified_gmt":"2018-11-04T12:38:54","slug":"entrevista-la-relevancia-de-las-obligaciones-extraterritoriales-en-el-epu-de-china","status":"publish","type":"post","link":"https:\/\/cdes.org.ec\/webantigua\/entrevista-la-relevancia-de-las-obligaciones-extraterritoriales-en-el-epu-de-china\/","title":{"rendered":"Entrevista: La relevancia de las Obligaciones Extraterritoriales en el EPU de China"},"content":{"rendered":"<blockquote>\n<p style=\"text-align: justify;\"><span style=\"font-size: 12pt;\"><strong>\u201cEsperamos que el <\/strong><strong>Estado chino remedie los impactos sociales y ambientales ocasionados por sus empresas en Am\u00e9rica Latina\u201d<\/strong><\/span><\/p>\n<\/blockquote>\n\n\t\t<style type=\"text\/css\">\n\t\t\t#gallery-1 {\n\t\t\t\tmargin: auto;\n\t\t\t}\n\t\t\t#gallery-1 .gallery-item {\n\t\t\t\tfloat: left;\n\t\t\t\tmargin-top: 10px;\n\t\t\t\ttext-align: center;\n\t\t\t\twidth: 100%;\n\t\t\t}\n\t\t\t#gallery-1 img {\n\t\t\t\tborder: 2px solid #cfcfcf;\n\t\t\t}\n\t\t\t#gallery-1 .gallery-caption {\n\t\t\t\tmargin-left: 0;\n\t\t\t}\n\t\t\t\/* see gallery_shortcode() in wp-includes\/media.php *\/\n\t\t<\/style>\n\t\t<div id='gallery-1' class='gallery galleryid-5287 gallery-columns-1 gallery-size-thumbnail'><dl class='gallery-item'>\n\t\t\t<dt class='gallery-icon landscape'>\n\t\t\t\t<a data-rel=\"iLightbox[postimages]\" data-title=\"1536927074104\" data-caption=\"\" href='https:\/\/cdes.org.ec\/webantigua\/entrevista-la-relevancia-de-las-obligaciones-extraterritoriales-en-el-epu-de-china\/attachment\/1536927074104\/'><img decoding=\"async\" width=\"150\" height=\"150\" src=\"https:\/\/cdes.org.ec\/webantigua\/wp-content\/uploads\/2018\/11\/1536927074104-150x150.png\" class=\"attachment-thumbnail size-thumbnail\" alt=\"\" srcset=\"https:\/\/cdes.org.ec\/webantigua\/wp-content\/uploads\/2018\/11\/1536927074104-66x66.png 66w, https:\/\/cdes.org.ec\/webantigua\/wp-content\/uploads\/2018\/11\/1536927074104-150x150.png 150w\" sizes=\"(max-width: 150px) 100vw, 150px\" \/><\/a>\n\t\t\t<\/dt><\/dl><br style=\"clear: both\" \/>\n\t\t<\/div>\n\n<p style=\"text-align: justify;\"><span style=\"font-size: 12pt;\"><i>Sof\u00eda Jarr\u00edn Hidalgo, responsable de la Secretaria T\u00e9cnica del Colectivo sobre Financiamiento e Inversiones Chinas, Derechos Humanos y Ambiente- CICDHA y Coordinadora de Pueblos Ind\u00edgenas y Ambiente del Centro de Derechos\u00a0Econ\u00f3micos\u00a0y Sociales-CDES, nos habla sobre el impacto de las inversiones chinas en Am\u00e9rica Latina y c\u00f3mo en el EPU de China se evaluar\u00e1 s\u00ed este Estado cumple los convenios y tratados internacionales de derechos humanos.<\/i><\/span><\/p>\n<p style=\"text-align: justify;\"><span style=\"font-size: 12pt;\"><em>Por Shia Inguil y Luc\u00eda Duran<\/em><\/span><\/p>\n<p style=\"text-align: justify;\"><span style=\"font-size: 12pt;\"><strong>P.- La sociedad civil ha expuesto ante el Consejo de Derechos Humanos de la ONU las violaciones de derechos humanos por parte de empresas chinas en Am\u00e9rica Latina \u00bfCu\u00e1l es el objetivo?<\/strong><\/span><\/p>\n<p style=\"text-align: justify;\"><span style=\"font-size: 12pt;\"><strong>R.- <\/strong>S\u00ed, las organizaciones que conformamos el <a href=\"http:\/\/chinaambienteyderechos.lat\/\">CICDHA,\u00a0<\/a>conversamos con las Misiones Permanentes en la Pre-sesi\u00f3n de China, quienes evaluar\u00e1n a este pa\u00eds en su Tercer Examen Peri\u00f3dico Universal (EPU).\u00a0 La expectativa es que se trasladen recomendaciones para mejorar la situaci\u00f3n de derechos humanos en proyectos mineros, hidrocarbur\u00edferos y de infraestructura que son operados por empresas y subsidiarias chinas.\u00a0 Con ese objetivo, sostuvimos reuniones bilaterales con ocho misiones en Ginebra, adem\u00e1s, conversamos con la asesora de la Relator\u00eda de Pueblos Ind\u00edgenas y delegados de la Oficina del Alto Comisionado del Consejo de Derechos Humanos de las Naciones Unidas. En estos encuentros, hablamos sobre los 18 casos que forman parte del informe regional y trasladamos nuestra preocupaci\u00f3n sobre el impacto de las inversiones chinas a los pueblos ind\u00edgenas y la vulneraci\u00f3n sistem\u00e1tica de derechos colectivos, como la consulta previa, libre e informada y el derecho al territorio.<\/span><\/p>\n<p style=\"text-align: justify;\"><span style=\"font-size: 12pt;\"><strong>P.- \u00bfPor qu\u00e9 la necesidad de un Colectivo sobre inversiones Chinas, derechos humanos y ambiente?<\/strong><\/span><\/p>\n<p style=\"text-align: justify;\"><span style=\"font-size: 12pt;\"><strong>R.-<\/strong>El Colectivo es una iniciativa que agrupa a organizaciones de cinco pa\u00edses: Ecuador, Per\u00fa, Brasil, Bolivia y Argentina; surge con la finalidad de establecer una plataforma que permita visibilizar las diferentes violaciones a los derechos humanos\u00a0 de los pueblos y las comunidades afectadas por empresas y bancos chinos, pero tambi\u00e9n es un colectivo que se articula para establecer puentes de di\u00e1logo y mecanismos de incidencia que permitan canalizar al Estado chino la situaci\u00f3n social y ambiental de sus inversiones en Am\u00e9rica Latina.<\/span><\/p>\n<p style=\"text-align: justify;\"><span style=\"font-size: 12pt;\">En este sentido, a pesar que reconocemos que el Estado chino cuenta con varios lineamientos socioambientales voluntarios, la red de organizaciones que conformamos el Colectivo evaluamos que la operaci\u00f3n de sus empresas y sus bancos no cumplen con la debida diligencia en materia de derechos humanos. Frente a esta falencia, el EPU se convirti\u00f3 en una oportunidad para canalizar estas denuncias. Sobre todo teniendo en cuenta que todos los Estados Parte del Sistema Universal de Derechos Humanos tienen obligaciones extraterritoriales y que es preciso establecer mecanismos de evaluaci\u00f3n sobre su adecuado cumplimiento.\u00a0<\/span><\/p>\n<p style=\"text-align: justify;\"><span style=\"font-size: 12pt;\"><strong>P.- <\/strong><strong>Dentro de las conclusiones del informe sombra se menciona que las empresas chinas tienen un patr\u00f3n de comportamiento en Latinoam\u00e9rica\u2026<\/strong><\/span><\/p>\n<p style=\"text-align: justify;\"><span style=\"font-size: 12pt;\"><strong>R.-<\/strong>Las empresas chinas a pesar de estar al tanto de la violaci\u00f3n a los derechos mantienen sus operaciones sin tener ninguna medida de resarcimiento a los afectados. Cabe precisar que estas violaciones se dan de manera sistem\u00e1tica en todos los casos que hemos analizado. Por ejemplo, de los 18 casos 15 afectan a territorios ind\u00edgenas; pr\u00e1cticamente en todos ellos existen elementos comunes como es la afectaci\u00f3n al derecho al territorio, la consulta previa y la criminalizaci\u00f3n de l\u00edderes y lideresas ind\u00edgenas. Es evidente que en estas inversiones no se est\u00e1n implementando mecanismos de debida diligencia en todo el ciclo de un proyecto.<\/span><\/p>\n<p style=\"text-align: justify;\"><span style=\"font-size: 12pt;\"><strong>P.- \u00bfQu\u00e9 expectativas tienen del Examen Peri\u00f3dico Universal que se realizar\u00e1 a China este 6 de noviembre?<\/strong><\/span><\/p>\n<p style=\"text-align: justify;\"><span style=\"font-size: 12pt;\"><strong>R.-<\/strong>Aspiramos que las delegaciones de los Estados que evaluar\u00e1n a China, se animen a recordarle a este Estado, que debe cumplir efectivamente con sus obligaciones extraterritoriales y asumir la responsabilidad sobre el impacto del financiamiento y la operaci\u00f3n de sus empresas en Am\u00e9rica Latina.<\/span><\/p>\n<p style=\"text-align: justify;\"><span style=\"font-size: 12pt;\">S\u00ed esto se da, esperamos que el Estado chino acoja nuestras recomendaciones y que las implemente en los siguientes cuatro a\u00f1os y medio. De hecho, lo ideal ser\u00eda que, a partir de estas recomendaciones se logre ratificar el Convenio 169 de la OIT y otros tratados internacionales que brindan garant\u00edas a los afectados en torno a la promoci\u00f3n y respeto a los derechos humanos. Adem\u00e1s, consideramos necesario que el Estado chino establezca mecanismos de queja, participaci\u00f3n, consulta y acceso a la justicia.<\/span><\/p>\n<p style=\"text-align: justify;\"><span style=\"font-size: 12pt;\"><strong>P.- De los 18 casos que se analizan en el informe, casi la mitad corresponden a Ecuador \u00bfCu\u00e1les son los casos m\u00e1s graves?<\/strong><\/span><\/p>\n<p style=\"text-align: justify;\"><span style=\"font-size: 12pt;\"><strong>R.-<\/strong>S\u00ed, Ecuador tiene el mayor n\u00famero de casos documentados sobre el impacto de inversiones chinas. Por ejemplo, el proyecto minero Mirador,\u00a0 en 2015 desaloj\u00f3 forzosamente a 32 familias (afectando a un total de 150 personas). Estos desalojos se realizaron sin previo\u00a0aviso y\/o consulta. Adem\u00e1s, este proyecto est\u00e1 afectando la calidad de 227 nacederos de agua que alimentan las vertientes que abastece a las comunidades del sector.<\/span><\/p>\n<p style=\"text-align: justify;\"><span style=\"font-size: 12pt;\">Asimismo, en el Proyecto San Carlos Panantza tambi\u00e9n gener\u00f3\u00a0 desalojos forzosos de la comunidad Nankints y Tsuntsuim, militarizando el territorio y criminalizando a los l\u00edderes ind\u00edgenas.<\/span><\/p>\n<p style=\"text-align: justify;\"><span style=\"font-size: 12pt;\">Otro caso, son los Bloques 79 y 83, donde no se realiz\u00f3 una consulta previa, libre e informada adecuada y se vulneraron los derechos territoriales del Pueblo Kichwa de Sarayaku, la Nacionalidad Shiwiar y S\u00e1para.\u00a0 Tambi\u00e9n, tenemos los Bloques 14, 16 y 62, que est\u00e1n ubicados en las inmediaciones del Parque Nacional Yasun\u00ed y la Reserva de Producci\u00f3n Faunistica Cuyabeno. En este territorio cohabitan los pueblos en aislamiento voluntario \u2018Taromenane y Tagaeri\u2019. Lamentablemente por el\u00a0crecimiento de las actividades extractivas, especialmente las petroleras, estos pueblos se encuentran amenazados y se los est\u00e1 forzando al contacto.<\/span><\/p>\n<p style=\"text-align: justify;\"><span style=\"font-size: 12pt;\"><strong>P.- \u00bfEstas poblaciones han denunciado al Gobierno ecuatoriano o las empresas por estas violaciones?<\/strong><\/span><\/p>\n<p style=\"text-align: justify;\"><span style=\"font-size: 12pt;\"><strong>R.-<\/strong>S\u00ed, por ejemplo, en el caso Mirador y\u00a0 R\u00edo Blanco se han planteado medidas cautelares. Recientemente, organizaciones de derechos humanos junto a las comunidades afectadas han logrado resoluciones judiciales para detener la operaci\u00f3n de estos proyectos. En el caso del\u00a0proyecto Mirador, el proyecto est\u00e1 detenido en un 40%, sin embargo, todav\u00eda se mantiene el hostigamiento a los comuneros por parte los militares, quienes junto a la seguridad privada de la empresa amenazan a los comuneros de la Parroquia de Tundayme. Por este tipo de acoso y violencia generalizada, un Juez de la Unidad Judicial del Trabajoest\u00e1 realizando una investigaci\u00f3n que busca clarificar los acontecimientos en torno a los desalojos forzosos de 2015 y reparar a las v\u00edctimas.<\/span><\/p>\n<p style=\"text-align: justify;\"><span style=\"font-size: 12pt;\"><strong>P.- Ecuador ha concesionado \u00e1reas protegidas y territorios ind\u00edgenas\u00a0 para garantizar crecimiento econ\u00f3mico <\/strong><\/span><\/p>\n<p style=\"text-align: justify;\"><span style=\"font-size: 12pt;\"><strong>R.-<\/strong>Lamentablemente en Am\u00e9rica Latina y en Ecuador, los Gobiernos de turno han priorizado la explotaci\u00f3n de recursos naturales bajo un discurso basado en desarrollismo y crecimiento econ\u00f3mico, priorizando lo monetario frente los\u00a0derechos humanos de las comunidades afectadas y los derechos de la naturaleza. La situaci\u00f3n que se vive en la Cordillera del C\u00f3ndor y en la Amazon\u00eda ecuatoriana en general, es el reflejo de lo que ocurre en Am\u00e9rica Latina, sobre todo en lo que respecta a las afectaciones a los pueblos ind\u00edgenas que encuentran amenazados por las pol\u00edticas extractivistas que no brindan\u00a0 garant\u00edas para proteger sus derechos colectivos.<\/span><\/p>\n<p style=\"text-align: justify;\"><span style=\"font-size: 12pt;\">En este contexto, es importante se\u00f1alar que adem\u00e1s de exigir al Estado ecuatoriano estas garant\u00edas, las empresas, las instituciones financieras, as\u00ed como el Estado chino, tienen responsabilidad sobre las violaciones que se comenten en otros territorios.<\/span><\/p>\n<p style=\"text-align: justify;\">\n","protected":false},"excerpt":{"rendered":"<p>\u201cEsperamos que el Estado chino remedie los impactos sociales y [&hellip;]<\/p>\n","protected":false},"author":1,"featured_media":5294,"comment_status":"open","ping_status":"open","sticky":false,"template":"","format":"standard","meta":{"_siteseo_robots_primary_cat":"","_joinchat":[],"footnotes":""},"categories":[8],"tags":[36,37],"class_list":["post-5287","post","type-post","status-publish","format-standard","has-post-thumbnail","hentry","category-tnc","tag-epu-ecuador","tag-onu"],"_links":{"self":[{"href":"https:\/\/cdes.org.ec\/webantigua\/wp-json\/wp\/v2\/posts\/5287","targetHints":{"allow":["GET"]}}],"collection":[{"href":"https:\/\/cdes.org.ec\/webantigua\/wp-json\/wp\/v2\/posts"}],"about":[{"href":"https:\/\/cdes.org.ec\/webantigua\/wp-json\/wp\/v2\/types\/post"}],"author":[{"embeddable":true,"href":"https:\/\/cdes.org.ec\/webantigua\/wp-json\/wp\/v2\/users\/1"}],"replies":[{"embeddable":true,"href":"https:\/\/cdes.org.ec\/webantigua\/wp-json\/wp\/v2\/comments?post=5287"}],"version-history":[{"count":0,"href":"https:\/\/cdes.org.ec\/webantigua\/wp-json\/wp\/v2\/posts\/5287\/revisions"}],"wp:featuredmedia":[{"embeddable":true,"href":"https:\/\/cdes.org.ec\/webantigua\/wp-json\/wp\/v2\/media\/5294"}],"wp:attachment":[{"href":"https:\/\/cdes.org.ec\/webantigua\/wp-json\/wp\/v2\/media?parent=5287"}],"wp:term":[{"taxonomy":"category","embeddable":true,"href":"https:\/\/cdes.org.ec\/webantigua\/wp-json\/wp\/v2\/categories?post=5287"},{"taxonomy":"post_tag","embeddable":true,"href":"https:\/\/cdes.org.ec\/webantigua\/wp-json\/wp\/v2\/tags?post=5287"}],"curies":[{"name":"wp","href":"https:\/\/api.w.org\/{rel}","templated":true}]}}