{"id":5327,"date":"2019-01-07T14:43:42","date_gmt":"2019-01-07T14:43:42","guid":{"rendered":"https:\/\/cdes.org.ec\/webantigua\/?p=5327"},"modified":"2021-03-30T14:21:35","modified_gmt":"2021-03-30T14:21:35","slug":"el-derecho-al-aborto-una-democracia-que-niega-derechos-y-posibilidades-de-decision-a-la-mitad-de-su-poblacion-no-puede-llamarse-democracia","status":"publish","type":"post","link":"https:\/\/cdes.org.ec\/webantigua\/el-derecho-al-aborto-una-democracia-que-niega-derechos-y-posibilidades-de-decision-a-la-mitad-de-su-poblacion-no-puede-llamarse-democracia\/","title":{"rendered":"EL DERECHO AL ABORTO: UNA DEMOCRACIA QUE NIEGA DERECHOS Y POSIBILIDADES DE DECISI\u00d3N A LA MITAD DE SU POBLACI\u00d3N NO PUEDE LLAMARSE DEMOCRACIA"},"content":{"rendered":"\n<h2 class=\"wp-block-heading\">Pronunciamiento CDES<\/h2>\n\n\n\n<p>El mandato de las sociedades albergadas bajo el estado de derecho,&nbsp;no es otro que la obligaci\u00f3n&nbsp;de garantizar y tornar efectivas las&nbsp;acciones&nbsp;para&nbsp;asegurar&nbsp;el pleno ejercicio de&nbsp;derechos de su poblaci\u00f3n sin discriminaci\u00f3n ni exclusi\u00f3n alguna. En ausencia de este mandato fundamental, no es posible la existencia de&nbsp;un&nbsp;Estado de Derecho, ni la convivencia democr\u00e1tica.<\/p>\n\n\n\n<p>El Ecuador es un Estado constitucional de derechos y justicia; es una sociedad organizada en torno a la democracia moderna sustentada a su vez en la progresi\u00f3n de derechos civiles, pol\u00edticos, econ\u00f3micos y sociales. No es una sociedad fundada en la teolog\u00eda, en la metaf\u00edsica o en la moralidad particular de un determinado grupo de individuos.<\/p>\n\n\n\n<p>Desde hace varios a\u00f1os, un amplio, potente y diverso movimiento feminista ha emergido en Ecuador y&nbsp;en&nbsp;Am\u00e9rica Latina reivindicando el derecho de las mujeres a decidir sobre su propia salud, sobre su&nbsp;&nbsp;cuerpo y a la regulaci\u00f3n sobre su capacidad reproductiva, dejando en evidencia la pervivencia de estructuras autoritarias, opresivas y discriminatorias que naturalizan la dominaci\u00f3n social sobre los cuerpos y&nbsp;las&nbsp;subjetividades de las mujeres, al tiempo que conculcan un cimiento b\u00e1sico de toda sociedad democr\u00e1tica: la plena participaci\u00f3n de sus miembros en decisiones que ata\u00f1an a si mismas y a la comunidad.<\/p>\n\n\n\n<p>Frente a su emergencia, las alas m\u00e1s conservadoras de los partidos pol\u00edticos, forjadores de opini\u00f3n p\u00fablica alineados con tesis discriminatorias, sectas&nbsp;y organizaciones religiosas han intentado bloquear sistem\u00e1ticamente las diversas discusiones sobre temas como la planificaci\u00f3n familiar o la despenalizaci\u00f3n del aborto en favor de perpetuar las estructuras de dominaci\u00f3n y sometimiento de las mujeres al patriarcado. Para ello,&nbsp;han hecho uso de una serie de ficciones, argumentos religiosos y posturas intolerantes que apelan a la imposici\u00f3n de una \u00fanica y exclusiva moralidad \u2013 la suya, por supuesto -, as\u00ed como a la preeminencia de valores metaf\u00edsicos y religiosos por sobre los considerandos de pol\u00edtica p\u00fablica y progresi\u00f3n de derechos.<\/p>\n\n\n\n<p style=\"font-size:0\">Entendemos, por tanto,\u00a0el\u00a0tema de la despenalizaci\u00f3n del aborto sustantivamente como un problema de derechos, como un problema insoslayable frente a la consolidaci\u00f3n de la democracia que actualmente excluye a la mitad de su poblaci\u00f3n del m\u00e1s elemental derecho a decidir sobre sus propios cuerpos, sobre las pol\u00edticas de salud que les son necesarias y sobre la decisi\u00f3n y regulaci\u00f3n de su capacidad reproductiva.<\/p>\n\n\n\n<p>Una democracia que conculca el derecho a decidir a la mitad de la poblaci\u00f3n no merece ser llamada democracia y un r\u00e9gimen que se sustenta en preceptos contrarios al derecho de las personas, no es un r\u00e9gimen cobijado por el Estado de derecho.&nbsp;<\/p>\n\n\n\n<p>Desde CDES, hacemos p\u00fablica nuestra adhesi\u00f3n a la lucha por la despenalizaci\u00f3n del aborto en Ecuador y ponemos a disposici\u00f3n nuestros esfuerzos y capacidades para sumarnos a los valiosos esfuerzos de los diversos movimientos feministas y movimientos de mujeres en el pa\u00eds y Am\u00e9rica Latina.&nbsp;&nbsp;&nbsp;<\/p>\n\n\n\n<p><\/p>\n\n\n\n<p><\/p>\n    \t","protected":false},"excerpt":{"rendered":"<p>Pronunciamiento CDES El mandato de las sociedades albergadas bajo el [&hellip;]<\/p>\n","protected":false},"author":1,"featured_media":5331,"comment_status":"open","ping_status":"open","sticky":false,"template":"","format":"standard","meta":{"_siteseo_robots_primary_cat":"","_joinchat":[],"footnotes":""},"categories":[16],"tags":[],"class_list":["post-5327","post","type-post","status-publish","format-standard","has-post-thumbnail","hentry","category-mujeres-indigenas"],"_links":{"self":[{"href":"https:\/\/cdes.org.ec\/webantigua\/wp-json\/wp\/v2\/posts\/5327","targetHints":{"allow":["GET"]}}],"collection":[{"href":"https:\/\/cdes.org.ec\/webantigua\/wp-json\/wp\/v2\/posts"}],"about":[{"href":"https:\/\/cdes.org.ec\/webantigua\/wp-json\/wp\/v2\/types\/post"}],"author":[{"embeddable":true,"href":"https:\/\/cdes.org.ec\/webantigua\/wp-json\/wp\/v2\/users\/1"}],"replies":[{"embeddable":true,"href":"https:\/\/cdes.org.ec\/webantigua\/wp-json\/wp\/v2\/comments?post=5327"}],"version-history":[{"count":1,"href":"https:\/\/cdes.org.ec\/webantigua\/wp-json\/wp\/v2\/posts\/5327\/revisions"}],"predecessor-version":[{"id":6989,"href":"https:\/\/cdes.org.ec\/webantigua\/wp-json\/wp\/v2\/posts\/5327\/revisions\/6989"}],"wp:featuredmedia":[{"embeddable":true,"href":"https:\/\/cdes.org.ec\/webantigua\/wp-json\/wp\/v2\/media\/5331"}],"wp:attachment":[{"href":"https:\/\/cdes.org.ec\/webantigua\/wp-json\/wp\/v2\/media?parent=5327"}],"wp:term":[{"taxonomy":"category","embeddable":true,"href":"https:\/\/cdes.org.ec\/webantigua\/wp-json\/wp\/v2\/categories?post=5327"},{"taxonomy":"post_tag","embeddable":true,"href":"https:\/\/cdes.org.ec\/webantigua\/wp-json\/wp\/v2\/tags?post=5327"}],"curies":[{"name":"wp","href":"https:\/\/api.w.org\/{rel}","templated":true}]}}