{"id":5363,"date":"2019-01-17T21:38:20","date_gmt":"2019-01-17T21:38:20","guid":{"rendered":"https:\/\/cdes.org.ec\/webantigua\/?p=5363"},"modified":"2021-06-25T16:58:56","modified_gmt":"2021-06-25T16:58:56","slug":"organizaciones-ciudadanas-impugnan-candidatura-a-la-corte-constitucional-para-evitar-la-captura-corporativa-de-la-corte-constitucional-2","status":"publish","type":"post","link":"https:\/\/cdes.org.ec\/webantigua\/organizaciones-ciudadanas-impugnan-candidatura-a-la-corte-constitucional-para-evitar-la-captura-corporativa-de-la-corte-constitucional-2\/","title":{"rendered":"ORGANIZACIONES CIUDADANAS IMPUGNAN CANDIDATURA A LA CORTE CONSTITUCIONAL PARA EVITAR LA CAPTURA CORPORATIVA DE LA CORTE CONSTITUCIONAL"},"content":{"rendered":"\r\n<p><span style=\"vertical-align: inherit;\"><span style=\"vertical-align: inherit;\">Consulta el documento completo de la <\/span><\/span><a href=\"https:\/\/cdes.org.ec\/webantigua\/impugnacion-ciudadana-contra-directora-de-centro-de-arbitraje-de-la-camara-de-guayaquil\/ \"><span style=\"vertical-align: inherit;\"><span style=\"vertical-align: inherit;\">Impugnaci\u00f3n Ciudadana Aqu\u00ed<\/span><\/span><\/a><\/p>\r\n\r\n\r\n\r\n<p><span style=\"vertical-align: inherit;\"><span style=\"vertical-align: inherit;\">El Centro de Derechos Econ\u00f3micos y Sociales (CDES) junto a ciudadanos que conforman la Uni\u00f3n de Afectados por Texaco, Jubileo 2000, el Observatorio de la Dolarizaci\u00f3n y el Foro de los Comunes, presentado este jueves 17 de abril, una impugnaci\u00f3n ciudadana dentro del proceso de selecci\u00f3n de los magistrados para la Corte Constitucional. <\/span><\/span><br \/><br \/><span style=\"vertical-align: inherit;\"><span style=\"vertical-align: inherit;\">La impugnaci\u00f3n va dirigida a Teresa Nuques,\u00a0 <\/span><\/span><strong><span style=\"vertical-align: inherit;\"><span style=\"vertical-align: inherit;\">Directora del Centro de Arbitraje y Conciliaci\u00f3n de la C\u00e1mara de Comercio de Guayaquil<\/span><\/span><\/strong><span style=\"vertical-align: inherit;\"><span style=\"vertical-align: inherit;\"> , por considerar que no tiene probidad y ocult\u00f3 documentaci\u00f3n importante en la elecci\u00f3n. <\/span><\/span><br \/><br \/><span style=\"vertical-align: inherit;\"><span style=\"vertical-align: inherit;\">La administraci\u00f3n de justicia a cargo de una c\u00e1mara empresarial implica la\u00a0 <\/span><\/span><strong><span style=\"vertical-align: inherit;\"><span style=\"vertical-align: inherit;\">privatizaci\u00f3n de la justicia<\/span><\/span><\/strong><span style=\"vertical-align: inherit;\"><span style=\"vertical-align: inherit;\">. <\/span><span style=\"vertical-align: inherit;\">Los \u00e1rbitros no son jueces, reciben dinero por cada arbitraje, no tienen la obligaci\u00f3n de publicar sus decisiones y, al contrario, est\u00e1n obligados a guardar confidencialidad sobre las mismas. \u00a0<\/span><\/span><br \/><br \/><span style=\"vertical-align: inherit;\"><span style=\"vertical-align: inherit;\">El Centro de Arbitraje dirigido por Teresa Nuques ha sido acusado en varias ocasiones de\u00a0 <\/span><\/span><strong><span style=\"vertical-align: inherit;\"><span style=\"vertical-align: inherit;\">vulnerar las garant\u00edas constitucionales y de extralimitarse en sus competencias<\/span><\/span><\/strong><span style=\"vertical-align: inherit;\"><span style=\"vertical-align: inherit;\"> . <\/span><\/span><br \/><br \/><span style=\"vertical-align: inherit;\"><span style=\"vertical-align: inherit;\">Teresa Nuques ha expedido certificados de idoneidad a varios abogados con conductas cuestionables y los ha propuesto como\u00a0 <\/span><\/span><strong><span style=\"vertical-align: inherit;\"><span style=\"vertical-align: inherit;\">\u00e1rbitros del Centro bajo su direcci\u00f3n<\/span><\/span><\/strong><span style=\"vertical-align: inherit;\"><span style=\"vertical-align: inherit;\"> .<\/span><\/span><\/p>\r\n\r\n\r\n\r\n<p><span style=\"vertical-align: inherit;\"><span style=\"vertical-align: inherit;\">Abogados como C\u00e9sar Coronel Jones, Vladimiro \u00c1lvarez Grau, Hern\u00e1n Perez Loose, han sido representantes y testigos favorables de intereses de empresas multinacionales como Chevron-Texaco, Interagua, Via Advisor y Occidental, entre otras empresas responsables de inconstitucionales arbitrajes que han costado al Ecuador miles de millones de d\u00f3lares en demandas internacionales y que a\u00fan tienen casos\u00a0 <\/span><\/span><strong><span style=\"vertical-align: inherit;\"><span style=\"vertical-align: inherit;\">pendientes en la justicia<\/span><\/span><\/strong><span style=\"vertical-align: inherit;\"><span style=\"vertical-align: inherit;\"> . <\/span><\/span><br \/><br \/><span style=\"vertical-align: inherit;\"><span style=\"vertical-align: inherit;\">Todos estos hechos fueron omitidos en el proceso de selecci\u00f3n y calificaci\u00f3n y generan reproches sobre su\u00a0 <\/span><\/span><strong><span style=\"vertical-align: inherit;\"><span style=\"vertical-align: inherit;\">probidad e integridad<\/span><\/span><\/strong><span style=\"vertical-align: inherit;\"><span style=\"vertical-align: inherit;\"> \u00a0para ocupar la m\u00e1s alta magistratura constitucional.<\/span><\/span><br \/><span style=\"vertical-align: inherit;\"><span style=\"vertical-align: inherit;\">Debido a la necesidad de contar con magistrados probos y que demuestren imparcialidad efectiva frente a intereses de particulares, a\u00fan de la \u00e9lite empresarial, las organizaciones presentar\u00e1n su impugnaci\u00f3n y dar\u00e1n una rueda de prensa para explicar a la ciudadan\u00eda los peligros de una\u00a0 <\/span><\/span><strong><em><span style=\"vertical-align: inherit;\"><span style=\"vertical-align: inherit;\">captura corporativa<\/span><\/span><\/em><\/strong><span style=\"vertical-align: inherit;\"><span style=\"vertical-align: inherit;\"> \u00a0de la Corte Constitucional del Ecuador. <\/span><\/span><br \/><br \/><em><span style=\"vertical-align: inherit;\"><span style=\"vertical-align: inherit;\">Para mayor informaci\u00f3n comunicarse al 0986918193 o ingresar a\u00a0 <\/span><\/span><a href=\"https:\/\/cdes.org.ec\/webantigua\/\"><span style=\"vertical-align: inherit;\"><span style=\"vertical-align: inherit;\">www.cdes.org.ec<\/span><\/span><\/a><span style=\"vertical-align: inherit;\"><span style=\"vertical-align: inherit;\"> \u00a0y\u00a0 <\/span><\/span><a href=\"http:\/\/www.dolarizacion.ec\/\" target=\"_blank\" rel=\"noreferrer noopener\"><span style=\"vertical-align: inherit;\"><span style=\"vertical-align: inherit;\">www.dolarizacion.ec<\/span><\/span><\/a><span style=\"vertical-align: inherit;\"><span style=\"vertical-align: inherit;\"> .\u00a0<\/span><\/span><\/em><\/p>\r\n\r\n<p>&nbsp;<\/p>","protected":false},"excerpt":{"rendered":"<p>Consulta el documento completo de la Impugnaci\u00f3n Ciudadana Aqu\u00ed El [&hellip;]<\/p>\n","protected":false},"author":1,"featured_media":5366,"comment_status":"open","ping_status":"open","sticky":false,"template":"","format":"standard","meta":{"_siteseo_robots_primary_cat":"","_joinchat":[],"footnotes":""},"categories":[79,70,20],"tags":[],"class_list":["post-5363","post","type-post","status-publish","format-standard","has-post-thumbnail","hentry","category-derechos-politicos-y-civiles","category-escritos","category-tratadosdeinversion"],"_links":{"self":[{"href":"https:\/\/cdes.org.ec\/webantigua\/wp-json\/wp\/v2\/posts\/5363","targetHints":{"allow":["GET"]}}],"collection":[{"href":"https:\/\/cdes.org.ec\/webantigua\/wp-json\/wp\/v2\/posts"}],"about":[{"href":"https:\/\/cdes.org.ec\/webantigua\/wp-json\/wp\/v2\/types\/post"}],"author":[{"embeddable":true,"href":"https:\/\/cdes.org.ec\/webantigua\/wp-json\/wp\/v2\/users\/1"}],"replies":[{"embeddable":true,"href":"https:\/\/cdes.org.ec\/webantigua\/wp-json\/wp\/v2\/comments?post=5363"}],"version-history":[{"count":2,"href":"https:\/\/cdes.org.ec\/webantigua\/wp-json\/wp\/v2\/posts\/5363\/revisions"}],"predecessor-version":[{"id":8015,"href":"https:\/\/cdes.org.ec\/webantigua\/wp-json\/wp\/v2\/posts\/5363\/revisions\/8015"}],"wp:featuredmedia":[{"embeddable":true,"href":"https:\/\/cdes.org.ec\/webantigua\/wp-json\/wp\/v2\/media\/5366"}],"wp:attachment":[{"href":"https:\/\/cdes.org.ec\/webantigua\/wp-json\/wp\/v2\/media?parent=5363"}],"wp:term":[{"taxonomy":"category","embeddable":true,"href":"https:\/\/cdes.org.ec\/webantigua\/wp-json\/wp\/v2\/categories?post=5363"},{"taxonomy":"post_tag","embeddable":true,"href":"https:\/\/cdes.org.ec\/webantigua\/wp-json\/wp\/v2\/tags?post=5363"}],"curies":[{"name":"wp","href":"https:\/\/api.w.org\/{rel}","templated":true}]}}