{"id":5382,"date":"2019-02-21T21:08:43","date_gmt":"2019-02-22T02:08:43","guid":{"rendered":"https:\/\/cdes.org.ec\/webantigua\/?p=5382"},"modified":"2021-06-07T16:12:28","modified_gmt":"2021-06-07T16:12:28","slug":"acuerdo-con-fmi-requiere-dictamen-previo-de-corte-constitucional-y-asamblea","status":"publish","type":"post","link":"https:\/\/cdes.org.ec\/webantigua\/acuerdo-con-fmi-requiere-dictamen-previo-de-corte-constitucional-y-asamblea\/","title":{"rendered":"ACUERDO CON FMI REQUIERE DICTAMEN PREVIO DE CORTE CONSTITUCIONAL Y ASAMBLEA"},"content":{"rendered":"\r\n<p>Alcanzar un acuerdo con el FMI requiere proceder en el marco constitucional el cual obliga dictamen previo de la Corte Constitucional y la Asamblea Nacional.<\/p>\r\n\r\n\r\n\r\n<p>El ingreso del FMI tendr\u00e1 un impacto de grandes proporciones tanto a nivel humano como en la econom\u00eda, su aprobaci\u00f3n merece un trato riguroso apegado al derecho y la ley. <\/p>\r\n\r\n\r\n\r\n<p>Caso contrario, los responsables de incumplir con la Constituci\u00f3n, ser\u00e1n directamente los miembros del Comit\u00e9 de Deuda, integrado por Richard Mart\u00ednez, Ministros de Econom\u00eda y Finanzas; Ver\u00f3nica Artola, Delegada del Presidente y Juan Carlos Proa\u00f1o, Secretario Nacional de SENPLADES.    <\/p>\r\n\r\n\r\n\r\n<p>De conformidad con el art\u00edculo 2 de la Ley de Comercio Electr\u00f3nico, Firmas Electr\u00f3nicas y Mensajes de Datos, enviamos el 20 de febrero una solicitud a los miembros del Comit\u00e9 de Deuda, documento que reproducimos \u00edntegramente para el conocimiento de la ciudadan\u00eda.<\/p>\r\n\r\n\r\n\r\n<p><strong>Oficio enviado al Comit\u00e9 de Deuda<\/strong><br><\/p>\r\n\r\n\r\n\r\n<div class=\"wp-block-file\"><a href=\"https:\/\/cdes.org.ec\/webantigua\/wp-content\/uploads\/2019\/02\/22-1.pdf\">Descargue el oficio recibido<\/a><a href=\"https:\/\/cdes.org.ec\/webantigua\/wp-content\/uploads\/2019\/02\/22-1.pdf\" class=\"fusion-button-default fusion-button-default-size wp-block-file__button\" download>Descargar<\/a><\/div>\r\n\r\n\r\n\r\n<p><\/p>\r\n\r\n\r\n\r\n<p><em>Quito, 20 de febrero de 2019<\/em><\/p>\r\n\r\n\r\n\r\n<p><em>Sr. Econ. Richard Mart\u00ednez <br>Sra.  Econ. Ver\u00f3nica Artola<br>Sr. Juan Carlos Proa\u00f1o<\/em><\/p>\r\n\r\n\r\n\r\n<p><strong><em>Miembro del Comit\u00e9 de Deuda<\/em><\/strong><em> <\/em><\/p>\r\n\r\n\r\n\r\n<p style=\"text-align:right\"><em>Quito &#8211; Ecuador. <\/em><\/p>\r\n\r\n\r\n\r\n<p><em>De nuestra consideraci\u00f3n: <\/em><\/p>\r\n\r\n\r\n\r\n<p><em>Ha llegado a nuestro conocimiento que en las pr\u00f3ximas horas se estar\u00eda por suscribir  un acuerdo con el Fondo Monetario Internacional. En su calidad de miembro del Comit\u00e9 de Deuda, de acuerdo a la Constituci\u00f3n y al C\u00f3digo Org\u00e1nico de Planificaci\u00f3n y Finanzas, usted se encuentra obligado a cumplir y hacer cumplir la Constituci\u00f3n y las leyes de la Rep\u00fablica del Ecuador. <\/em><\/p>\r\n\r\n\r\n\r\n<p><em>El art\u00edculo 419 de la Constituci\u00f3n de la Rep\u00fablica del Ecuador establece dos causales para que un acuerdo con el Fondo Monetario Internacional deba pasar por un proceso previo de ratificaci\u00f3n legislativa. Adicionalmente, de acuerdo al art\u00edculo 438 numeral 1 dicho proceso implica adem\u00e1s un dictamen previo de la Corte Constitucional. <\/em><\/p>\r\n\r\n\r\n\r\n<p><em>Lleve el nombre que lleve el documento, si dicho acuerdo implica compromisos que suponen compromisos para reformas legales o desv\u00edan los objetivos del Plan Nacional de Desarrollo, este documento debe pasar por los pasos legislativos y constitucionales. <\/em><\/p>\r\n\r\n\r\n\r\n<p><em>De forma consuetudinaria el art\u00edculo 2.1.a -i de la Convenci\u00f3n de Viena sobre el Derecho de los Tratados entre Estados y Organizaciones Internacionales o entre Organizaciones Internacionales  establece que el documento suscrito entre el Estado Ecuatoriano y el Fondo Monetario Internacional (FMI), una organizci\u00f3n internacional, califica  como un tratado internacional. <\/em><\/p>\r\n\r\n\r\n\r\n<p><em>Confiamos en que previa a la entrada en vigencia del documento se proceda de conformidad con lo dispuesto en el marco constitucional. De lo contrario, las responsabilidades ulteriores ser\u00edan asumidas directamente por usted y todos los dem\u00e1s miembros del Comit\u00e9 de Deuda.<\/em><\/p>\r\n\r\n\r\n\r\n<p><em>Desde el Centro de Derechos Econ\u00f3micos y Sociales (CDES) estaremos vigilantes respecto a este proceso y nos reservamos el derecho de tomar acciones constitucionales inmediatas para garantizar el cumplimiento de la Constituci\u00f3n. <\/em><\/p>\r\n\r\n\r\n\r\n<p><em>Atentamente <br>Pablo Iturralde Ruiz. <br>Director del Centro de Derechos Econ\u00f3micos y Sociales (CDES)<\/em><\/p>\r\n    \t","protected":false},"excerpt":{"rendered":"<p>Alcanzar un acuerdo con el FMI requiere proceder en el [&hellip;]<\/p>\n","protected":false},"author":1,"featured_media":5384,"comment_status":"open","ping_status":"open","sticky":false,"template":"","format":"standard","meta":{"_siteseo_robots_primary_cat":"","_joinchat":[],"footnotes":""},"categories":[46,9],"tags":[],"class_list":["post-5382","post","type-post","status-publish","format-standard","has-post-thumbnail","hentry","category-deuda","category-justiciafiscal"],"_links":{"self":[{"href":"https:\/\/cdes.org.ec\/webantigua\/wp-json\/wp\/v2\/posts\/5382","targetHints":{"allow":["GET"]}}],"collection":[{"href":"https:\/\/cdes.org.ec\/webantigua\/wp-json\/wp\/v2\/posts"}],"about":[{"href":"https:\/\/cdes.org.ec\/webantigua\/wp-json\/wp\/v2\/types\/post"}],"author":[{"embeddable":true,"href":"https:\/\/cdes.org.ec\/webantigua\/wp-json\/wp\/v2\/users\/1"}],"replies":[{"embeddable":true,"href":"https:\/\/cdes.org.ec\/webantigua\/wp-json\/wp\/v2\/comments?post=5382"}],"version-history":[{"count":1,"href":"https:\/\/cdes.org.ec\/webantigua\/wp-json\/wp\/v2\/posts\/5382\/revisions"}],"predecessor-version":[{"id":7916,"href":"https:\/\/cdes.org.ec\/webantigua\/wp-json\/wp\/v2\/posts\/5382\/revisions\/7916"}],"wp:featuredmedia":[{"embeddable":true,"href":"https:\/\/cdes.org.ec\/webantigua\/wp-json\/wp\/v2\/media\/5384"}],"wp:attachment":[{"href":"https:\/\/cdes.org.ec\/webantigua\/wp-json\/wp\/v2\/media?parent=5382"}],"wp:term":[{"taxonomy":"category","embeddable":true,"href":"https:\/\/cdes.org.ec\/webantigua\/wp-json\/wp\/v2\/categories?post=5382"},{"taxonomy":"post_tag","embeddable":true,"href":"https:\/\/cdes.org.ec\/webantigua\/wp-json\/wp\/v2\/tags?post=5382"}],"curies":[{"name":"wp","href":"https:\/\/api.w.org\/{rel}","templated":true}]}}