{"id":5400,"date":"2019-03-10T13:43:36","date_gmt":"2019-03-10T18:43:36","guid":{"rendered":"https:\/\/cdes.org.ec\/webantigua\/?p=5400"},"modified":"2021-06-07T16:47:52","modified_gmt":"2021-06-07T16:47:52","slug":"firma-para-respaldar-que-la-defensoria-del-pueblo-solicite-una-medida-cautelar-para-evitar-que-fmi-vulnere-los-derechos-humanos-y-viole-la-constitucion-ecuatoriana","status":"publish","type":"post","link":"https:\/\/cdes.org.ec\/webantigua\/firma-para-respaldar-que-la-defensoria-del-pueblo-solicite-una-medida-cautelar-para-evitar-que-fmi-vulnere-los-derechos-humanos-y-viole-la-constitucion-ecuatoriana\/","title":{"rendered":"Firma para evitar que Gobierno viole la Constituci\u00f3n"},"content":{"rendered":"\r\n<h3 class=\"wp-block-heading\"><\/h3>\r\n\r\n\r\n\r\n<p><br>La solicitud:<\/p>\r\n\r\n\r\n\r\n<p><strong>\u201cSolicitamos que por su intermedio se requiera a las autoridades judiciales competentes la expedici\u00f3n de una medida cautelar con la finalidad de cesar la amenaza de la vulneraci\u00f3n de los derechos anteriormente se\u00f1alados, y en tal virtud requerir se transparente el contenido del acuerdo t\u00e9cnico que dar\u00eda lugar al cr\u00e9dito SAF con el FMI, y se disponga que la Presidencia de la Rep\u00fablica se inhiba de suscribir dicho convenio y en su lugar lo remita a la Corte Constitucional para que esta resuelva acerca de la pertinencia de que dicho instrumento sea remitido o no a la Asamblea Nacional de conformidad con lo dispuesto en los art\u00edculos 419 numerales 3 y 5 y 438 de la Constituci\u00f3n.\u201d<\/strong><\/p>\r\n\r\n\r\n\r\n<p><\/p>\r\n\r\n\r\n\r\n<table class=\"wp-block-table\"><tbody><tr><td><strong>Firma aqu\u00ed:<\/strong><br><br><\/td><\/tr><tr><td><a href=\"https:\/\/docs.google.com\/forms\/d\/e\/1FAIpQLSdHtjGLIJCOK5X30BxR7axY5ux-dhXtO4m9m1QQUk1J3Xz5Lg\/viewform?vc=0&amp;c=0&amp;w=1&amp;usp=mail_form_link\" target=\"_blank\" rel=\"noreferrer noopener\">Correo electr\u00f3nico<br>Nombre y apellido<br>Organizaci\u00f3n y\/o lugar<\/a><\/td><\/tr><\/tbody><\/table>\r\n\r\n\r\n\r\n<h3 class=\"wp-block-heading\"><br>Lea&nbsp;la solicitud completa:<\/h3>\r\n\r\n\r\n\r\n<p>&nbsp;<br>Dra. Gina Benavides<br><strong>Defensora del Pueblo del Ecuador<\/strong><br>&nbsp;<br>&nbsp;<br>De nuestra considereaci\u00f3n&nbsp;<br>&nbsp;<br>Como es de conocimiento p\u00fablico el gobierno nacional ha alcanzado un acuerdo a nivel t\u00e9cnico con el Fondo Monetario Internacional, en virtud del cual el pa\u00eds obtendr\u00eda un financiamiento de alrededor de USD 10.200 millones a trav\u00e9s de varios organismos financieros multilaterales.<br><\/p>\r\n\r\n\r\n\r\n<p>Desafortunadamente la naturaleza, contenido y alcance de dicho acuerdo, y por la tanto las condicionalidades del mismo no han sido transparentadas. La escasa informaci\u00f3n que se tiene sobre la materia se desprende del ordenamiento jur\u00eddico internacional, las normativas y pol\u00edticas de dicha entidad financiera internacional, de las declaraciones de sus funcionarios y de las declaraciones de las autoridades del gobierno nacional.&nbsp;&nbsp;<br><\/p>\r\n\r\n\r\n\r\n<p>En ese sentido en primer lugar es preciso se\u00f1alar que el Fondo Monetario Internacional es un organismo internacional, creado mediante Convenio Internacional<a>[1]<\/a>y en tal virtud, y de acuerdo con la jurisprudencia de la Corte Internacional de Justicia es considerado un sujeto de Derecho Internacional<a>[2]<\/a>.<br><\/p>\r\n\r\n\r\n\r\n<p>Seg\u00fan lo expresado por el Presidente de la Rep\u00fablica en su alocuci\u00f3n p\u00fablica de 20 de febrero de 2019, el Estado ecuatoriano habr\u00eda alcanzado un acuerdo t\u00e9cnico con el Fondo Monetario Internacional.<br><\/p>\r\n\r\n\r\n\r\n<p>Por su parte AnaIvanova, jefa de la misi\u00f3n para Ecuador el FMI ha se\u00f1alado que la aprobaci\u00f3n de la l\u00ednea de cr\u00e9dito inicial de $4.2 mil millones para los pr\u00f3ximos 3 a\u00f1os se enmarca en el denominado Servicio Ampliado del FMI (SAF). De conformidad con las pol\u00edticas y normativas expedidas por el mismo organismo internacional, la entrega de un financiamiento de este tipo exige el cumplimiento de condicionalidades espec\u00edficas que implican el cumplimiento de&nbsp;<em>reformas estructurales para corregir deficiencias institucionales o econ\u00f3micas, adem\u00e1s de las pol\u00edticas que mantienen la estabilidad macroecon\u00f3mica<a><strong>[3]<\/strong><\/a><\/em>.<br><\/p>\r\n\r\n\r\n\r\n<p>El eventual incumplimiento de las condicionalidades impuestas por el Fondo Monetario Internacional traer\u00e1 aparejada la responsabilidad internacional del Estado ecuatoriano que se derivan del Convenio Constitutivo del Fondo Monetario Internacional<a>[4]<\/a>el que como ya se se\u00f1al\u00f3 tiene el car\u00e1cter de Tratado Internacional as\u00ed como de su propia regulaci\u00f3n t\u00e9cnica, que se traducen en la imposibilidad de acceder a nuevos financiamiento, la suspensi\u00f3n del derecho a voto en el seno de dicho organismo internacional e incluso la expulsi\u00f3n del Estado como pa\u00eds miembro del Convenio Constitutivo del FMI.&nbsp;&nbsp;<br><\/p>\r\n\r\n\r\n\r\n<p>No cabe duda entonces que estamos en presencia de un acuerdo,&nbsp;&nbsp;entre sujetos y regido por normas del Derecho Internacional, que por lo tanto&nbsp;&nbsp;genera obligaciones internacionales cuyo incumplimiento traer\u00e1 inevitablemente aparejada la responsabilidad internacional del Estado ecuatoriano. Por lo tanto este acuerdo se enmarca en la definici\u00f3n de Tratado Internacional prevista en el Art\u00edculo 2.1 de la Convenci\u00f3n de Viena de los Tratados de 1969, cuya aplicaci\u00f3n se extiende no solo a los Tratados Internacionales entre Estados, sino a todo Tipo de Tratado Internacional, incluyendo los suscritos entre Estados y organismos internacionales de conformidad con lo previsto el art\u00edculo 3 (a) y (b) de la misma Convenci\u00f3n; as\u00ed como por el hecho que de acuerdo con reiteradas decisiones de la Corte Internacional de Justicia, la Convenci\u00f3n de Viena de los Tratados de 1969 constituye en s\u00ed misma norma de Derecho Internacional consuetudinario<a>[5]<\/a>y por lo tanto es aplicable a todos los sujetos de Derecho Internacional.&nbsp;&nbsp;<br><\/p>\r\n\r\n\r\n\r\n<p>Por otro lado, es preciso tener en consideraci\u00f3n que la historia reciente del Ecuador y la circunstancias actuales de otros pa\u00edses de la regi\u00f3n y el mundo como Argentina, Grecia y Espa\u00f1a, nos permiten anticipar que las condicionalidades impuestas por el Fondo Monetario Internacional pasar\u00e1n principalmente por reformas estructurales fundamentalmente a nivel legislativo y de pol\u00edticas p\u00fablicas tendientes a:&nbsp;<\/p>\r\n\r\n\r\n\r\n<ol class=\"wp-block-list\"><li>Erosionar y precarizar los derechos laborales, la devaluaci\u00f3n de rentas y salarios a trav\u00e9s del desempleo en el sector p\u00fablico, afectar la capacidad de negociaci\u00f3n colectiva de los trabajadores y la reducci\u00f3n de los beneficios legales de protecci\u00f3n social asociados al trabajo. Todas estas son medidas que atentan directamente contra el contenido del derecho al trabajo establecido en los art\u00edculos 326, 327 y 328 de la Constituci\u00f3n.&nbsp; <br>Adicionalmente, el despido masivo de funcionarios p\u00fablicos, adem\u00e1s de la afectaci\u00f3n directa de los derechos de los servidores p\u00fablicos despedidos, incidir\u00e1 indirectamente en el ejercicio acceso permanente, oportuno, universal, gratuito y sin exclusi\u00f3n a programas, acciones y servicios de promoci\u00f3n y atenci\u00f3n integral de de conformidad con lo dispuesto en los art\u00edculos 32 y 362 de la Carta Constitucional; de igual manera se afectar\u00e1 el car\u00e1cter universal y obligatorio del derecho a la educaci\u00f3n a lo largo del ciclo de vida de las personas establecido en los art\u00edculos&nbsp;&nbsp;27 y 28 del texto constitucional; y, se afectar\u00e1 la obligatoriedad, generalidad, uniformidad, eficiencia, responsabilidad, universalidad, accesibilidad, regularidad, continuidad y calidad de los servicios p\u00fablicos prevista en el art\u00edculo 314 de la Constituci\u00f3n.&nbsp;  <\/li><li>Liberalizar los flujos&nbsp;&nbsp;de capitales para favorecer la actividad del capital transnacional principalmente extractivista, a trav\u00e9s de la desregulaci\u00f3n financiera y ambiental, que como en el pasado reciente repercutir\u00e1 negativamente en el derecho de las personas, comunas, comunidades pueblos y nacionalidades a vivir en un ambiente sano y ecol\u00f3gicamente equilibrado previsto en el art\u00edculo 14 de la Constituci\u00f3n, as\u00ed como en el derecho de estos a mantener su identidad&nbsp;&nbsp;cultural, tradiciones y formas de organizaci\u00f3n en los t\u00e9rminos establecidos en los art\u00edculos 21 y 57 de la Constituci\u00f3n. <\/li><li> A modificar la estructura tributaria en el sentido de disminuir la carga tributaria basada en impuestos progresivos y en contraste a aumentar la carga tributaria basada en impuestos regresivos en flagrante contradicci\u00f3n con lo dispuesto en el art\u00edculo 300 de la Constituci\u00f3n; <\/li><\/ol>\r\n\r\n\r\n\r\n<p>Por todo lo anterior, aparece claro que estamos a las puertas de que el gobierno nacional, mediante un tratado internacional, subordine su pol\u00edtica macro econ\u00f3mica y fiscal a las condicionalidades de una instituci\u00f3n financiera internacional; y de que asuma compromisos cuya materializaci\u00f3n requiere la expedici\u00f3n, reforma o derogaci\u00f3n de normas legales, con el agravante de que tanto las modificaciones a la pol\u00edtica econ\u00f3mica como las reformas legales afectar\u00e1n directamente los derechos y garant\u00edas previstos en la Constituci\u00f3n y colisionar\u00e1n con los objetivos pol\u00edticas y metas establecidos en el Plan Nacional de Desarrollo y el Plan de Gobierno presentado por el Presidente como requisito para la inscripci\u00f3n de su candidatura. <br><\/p>\r\n\r\n\r\n\r\n<p>Configur\u00e1ndose de este modo las hip\u00f3tesis previstas en los numerales 3 y 5 del art\u00edculo 419 y 438 numero 1 de la Constituci\u00f3n,&nbsp;&nbsp;en virtud de las cuales es menester que dicho Tratado, antes de entrar en vigor sea ratificado por la Asamblea Nacional, la que a su vez requerir\u00e1 para tal efecto el dictamen previo de constitucionalidad de la Corte Constitucional.&nbsp;<br><\/p>\r\n\r\n\r\n\r\n<p>En este punto es preciso advertir que el procedimiento descrito ya ha sido ordenado previamente por la Corte Constitucional, la misma que mediante Dictamen No. 014-13-DTI-CC de 27 de junio de 2013, ante consulta formulada por la Secretar\u00eda Jur\u00eddica de la Presidencia de la Rep\u00fablica, respecto a si se requer\u00eda o no de aprobaci\u00f3n legislativa del \u201cConvenio de Cooperaci\u00f3n T\u00e9cnica y Econ\u00f3mica entre el Gobierno de la Rep\u00fablica del Ecuador y el Gobierno de la Rep\u00fablica Popular de China, resolvi\u00f3 que el convenio de la referencia requiere aprobaci\u00f3n previa de la Asamblea Nacional. Cabe se\u00f1alar que el convenio antes se\u00f1alado&nbsp;&nbsp;ten\u00eda una estructura m\u00e1s simple, no conten\u00eda las condicionalidades y carec\u00eda de mecanismos de monitoreo y ejercicio de sanciones internacionales a diferencia de los convenios SAF con el FMI, cuya suscripci\u00f3n se anunci\u00f3 por parte de las autoridades del gobierno y del FMI.&nbsp;&nbsp;&nbsp;&nbsp;&nbsp;&nbsp;<br><\/p>\r\n\r\n\r\n\r\n<p>Como se se\u00f1al\u00f3 previamente, la naturaleza de las condicionalidades inherentes al tipo del acuerdo anunciado, constituyen una amenaza de violaci\u00f3n directa a los derechos laborales as\u00ed como de manera indirecta traer\u00e1n afectaciones al derecho a la salud, la educaci\u00f3n, al ambiente sano y a ecosistemas equilibrados, a la identidad cultural, y al acceso a los servicios p\u00fablicos como consecuencia de los recortes presupuestarios.&nbsp;<br><\/p>\r\n\r\n\r\n\r\n<p>En&nbsp;&nbsp;funci\u00f3n de lo anterior, y en virtud de lo dispuesto en los art\u00edculos 86 y 87 de la Constituci\u00f3n de la Rep\u00fablica y 6, 9 y 26 de la Ley Org\u00e1nica de Garant\u00edas Jurisdiccionales, solicitamos que por su intermedio se requiera a las autoridades judiciales competentes la expedici\u00f3n de una medida cautelar con la finalidad de cesar la amenaza de la vulneraci\u00f3n de los derechos anteriormente se\u00f1alados, y en tal virtud requerir se transparente el contenido del acuerdo t\u00e9cnico que dar\u00eda lugar al cr\u00e9dito SAF con el FMI, y se disponga que la Presidencia de la Rep\u00fablica se inhiba de suscribir dicho convenio y en su lugar lo remita a la Corte Constitucional para que esta resuelva acerca de la pertinencia de que dicho instrumento sea remitido o no a la Asamblea Nacional de conformidad con lo dispuesto en los art\u00edculos 419 numerales 3 y 5 y 438 de la Constituci\u00f3n.<\/p>\r\n\r\n\r\n\r\n<p><strong>Firmas<\/strong><\/p>\r\n\r\n\r\n\r\n<p>Elsie Monge<br>Comisi\u00f3n Ecum\u00e9nica de Derechos Humanos &#8211; CEDHU<br> <br>Luis Savedra<br>Fundaci\u00f3n Regional de Asesor\u00eda en Derechos Humanos &#8211; INREDH<br><br>Pablo Fajardo<br>Uni\u00f3n de Afectados por Texaco &#8211; UDAPT <br><br>Adoraci\u00f3n Guam\u00e1n<br> Universidad de Valencia \/ Flacso Quito <br><br>Christian Pino<br>Foro de los Comunes<br><\/p>\r\n\r\n\r\n\r\n<p>Andr\u00e9s Ar\u00e1uz<br>Observatorio de la Dolarizaci\u00f3n<br><br>Pablo Iturralde Ruiz<br>Centro de Derechos Econ\u00f3micos y Sociales &#8211; CDES<br><br>Pablo de la Vega<br>Centro de Documentaci\u00f3n en Derechos Humanos \u00abSegundo Montes Mozo S.J.\u00bb &#8211; CSMM<br><br><br><strong>Respaldo de personas y organizaciones sociales<\/strong><br><br><\/p>\r\n\r\n\r\n\r\n<table class=\"wp-block-table aligncenter is-style-stripes\"><tbody><tr><td><strong>Nombre<\/strong><\/td><td><strong>Organizaci\u00f3n<\/strong><\/td><td><strong>Lugar<\/strong><\/td><\/tr><tr><td>Marlon Vargas<\/td><td>Confederaci\u00f3n de Nacionalidades Ind\u00edgenas de la Amazon\u00eda Ecuatoriana &#8211; CONFENIAE<\/td><td>Amazon\u00eda<\/td><\/tr><tr><td>Abraham Aguirre <\/td><td>Comisi\u00f3n Permanente por la Defensa de los Derechos Humanos<\/td><td>Ecuador<\/td><\/tr><tr><td>Adri\u00e1n Falco<\/td><td>Red de Justicia Fiscal de Am\u00e9rica Latina y El Caribe<\/td><td>Am\u00e9rica Latina y El Caribe<\/td><\/tr><tr><td>Humberto Piaguaje<\/td><td>Nacionalidad Siekopai<\/td><td>Shushufindi<\/td><\/tr><tr><td>Abraham Verduga<\/td><td>La Kolmena<\/td><td>Salamanca<\/td><\/tr><tr><td>Julia Cuadros<\/td><td>CooperAcci\u00f3n<\/td><td>Per\u00fa<\/td><\/tr><tr><td>Francisco Yupanqui<\/td><td>Comunidad El Troje<\/td><td>Ecuador<\/td><\/tr><tr><td>Victor Hamilton Aguilera Echeverria <\/td><td>Gran Alianza Nacional Agropecuaria <\/td><td>Ecuador<\/td><\/tr><tr><td>Narcisa Vera Ochoa<\/td><td>Asociaci\u00f3n de Producci\u00f3n Agropecuaria Generaci\u00f3n Campesina <\/td><td>Ecuador<\/td><\/tr><tr><td>Oswaldo Galarza<\/td><td>Asamblea Nacional Ciudadana<\/td><td>Ecuador<\/td><\/tr><tr><td>Marcelo Roman Campa\u00f1a <\/td><td>Ex Tabajadores Petroleros<\/td><td>Ecuador<\/td><\/tr><tr><td>Dick Sell\u00e1n B<\/td><td>Observatorio Sociolaboral y del Di\u00e1logo Social en Ecuador OSLADE<\/td><td>Guayaquil <\/td><\/tr><tr><td>Marco Aparicio <\/td><td>Universitat de Girona<\/td><td>Catalu\u00f1a<\/td><\/tr><tr><td>Luis Fernando Villegas<\/td><td>Junta de Riego de Huachi<\/td><td>Ambato, Huachi Pelileo<\/td><\/tr><tr><td>Jorge Acosta<\/td><td>ASTAC &#8211; Sindicato de Trabajadores Bananeros<\/td><td>Ecuador<\/td><\/tr><tr><td>Lorena Di Giano<\/td><td>Fundaci\u00f3n GEP <\/td><td>Argentina<\/td><\/tr><tr><td>Martin Calisto Friant<\/td><td>Fundaci\u00f3n Terrasapiens<\/td><td>Ecuador<\/td><\/tr><tr><td>Mateo Velastegui<\/td><td>Radio LVM<\/td><td>Ecuador<\/td><\/tr><tr><td>Enith Flores Chamba<\/td><td>Colectivo Feminista <\/td><td>Quito<\/td><\/tr><tr><td>Jameson Menc\u00edas<\/td><td>Bloomberg Philanthropies<\/td><td>Quito<\/td><\/tr><tr><td>Aurora Donoso<\/td><td>IEETM<\/td><td>Ecuador<\/td><\/tr><tr><td>Alex Flores Alvarez<\/td><td>Plataforma \u00abVa por ti Ecuador\u00bb <\/td><td>Quito<\/td><\/tr><tr><td>Cristobal Lamar Salas<\/td><td>Coordinadora Migrante Eloy Alfaro<\/td><td>Ecuador<\/td><\/tr><tr><td>Alex Zambrano <\/td><td>C\u00eda. De artes esc\u00e9nicas ESCENADERIOS<\/td><td>Ecuador<\/td><\/tr><tr><td>Mateo Bonilla <\/td><td>Observatorio de Econom\u00eda y Trabajo &#8211; ODET<\/td><td>Quito<\/td><\/tr><tr><td>Juan F. Ruales<\/td><td>Frente de Artistad y Gestores del Ecuador. &#8211; FAGCE<\/td><td>Ecuador<\/td><\/tr><tr><td>Saskya Lamar<\/td><td>Coordinadora Migrante Eloy Alfaro- USA<\/td><td>USA<\/td><\/tr><tr><td>Germ\u00e1nico Rivadeneira<\/td><td>Asamblea Nacional Ciudadana<\/td><td>Ecuador<\/td><\/tr><tr><td>Medardo Matango<\/td><td>ITSS<\/td><td>Ecuador<\/td><\/tr><tr><td>Amparito Castillo <\/td><td>Resistencia Ciudadana del Ecuador <\/td><td>Quito <\/td><\/tr><tr><td>Jhonny Jim\u00e9nez<\/td><td>Movimiento de Econom\u00eda Social y Solidaria del Ecuador<\/td><td>Quito<\/td><\/tr><tr><td>Guillermo Calero<\/td><td>Asociaci\u00f3n de trabajador@s del transporte \u00abASOTRASET\u00bb<\/td><td>QUITO <\/td><\/tr><tr><td>Coordinadora Alternativa de J\u00f3venes y Estudiantes<\/td><td>CORAJE<\/td><td>Quito<\/td><\/tr><tr><td>Edgar Pinos Zavala<\/td><td>Iglesia de Sucumbi\u00f3s<\/td><td>Ecuador\/Sucumbi\u00f3s\/Lago Agrio<\/td><\/tr><tr><td>Marco Bustamante<\/td><td>Transpaarencia<\/td><td>Quito<\/td><\/tr><tr><td>Pablo Iturralde Blacio<\/td><td>Asamblea Nacional Ciudadana<\/td><td>Ecuador<\/td><\/tr><tr><td>Daniela Villalba<\/td><td>Asociaci\u00f3n Intercultural Canela y P\u00farpura<\/td><td>Quito<\/td><\/tr><tr><td>Wilmer Santacruz<\/td><td>RED DE MAESTROS Y MAESTRAS POR LA REVOLUCION EDUCATIVA<\/td><td>Quito<\/td><\/tr><tr><td>Ma. Natalia Y\u00e9pez Mart\u00ednez<\/td><td>Fundaci\u00f3n Amauta<\/td><td>Quito<\/td><\/tr><tr><td>Cecilia Rodr\u00edguez<\/td><td>ASO DE PARTICIPACI\u00d3N CIUDADANA AMA LA VIDA <\/td><td>Guayaquil<\/td><\/tr><tr><td>Nadia Romero<\/td><td>Colectivo de Geograf\u00eda Cr\u00edtica del Ecuador<\/td><td>Quito<\/td><\/tr><tr><td>JOSE VERA<\/td><td>Foro Polit\u00e9cnico<\/td><td>Guayaquil<\/td><\/tr><tr><td>Diana Garcia<\/td><td>Instituto de Altos Estudios Nacionales IAEN<\/td><td>Sangolqui<\/td><\/tr><tr><td>Rolando Espinoza<\/td><td>Colegio Dr Emilio Uzcategui<\/td><td>Quito<\/td><\/tr><tr><td>Johanna Elizabeth Saavedra Yagual<\/td><td>Defensorias Comunitarias de la Ni\u00f1ez y Adolescencia y Grupos Prioritarios.<\/td><td>General Villamil Playas<\/td><\/tr><tr><td>Diana Vela<\/td><td>Colectivo de Geograf\u00eda Cr\u00edtica<\/td><td>Quito<\/td><\/tr><tr><td>VINCIO ORELLANA<\/td><td>OYALEX<\/td><td>Pichincha<\/td><\/tr><tr><td>NARCISA GONZALEZ<\/td><td>Fundaci\u00f3n JUSTICIA PARA LA PAZ para la paz<\/td><td>Guayaquil Ecuador<\/td><\/tr><tr><td>Marcelo ortiz<\/td><td>Centre culturel Guayasam\u00edn de Qu\u00e9bec (CCGQ)<\/td><td>Qu\u00e9bec. Canad\u00e1<\/td><\/tr><tr><td>Leonardo Garcia<\/td><td>Red Agrooecuria del Ecuador<\/td><td>Guayas<\/td><\/tr><tr><td>Lindomar Dias Padilha <\/td><td>CIMi &#8211; Conselho Indigenista Missionario, Regional Amazonia Ocidental<\/td><td>Rio Branco , Acre &#8211; Brasil <\/td><\/tr><tr><td>Vinicio Changoluisa<\/td><td>Flavio Vinicio Changoluisa Panchi<\/td><td>Quito<\/td><\/tr><tr><td>Franklin Apolinario<\/td><td>ASOACUBRES<\/td><td>Guayaquil<\/td><\/tr><tr><td>Martha Sofia Vargas<\/td><td>CEDHU Gestora Cultural Independiente<\/td><td>Quito Pichincha<\/td><\/tr><tr><td>Maria Merchan<\/td><td>Liders comunitarios de montes sinai (orcoso)<\/td><td>Guayas<\/td><\/tr><tr><td>Patricio Moncayo<\/td><td>E.P Agustin Cueva <\/td><td>Cuenca <\/td><\/tr><tr><td>Homero Guazha Malla<\/td><td>Estudio Jur\u00eddico HG &amp; Asociadas<\/td><td>Las Lajas<\/td><\/tr><tr><td>Raquel Noemi Coronel Morocho<\/td><td>Servicio Paz y Justicia del Ecuador<\/td><td>Quito<\/td><\/tr><tr><td>Nelson Vaca<\/td><td>Fundaci\u00f3n Intiruna<\/td><td>Quito<\/td><\/tr><tr><td>David Alejandro Singa\u00f1a Tapia<\/td><td>REPMAC<\/td><td>Latacunga<\/td><\/tr><tr><td>Melissa Moreano<\/td><td>Colectivo de Geograf\u00eda Cr\u00edtica del Ecuador<\/td><td>Quito<\/td><\/tr><tr><td>DesBorde Ecuador<\/td><td>DesBorde &#8211; Ecuador<\/td><td>Quito<\/td><\/tr><tr><td>Roberto Balc\u00e1zar<\/td><td>Euro Environment Consulting<\/td><td>Chiquintad, Cuenca<\/td><\/tr><tr><td>Wendy Rosero <\/td><td>Uni\u00f3n Deliberante ESPE <\/td><td>Quito<\/td><\/tr><\/tbody><\/table>\r\n\r\n\r\n\r\n<hr class=\"wp-block-separator\"\/>\r\n\r\n\r\n\r\n<p><a>[1]&nbsp;<\/a>FMI FONDO MONETARIO INTERNACIONAL WASHINGTON, D.C. Convenio Constitutivo del Fondo Monetario Internacional.&nbsp;Washington, D.C.: FMI, 1978.<a>[2]&nbsp;<\/a>Legality of the Use by a State of Nuclear Weapons in Armed Conflict, Advisory Opinion, I. C. J. Reports 1996, p. 75 para.19:&nbsp;<em>\u201clos instrumentos constitutivos de las organizaciones internacionales son tambi\u00e9n tratados internacionales de un tipo particular; su objeto es crear nuevos sujetos de derecho dotados de cierta autonom\u00eda, a los que las partes encargan la tarea de realizar objetivos comunes\u201d<\/em><a>[3]&nbsp;<\/a>Fondo Monetario Internacional p\u00e1gina web (https:\/\/www.imf.org\/es\/About\/Factsheets\/Sheets\/2016\/08\/01\/20\/56\/Extended-Fund-Facility)<a>[4]&nbsp;<\/a>FMI FONDO MONETARIO INTERNACIONAL WASHINGTON, D.C. Convenio Constitutivo del Fondo Monetario Internacional.&nbsp;Washington, D.C.: FMI, 1978.<a>[5]&nbsp;<\/a>Fisheries Jurisdiction Case [Federal Republic of Germany v Iceland] [1973] ICJ Rep 49 paras 24-36; Kasikili\/Sedudu Island ( Botswana\/Namibia,) Judgement, I. C. J. Report.1 999, p. 1045P.1059 pag. 18 de 1969; Gabcikovo-Nagymaros Project (Hungary\/Slovakia),Judgment, I. C. J. Reports 1997,p. 38 para 46.<\/p>\r\n    \t","protected":false},"excerpt":{"rendered":"<p>La solicitud: \u201cSolicitamos que por su intermedio se requiera a [&hellip;]<\/p>\n","protected":false},"author":1,"featured_media":0,"comment_status":"open","ping_status":"open","sticky":false,"template":"","format":"standard","meta":{"_siteseo_robots_primary_cat":"","_joinchat":[],"footnotes":""},"categories":[46,9],"tags":[],"class_list":["post-5400","post","type-post","status-publish","format-standard","hentry","category-deuda","category-justiciafiscal"],"_links":{"self":[{"href":"https:\/\/cdes.org.ec\/webantigua\/wp-json\/wp\/v2\/posts\/5400","targetHints":{"allow":["GET"]}}],"collection":[{"href":"https:\/\/cdes.org.ec\/webantigua\/wp-json\/wp\/v2\/posts"}],"about":[{"href":"https:\/\/cdes.org.ec\/webantigua\/wp-json\/wp\/v2\/types\/post"}],"author":[{"embeddable":true,"href":"https:\/\/cdes.org.ec\/webantigua\/wp-json\/wp\/v2\/users\/1"}],"replies":[{"embeddable":true,"href":"https:\/\/cdes.org.ec\/webantigua\/wp-json\/wp\/v2\/comments?post=5400"}],"version-history":[{"count":1,"href":"https:\/\/cdes.org.ec\/webantigua\/wp-json\/wp\/v2\/posts\/5400\/revisions"}],"predecessor-version":[{"id":7927,"href":"https:\/\/cdes.org.ec\/webantigua\/wp-json\/wp\/v2\/posts\/5400\/revisions\/7927"}],"wp:attachment":[{"href":"https:\/\/cdes.org.ec\/webantigua\/wp-json\/wp\/v2\/media?parent=5400"}],"wp:term":[{"taxonomy":"category","embeddable":true,"href":"https:\/\/cdes.org.ec\/webantigua\/wp-json\/wp\/v2\/categories?post=5400"},{"taxonomy":"post_tag","embeddable":true,"href":"https:\/\/cdes.org.ec\/webantigua\/wp-json\/wp\/v2\/tags?post=5400"}],"curies":[{"name":"wp","href":"https:\/\/api.w.org\/{rel}","templated":true}]}}