{"id":5421,"date":"2019-03-26T13:39:45","date_gmt":"2019-03-26T18:39:45","guid":{"rendered":"https:\/\/cdes.org.ec\/webantigua\/?p=5421"},"modified":"2021-06-07T16:08:48","modified_gmt":"2021-06-07T16:08:48","slug":"acuerdo-con-el-fmi-revela-importantes-danos-en-los-derechos-economicos-y-sociales","status":"publish","type":"post","link":"https:\/\/cdes.org.ec\/webantigua\/acuerdo-con-el-fmi-revela-importantes-danos-en-los-derechos-economicos-y-sociales\/","title":{"rendered":"Acuerdo con el FMI revela importantes da\u00f1os en los derechos econ\u00f3micos y sociales"},"content":{"rendered":"\r\n<p><strong>An\u00e1lisis de CDES sobre el Acuerdo firmado entre el Gobierno y el FMI<\/strong><br><br>La publicaci\u00f3n del acuerdo firmado entre el gobierno de Len\u00edn Moreno y &nbsp;el FMI revela un impacto preocupante en los derechos humanos de las y los ecuatorianos con un grave impacto en la econom\u00eda del pa\u00eds y su repercusi\u00f3n en las condiciones generales de pobreza. <br><\/p>\r\n\r\n\r\n\r\n<p>Las duras medidas de ajuste econ\u00f3mico pretenden justificarse en base al diagn\u00f3stico que hace el FMI sobre las amenazas que implican la insostenibilidad de las importaciones y la p\u00e9rdida de reservas. Sin embargo, desde hace m\u00e1s de dos a\u00f1os el Gobierno ha ignorado las advertencias de varios analistas que han se\u00f1alado estas amenazas. La consecuencia de esa negligencia es que hoy se haya abierto la entrada al FMI. No era, ni es necesario, hipotecar el futuro del pa\u00eds. Exist\u00edan salidas si se hubiera optado por cobrar m\u00e1s impuestos a los ricos y a los importadores, en vez de cargar el costo a los trabajadores y a las empresas locales.<br><\/p>\r\n\r\n\r\n\r\n<p>El FMI sabe que el tama\u00f1o de la econom\u00eda debe ajustarse al nivel de reservas monetarias actuales de la naci\u00f3n. Por eso se ha propuesto crear desempleo para empujar a la baja los salarios y que los trabajadores demanden menos importaciones. El Gobierno ha decidido que sean los trabajadores los que paguen el ajuste, para garantizar la alta tasa de ganancia de los oligopolios importadores y asegurar el pago a los acreedores de la deuda externa.<br><\/p>\r\n\r\n\r\n\r\n<p>En estas breves l\u00edneas adelantamos algunas de nuestras principales conclusiones en base al examen del Acuerdo firmado con el FMI y el Memorando de Pol\u00edticas Econ\u00f3micas y Financieras\u00bb enviado por el Gobierno de Lenin Moreno.<br><\/p>\r\n\r\n\r\n\r\n<p>Aspectos generales:<br><\/p>\r\n\r\n\r\n\r\n<ul class=\"wp-block-list\"><li>El verdadero objetivo del Acuerdo es incrementar el coste de la vida y reducir los salarios. Para ello el Gobierno se ha comprometido a encarecer los servicios p\u00fablicos fundamentales, aumentando los impuestos y los gastos de las familias trabajadoras, a reducir los salarios y despedir funcionarios p\u00fablico, mientras se favorece el enriquecimiento de los inversores extranjeros y de las grandes empresas.<\/li><\/ul>\r\n\r\n\r\n\r\n<ul class=\"wp-block-list\"><li>El \u00abMemorando de Pol\u00edticas Econ\u00f3micas y Financieras\u00bb enviado por el Gobierno evidencia que este proceso de empobrecimiento de las mayor\u00edas sociales ha empezado ya, y que el gobierno de Moreno est\u00e1 satisfaciendo las exigencias del FMI a\u00fan antes de recibir el pr\u00e9stamo. Para ajustarse a las exigencias, desde diciembre del 2018 ya se han despedido 11820 trabajadores, se increment\u00f3 los precios de la gasolina y se aprob\u00f3 la Ley de Fomento Productivo.<\/li><\/ul>\r\n\r\n\r\n\r\n<ul class=\"wp-block-list\"><li>El Gobierno<strong> <\/strong>persigue conseguir una recesi\u00f3n econ\u00f3mica autoinducida para asegurar que los d\u00f3lares no sean usados para pagar importaciones y as\u00ed elevar las garant\u00edas de pagos futuros de la deuda externa. Seg\u00fan el FMI, en el a\u00f1o 2019 la econom\u00eda decrecer\u00e1 -0.5%. <\/li><\/ul>\r\n\r\n\r\n\r\n<ul class=\"wp-block-list\"><li>El Gobierno tiene como meta reducir el d\u00e9ficit fiscal no petrolero en un 5% del PIB, metiendo <em>freno a raya <\/em>al gasto p\u00fablico, con resultados en el desaceleramiento de la econom\u00eda, que se ahondar\u00e1 en la medida que la inversi\u00f3n no ser\u00e1 compensada por el tradicional rentismo ocioso de la gran empresa privada.<\/li><\/ul>\r\n\r\n\r\n\r\n<p>Medidas concretas<br><\/p>\r\n\r\n\r\n\r\n<ul class=\"wp-block-list\"><li>El acuerdo pone fin al financiamiento del presupuesto del Estado por parte del Banco Central, limitando as\u00ed la capacidad de decisi\u00f3n del Gobierno sobre las pol\u00edticas p\u00fablicas y la distribuci\u00f3n presupuestaria y consolidando la dependencia de los acreedores. En concreto el FMI toma las riendas de la econom\u00eda y de la pol\u00edtica del pa\u00eds.<\/li><\/ul>\r\n\r\n\r\n\r\n<ul class=\"wp-block-list\"><li>El Gobierno se ha comprometido a eliminar &nbsp;gradualmente el Impuesto a la Salida de Divisas (ISD), herramienta que ha sido determinante en el control de la fuga de capitales y la estabilidad de la dolarizaci\u00f3n.<\/li><\/ul>\r\n\r\n\r\n\r\n<ul class=\"wp-block-list\"><li> El Gobierno se compromete a incrementar los costos del di\u00e9sel (sumado al incremento del precio de la gasolina). Esta medida generar\u00e1 mayores costos de transporte e industriales, aumentar\u00e1n los precios para los consumidores y reducir\u00e1n la competitividad de las empresas locales.<\/li><li>El Gobierno va a incrementar los costos de servicios b\u00e1sicos como el agua, luz y telecomunicaciones. Este encarecimiento no se traducir\u00e1 en mayores ingresos para el Estado sino para empresas privadas beneficiadas de la concesi\u00f3n-privatizaci\u00f3n que se impulsar\u00e1 seg\u00fan los mismos t\u00e9rminos del Acuerdo con el FMI. De esa manera impedir\u00e1n a los ecuatorianos recibir las ganancias futuras de las empresa p\u00fablicas, actualmente muy rentables.<\/li><li>El Gobierno persigue la privatizaci\u00f3n del Instituto Ecuatoriano del Seguro Social (IESS) porque se ha comprometido a la \u201coptimizaci\u00f3n del sector p\u00fablico no financiero\u201d. Adem\u00e1s, utilizar\u00e1n este dinero del seguro de los trabajadores para depositarlos en el Banco Central, incrementar las reservas en miles de millones de d\u00f3lares y llevar el dinero a bancos extranjeros.<\/li><\/ul>\r\n\r\n\r\n\r\n<ul class=\"wp-block-list\"><li>El Gobierno va a aumentar los impuestos indirectos en vez de los impuestos que gravan directamente la riqueza, trasladando la carga tributaria a los pobres y la clase media. Esto incumple el art\u00edculo 300 de la Constituci\u00f3n que obliga a priorizar los impuestos directos y progresivos.<\/li><\/ul>\r\n\r\n\r\n\r\n<ul class=\"wp-block-list\"><li>Respecto de las y los trabajadores del sector p\u00fablico, el Gobierno se ha comprometido a aplicar las siguientes medidas destinadas a provocar empobrecimiento y desempleo:<ul><li>Reducci\u00f3n de los salarios de los trabajadores\/as del sector p\u00fablico por considerarlos en promedio m\u00e1s altos que los del sector privado.<\/li><li>No renovaci\u00f3n los contratos ocasionales y renovaci\u00f3n solamente de la mitad de los contratos en el sector p\u00fablico (supuestamente en \u00e1reas no sociales).<\/li><\/ul><\/li><\/ul>\r\n\r\n\r\n\r\n<ul class=\"wp-block-list\"><li>El Gobierno se ha comprometido a realizar reformas laborales precarizadoras en el sector privado, claramente inconstitucionales, con medidas para facilitar el despido y conseguir as\u00ed una mayor sumisi\u00f3n de las y los trabajadores del sector privado a las exigencias de los empleadores, en particular respecto de los salarios que se ver\u00e1n presionados a la baja mediante la incorporaci\u00f3n de cambios en la normativa para facilitar los despidos.<\/li><\/ul>\r\n\r\n\r\n\r\n<ul class=\"wp-block-list\"><li>El Gobierno maltratar\u00e1 especialmente a los sectores vulnerables, precisamente los j\u00f3venes, mujeres, ind\u00edgenas y afrodescendientes que ser\u00e1n los m\u00e1s perjudicados por la precarizaci\u00f3n laboral<\/li><\/ul>\r\n\r\n\r\n\r\n<ul class=\"wp-block-list\"><li>Respecto de las mujeres: el gobierno de Moreno se ha comprometido a  precarizar y a mantener la divisi\u00f3n sexual del trabajo, asumiendo que las mujeres prefieren los contratos precarios a tiempo parcial para desarrollar las tareas de cuidado. El machismo de estado y las p\u00e9rdidas paternalistas patriarcales no son asumibles.<\/li><\/ul>\r\n\r\n\r\n\r\n<p>Desde CDES consideramos que existe una captura corporativa clara de un Gobierno que responde a los intereses de los inversores extranjeros y del gran empresariado, cuya presencia en el ejecutivo es innegable. El objetivo del acuerdo con el FMI es garantizar el pago de los acreedores incluso si esto significa la quiebra de las empresas locales, el aumento del desempleo y la profundizaci\u00f3n de la pobreza.<br><\/p>\r\n\r\n\r\n\r\n<p>Es importante recordar que desde que se levantaron las salvaguardas comerciales y tasas arancelar\u00edas, el pa\u00eds ha entrado en un ciclo acelerado de endeudamiento para permitirse financiar importaciones. <br><\/p>\r\n\r\n\r\n\r\n<p>Queremos remarcar que existen alternativas como resolver los problemas del sector externo e impedir el desangramiento de d\u00f3lares provocado por los grandes importadores. Las \u00faltimas propuestas realizadas por la academia, se plantearon a inicios del 2018, como la presentada por el <a href=\"https:\/\/cdes.org.ec\/webantigua\/carta-presidente\/\">Foro de Economistas Progresistas<\/a> y el <a href=\"http:\/\/www.planv.com.ec\/sites\/default\/files\/carta-de-economistas-heterodoxos-al-gobierno-de-lenin-moreno-enero-2018-1_0.pdf\">Foro de Economistas Heterodoxos<\/a>. <br><\/p>\r\n\r\n\r\n\r\n<p>Con voluntad pol\u00edtica se hubiera alcanzado el equilibrio fiscal subiendo  <br>los ingresos fiscales en 2 puntos del PIB y reduciendo el gasto en otros 2 puntos, lo que habr\u00eda generado condiciones para relacionar al pa\u00eds con verdaderos socios internacionales que permitan financiar al Estado sin condicionalidades que atentan contra la soberan\u00eda nacional.<br><\/p>\r\n\r\n\r\n\r\n<p>Estas pol\u00edticas de ajuste implican un alto sacrificio de los derechos econ\u00f3micos y sociales. A pesar de que los principios rectores relativos a las evaluaciones de los efectos de las reformas econ\u00f3micas en los derechos de las Naciones Unidas, recuerdan que los Estados est\u00e1n obligados a garantizar los derechos humanos <em>incluso en tiempos de crisis<\/em>. Para cumplir, el gobierno de Lenin Moreno deber\u00eda demostrar que han hecho <em>todo lo posible para movilizar todos los recursos disponibles<\/em> para no afectar la plena realizaci\u00f3n de los derechos.<br><\/p>\r\n\r\n\r\n\r\n<p>Seg\u00fan estas directrices, movilizar todos los recursos posibles corresponde, entre otros, a: luchar contra la evasi\u00f3n y la elusi\u00f3n fiscal; asegurar un sistema tributario progresivo, incluso mediante la ampliaci\u00f3n de la base impositiva con respecto a las empresas multinacionales y los m\u00e1s ricos; evitar la competencia internacional en materia tributaria; mejorar la eficacia de la recaudaci\u00f3n de impuestos; y reorganizar las prioridades de los gastos para asegurar, entre otras cosas, una financiaci\u00f3n adecuada de los servicios p\u00fablicos.<\/p>\r\n\r\n\r\n\r\n<p>El gobierno de Lenin Moreno ha subordinado la naci\u00f3n a los objetivos del FMI. El \u00fanico sector que se puede beneficiar con este acuerdo es el liderado por \u00e9lites corporativas que propician la salida de divisas, evaden impuestos, usan para\u00edsos fiscales y prefieren un modelo de negocios basado en la flexibilizaci\u00f3n laboral sin derechos para los trabajadores. <br><br>CDES 26 de marzo del 2019<br>Pablo Jos\u00e9 Iturralde y Adoraci\u00f3n Guam\u00e1n<\/p>\r\n\r\n\r\n\r\n<figure class=\"wp-block-image\"><img decoding=\"async\" width=\"850\" height=\"638\" src=\"https:\/\/cdes.org.ec\/webantigua\/wp-content\/uploads\/2019\/03\/derechos.jpg\" alt=\"\" class=\"wp-image-5422\" srcset=\"https:\/\/cdes.org.ec\/webantigua\/wp-content\/uploads\/2019\/03\/derechos-200x150.jpg 200w, https:\/\/cdes.org.ec\/webantigua\/wp-content\/uploads\/2019\/03\/derechos-300x225.jpg 300w, https:\/\/cdes.org.ec\/webantigua\/wp-content\/uploads\/2019\/03\/derechos-400x300.jpg 400w, https:\/\/cdes.org.ec\/webantigua\/wp-content\/uploads\/2019\/03\/derechos-600x450.jpg 600w, https:\/\/cdes.org.ec\/webantigua\/wp-content\/uploads\/2019\/03\/derechos-768x576.jpg 768w, https:\/\/cdes.org.ec\/webantigua\/wp-content\/uploads\/2019\/03\/derechos-800x600.jpg 800w, https:\/\/cdes.org.ec\/webantigua\/wp-content\/uploads\/2019\/03\/derechos.jpg 850w\" sizes=\"(max-width: 850px) 100vw, 850px\" \/><\/figure>\r\n    \t","protected":false},"excerpt":{"rendered":"<p>An\u00e1lisis de CDES sobre el Acuerdo firmado entre el Gobierno [&hellip;]<\/p>\n","protected":false},"author":1,"featured_media":5422,"comment_status":"open","ping_status":"open","sticky":false,"template":"","format":"standard","meta":{"_siteseo_robots_primary_cat":"","_joinchat":[],"footnotes":""},"categories":[46,9],"tags":[],"class_list":["post-5421","post","type-post","status-publish","format-standard","has-post-thumbnail","hentry","category-deuda","category-justiciafiscal"],"_links":{"self":[{"href":"https:\/\/cdes.org.ec\/webantigua\/wp-json\/wp\/v2\/posts\/5421","targetHints":{"allow":["GET"]}}],"collection":[{"href":"https:\/\/cdes.org.ec\/webantigua\/wp-json\/wp\/v2\/posts"}],"about":[{"href":"https:\/\/cdes.org.ec\/webantigua\/wp-json\/wp\/v2\/types\/post"}],"author":[{"embeddable":true,"href":"https:\/\/cdes.org.ec\/webantigua\/wp-json\/wp\/v2\/users\/1"}],"replies":[{"embeddable":true,"href":"https:\/\/cdes.org.ec\/webantigua\/wp-json\/wp\/v2\/comments?post=5421"}],"version-history":[{"count":1,"href":"https:\/\/cdes.org.ec\/webantigua\/wp-json\/wp\/v2\/posts\/5421\/revisions"}],"predecessor-version":[{"id":7914,"href":"https:\/\/cdes.org.ec\/webantigua\/wp-json\/wp\/v2\/posts\/5421\/revisions\/7914"}],"wp:featuredmedia":[{"embeddable":true,"href":"https:\/\/cdes.org.ec\/webantigua\/wp-json\/wp\/v2\/media\/5422"}],"wp:attachment":[{"href":"https:\/\/cdes.org.ec\/webantigua\/wp-json\/wp\/v2\/media?parent=5421"}],"wp:term":[{"taxonomy":"category","embeddable":true,"href":"https:\/\/cdes.org.ec\/webantigua\/wp-json\/wp\/v2\/categories?post=5421"},{"taxonomy":"post_tag","embeddable":true,"href":"https:\/\/cdes.org.ec\/webantigua\/wp-json\/wp\/v2\/tags?post=5421"}],"curies":[{"name":"wp","href":"https:\/\/api.w.org\/{rel}","templated":true}]}}