{"id":5441,"date":"2019-04-03T13:48:00","date_gmt":"2019-04-03T18:48:00","guid":{"rendered":"https:\/\/cdes.org.ec\/webantigua\/?p=5441"},"modified":"2021-06-07T16:06:56","modified_gmt":"2021-06-07T16:06:56","slug":"corte-aplaza-hasta-el-9-de-abril-la-audiencia-de-acceso-a-la-informacion-sobre-acuerdo-con-el-fmi","status":"publish","type":"post","link":"https:\/\/cdes.org.ec\/webantigua\/corte-aplaza-hasta-el-9-de-abril-la-audiencia-de-acceso-a-la-informacion-sobre-acuerdo-con-el-fmi\/","title":{"rendered":"Corte aplaza hasta el 9 de abril la audiencia de acceso a la informaci\u00f3n sobre acuerdo con el FMI"},"content":{"rendered":"\r\n<p>La audiencia de acci\u00f3n de acceso a la informaci\u00f3n p\u00fablica sobre el acuerdo firmado entre el Gobierno Nacional y el Fondo Monetario Internacional (FMI) se suspendi\u00f3 para el pr\u00f3ximo 9 de abril, a las 10h00. La diligencia se realizar\u00e1 en el Complejo Judicial Norte, en Quito.<br><br>El 27 de febrero, la Defensor\u00eda solicit\u00f3 al Ministerio de Finanzas que remita, en el plazo de 8 d\u00edas, el acuerdo alcanzado con el Fondo Monetario Internacional y todos los documentos vinculados. Esta solicitud la realiz\u00f3 con el apoyo de <a href=\"https:\/\/cdes.org.ec\/webantigua\/firma-para-respaldar-que-la-defensoria-del-pueblo-solicite-una-medida-cautelar-para-evitar-que-fmi-vulnere-los-derechos-humanos-y-viole-la-constitucion-ecuatoriana\/\">m\u00e1s de 500 personas y 70 organizaciones que esperaban una medida cautelar para evitar que el Acuerdo con el FMI viole derechos y vulnere la Constituci\u00f3n<\/a>.<br><br>El 2 abril se dio una primera Audiencia P\u00fablica a la que asistieron la Defensor\u00eda del Pueblo, Ministerio de Finanzas y el representante del Contralor General del Estado. Adem\u00e1s comparecieron, en calidad de Amicus Curiae, el Centro de Derechos Econ\u00f3micos y Sociales (CDES) y la asamble\u00edsta Esther Cuesta Santana. Sin embargo, en un hecho poco com\u00fan en este tipo de solicitudes, la Juez decidi\u00f3 aplazar la audiencia hasta el 9 de abril.<\/p>\r\n\r\n\r\n\r\n<p>En la audiencia el Ministerio de Finanzas se neg\u00f3 a entregar la informaci\u00f3n desconociendo que el Acuerdo es un tratado internacional que deber\u00eda ser evaluado en la Corte Constitucional y la Asamblea Nacional. <\/p>\r\n\r\n\r\n\r\n<p><a href=\"https:\/\/cdes.org.ec\/webantigua\/presentamos-a-la-corte-un-amicus-curiae-para-exigir-la-publicacion-de-todo-el-acuerdo-con-el-fmi\/\">CDES, en coordinaci\u00f3n con varias organizaciones ciudadanas, entreg\u00f3 un Amicus Curiae<\/a> para explicar la importancia de publicar la informaci\u00f3n debido a que la opacidad contribuye a vulnerar varios derechos e impide una evaluaci\u00f3n adecuada. <\/p>\r\n\r\n\r\n\r\n<p>Adoraci\u00f3n Guam\u00e1n, en representaci\u00f3n del Centro de Derechos Econ\u00f3micos y Sociales, argument\u00f3 que si el acuerdo entre el Gobierno y el FMI se publica para acceso de toda la poblaci\u00f3n, se dar\u00eda lugar un debate p\u00fablico y democr\u00e1tico para evaluar el impacto en los derechos y sus consecuencias en la econom\u00eda del pa\u00eds, \u00abno estamos dispuestos a ceder derechos\u00bb enfatiz\u00f3.<br><br>Ver tambi\u00e9n reportaje de TC Televisi\u00f3n <a href=\"https:\/\/www.tctelevision.com\/noticias\/accion-de-acceso-a-la-informacion-por-acuerdo-con-fmi\">Acci\u00f3n de Acceso a la Informaci\u00f3n P\u00fablica sobre Acuerdo con FMI<\/a><\/p>\r\n\r\n\r\n\r\n<p><\/p>\r\n\r\n\r\n\r\n<figure class=\"wp-block-image\"><img decoding=\"async\" width=\"982\" height=\"503\" src=\"https:\/\/cdes.org.ec\/webantigua\/wp-content\/uploads\/2019\/04\/image.png\" alt=\"\" class=\"wp-image-5442\" srcset=\"https:\/\/cdes.org.ec\/webantigua\/wp-content\/uploads\/2019\/04\/image-200x102.png 200w, https:\/\/cdes.org.ec\/webantigua\/wp-content\/uploads\/2019\/04\/image-300x154.png 300w, https:\/\/cdes.org.ec\/webantigua\/wp-content\/uploads\/2019\/04\/image-400x205.png 400w, https:\/\/cdes.org.ec\/webantigua\/wp-content\/uploads\/2019\/04\/image-600x307.png 600w, https:\/\/cdes.org.ec\/webantigua\/wp-content\/uploads\/2019\/04\/image-768x393.png 768w, https:\/\/cdes.org.ec\/webantigua\/wp-content\/uploads\/2019\/04\/image-800x410.png 800w, https:\/\/cdes.org.ec\/webantigua\/wp-content\/uploads\/2019\/04\/image.png 982w\" sizes=\"(max-width: 982px) 100vw, 982px\" \/><\/figure>\r\n\r\n\r\n\r\n<p><br><\/p>\r\n\r\n\r\n\r\n<p><\/p>\r\n    \t","protected":false},"excerpt":{"rendered":"<p>La audiencia de acci\u00f3n de acceso a la informaci\u00f3n p\u00fablica [&hellip;]<\/p>\n","protected":false},"author":1,"featured_media":5442,"comment_status":"open","ping_status":"open","sticky":true,"template":"","format":"standard","meta":{"_siteseo_robots_primary_cat":"","_joinchat":[],"footnotes":""},"categories":[46,8],"tags":[],"class_list":["post-5441","post","type-post","status-publish","format-standard","has-post-thumbnail","hentry","category-deuda","category-tnc"],"_links":{"self":[{"href":"https:\/\/cdes.org.ec\/webantigua\/wp-json\/wp\/v2\/posts\/5441","targetHints":{"allow":["GET"]}}],"collection":[{"href":"https:\/\/cdes.org.ec\/webantigua\/wp-json\/wp\/v2\/posts"}],"about":[{"href":"https:\/\/cdes.org.ec\/webantigua\/wp-json\/wp\/v2\/types\/post"}],"author":[{"embeddable":true,"href":"https:\/\/cdes.org.ec\/webantigua\/wp-json\/wp\/v2\/users\/1"}],"replies":[{"embeddable":true,"href":"https:\/\/cdes.org.ec\/webantigua\/wp-json\/wp\/v2\/comments?post=5441"}],"version-history":[{"count":1,"href":"https:\/\/cdes.org.ec\/webantigua\/wp-json\/wp\/v2\/posts\/5441\/revisions"}],"predecessor-version":[{"id":7913,"href":"https:\/\/cdes.org.ec\/webantigua\/wp-json\/wp\/v2\/posts\/5441\/revisions\/7913"}],"wp:featuredmedia":[{"embeddable":true,"href":"https:\/\/cdes.org.ec\/webantigua\/wp-json\/wp\/v2\/media\/5442"}],"wp:attachment":[{"href":"https:\/\/cdes.org.ec\/webantigua\/wp-json\/wp\/v2\/media?parent=5441"}],"wp:term":[{"taxonomy":"category","embeddable":true,"href":"https:\/\/cdes.org.ec\/webantigua\/wp-json\/wp\/v2\/categories?post=5441"},{"taxonomy":"post_tag","embeddable":true,"href":"https:\/\/cdes.org.ec\/webantigua\/wp-json\/wp\/v2\/tags?post=5441"}],"curies":[{"name":"wp","href":"https:\/\/api.w.org\/{rel}","templated":true}]}}