{"id":5447,"date":"2019-04-10T10:10:09","date_gmt":"2019-04-10T15:10:09","guid":{"rendered":"https:\/\/cdes.org.ec\/webantigua\/?p=5447"},"modified":"2021-06-07T16:03:22","modified_gmt":"2021-06-07T16:03:22","slug":"se-nego-solicitud-de-informacion-para-conocer-el-acuerdo-alcanzado-con-el-fmi","status":"publish","type":"post","link":"https:\/\/cdes.org.ec\/webantigua\/se-nego-solicitud-de-informacion-para-conocer-el-acuerdo-alcanzado-con-el-fmi\/","title":{"rendered":"Se neg\u00f3 solicitud de informaci\u00f3n para conocer el Acuerdo alcanzado con el FMI"},"content":{"rendered":"\r\n<p><em>Fuente en ingl\u00e9s: <\/em><a href=\"https:\/\/www.telesurenglish.net\/news\/Ecuador-Censures-Request-to-Access-All-Terms-and-Conditions-of-IMF-Dea-20190409-0026.html\"><em>teleSur <\/em><\/a><em>Ecuador Censures Request to Access All Terms and Conditions of IMF Dea.<\/em><br><br>Una\u00a0juez\u00a0ecuatoriana\u00a0rechaz\u00f3 el martes la solicitud de la oficina del Defensor del Pueblo para acceder a la informaci\u00f3n p\u00fablica sobre las condiciones y los t\u00e9rminos del nuevo\u00a0<a rel=\"noreferrer noopener\" href=\"https:\/\/www.telesurenglish.net\/news\/IMF-Approves-4.2B-Fund-for-Ecuador-20190311-0018.html\" target=\"_blank\">acuerdo<\/a>\u00a0alcanzado entre el gobierno de Lenin Moreno y el Fondo Monetario Internacional (FMI) el 11 de marzo, por US $ 4,2 mil millones.<br><\/p>\r\n\r\n\r\n\r\n<p>\u00abIniciamos esta solicitud para que todo lo que se negoci\u00f3 en el nuevo acuerdo con el FMI pueda ser transparente para el pueblo ecuatoriano\u00bb, declar\u00f3 el representante de la Defensor\u00eda del Pueblo, Harold Burbano. &nbsp;<\/p>\r\n\r\n\r\n\r\n<p>La solicitud se envi\u00f3 el 27 de febrero, seis d\u00edas despu\u00e9s de que se alcanz\u00f3 el acuerdo a nivel de funcionarios.&nbsp;Sin embargo, fue m\u00e1s de un mes despu\u00e9s y despu\u00e9s del primer desembolso, el 15 de marzo, que se realiz\u00f3 una audiencia p\u00fablica el martes entre el Ministerio de Finanzas y Econom\u00eda y la oficina del Defensor del Pueblo.&nbsp;<\/p>\r\n\r\n\r\n\r\n<p>Luego de la deliberaci\u00f3n de ambas partes, la jueza Lilia Aguilar estuvo de acuerdo con los acusados \u200b\u200by dijo que la informaci\u00f3n publicada el 21 de marzo ya cubre todas las \u00e1reas que involucran el acuerdo.&nbsp;Los documentos que se hicieron p\u00fablicos son la Carta de Intenci\u00f3n del Ecuador, el an\u00e1lisis del personal del FMI (Art\u00edculo IV) y una Carta de Apoyo Internacional.&nbsp;<\/p>\r\n\r\n\r\n\r\n<p>El Director del Centro de Derechos Econ\u00f3micos y Sociales (CDES), Pablo Iturralde, dijo a teleSUR, que estos documentos publicados no son espec\u00edficamente el acuerdo firmado, la carta de intenci\u00f3n es solo una declaraci\u00f3n unilateral de voluntad de Ecuador, el Art\u00edculo IV del FMI es un examen financiero, y tres de los cuatro documentos est\u00e1n en ingl\u00e9s, lo que los hace inaccesibles para la mayor\u00eda de los ecuatorianos.<\/p>\r\n\r\n\r\n\r\n<p>\u00abSobre la base de experiencias pasadas y extranjeras, tiene que haber un acuerdo real donde todas las condicionalidades se explican con un calendario y objetivos a corto y largo plazo\u00bb, agreg\u00f3 Iturralde, cuya organizaci\u00f3n present\u00f3 una noci\u00f3n de Amicus Curiae, para ayudar durante el juicio.<br><\/p>\r\n\r\n\r\n\r\n<p>El acceso a la solicitud de informaci\u00f3n est\u00e1 protegido por el art\u00edculo 91 de la&nbsp;<a href=\"https:\/\/www.oas.org\/juridico\/mla\/sp\/ecu\/sp_ecu-int-text-const.pdf\" target=\"_blank\" rel=\"noreferrer noopener\">Constituci\u00f3n<\/a>&nbsp;de Ecuador&nbsp;, ya que garantiza el acceso a la informaci\u00f3n p\u00fablica \u00abcuando ha sido denegada expl\u00edcita o t\u00e1citamente, o cuando la que se proporciona no es completa o confiable\u00bb, el art\u00edculo incluso afirma que se puede interponer&nbsp;\u00abincluso si la negativa se basa en una naturaleza secreta o confidencial\u00bb. Sin embargo, para la&nbsp;juez local, el Ministerio de Econom\u00eda y Finanzas no viol\u00f3 este art\u00edculo.&nbsp;<\/p>\r\n\r\n\r\n\r\n<p>\u00abUn acuerdo con el FMI no puede ser unilateral, por lo que si no hay un documento firmado, hubo al menos un acuerdo verbal o un apret\u00f3n de manos entre la instituci\u00f3n y el gobierno, y esos t\u00e9rminos deben hacerse p\u00fablicos\u00bb, declar\u00f3 Iturralde.<\/p>\r\n\r\n\r\n\r\n<p>Hasta el martes, la oficina del Defensor del Pueblo apel\u00f3 a una instancia superior y se celebrar\u00e1 una nueva audiencia el viernes 12 de abril en el tribunal provincial.&nbsp;Si el resultado es el mismo, las organizaciones iniciar\u00e1n procedimientos para impugnarlo ante un tribunal constitucional, ya que todo el proceso de acuerdo con el FMI est\u00e1 manchado con acuerdos inconstitucionales.&nbsp;<\/p>\r\n\r\n\r\n\r\n<p>Lo principal, que ser\u00e1 la base para la demanda, es la violaci\u00f3n de los art\u00edculos 419 y 439, que establece que la Corte Constitucional y la Asamblea Nacional tuvo que aprobar el acuerdo internacional, ya que afecta a las leyes nacionales y el plan de desarrollo del pa\u00eds.&nbsp;Lo que ninguna de las dos instituciones hizo. &nbsp;<\/p>\r\n    \t","protected":false},"excerpt":{"rendered":"<p>Fuente en ingl\u00e9s: teleSur Ecuador Censures Request to Access All [&hellip;]<\/p>\n","protected":false},"author":1,"featured_media":5448,"comment_status":"open","ping_status":"open","sticky":false,"template":"","format":"standard","meta":{"_siteseo_robots_primary_cat":"","_joinchat":[],"footnotes":""},"categories":[46,9],"tags":[],"class_list":["post-5447","post","type-post","status-publish","format-standard","has-post-thumbnail","hentry","category-deuda","category-justiciafiscal"],"_links":{"self":[{"href":"https:\/\/cdes.org.ec\/webantigua\/wp-json\/wp\/v2\/posts\/5447","targetHints":{"allow":["GET"]}}],"collection":[{"href":"https:\/\/cdes.org.ec\/webantigua\/wp-json\/wp\/v2\/posts"}],"about":[{"href":"https:\/\/cdes.org.ec\/webantigua\/wp-json\/wp\/v2\/types\/post"}],"author":[{"embeddable":true,"href":"https:\/\/cdes.org.ec\/webantigua\/wp-json\/wp\/v2\/users\/1"}],"replies":[{"embeddable":true,"href":"https:\/\/cdes.org.ec\/webantigua\/wp-json\/wp\/v2\/comments?post=5447"}],"version-history":[{"count":1,"href":"https:\/\/cdes.org.ec\/webantigua\/wp-json\/wp\/v2\/posts\/5447\/revisions"}],"predecessor-version":[{"id":7912,"href":"https:\/\/cdes.org.ec\/webantigua\/wp-json\/wp\/v2\/posts\/5447\/revisions\/7912"}],"wp:featuredmedia":[{"embeddable":true,"href":"https:\/\/cdes.org.ec\/webantigua\/wp-json\/wp\/v2\/media\/5448"}],"wp:attachment":[{"href":"https:\/\/cdes.org.ec\/webantigua\/wp-json\/wp\/v2\/media?parent=5447"}],"wp:term":[{"taxonomy":"category","embeddable":true,"href":"https:\/\/cdes.org.ec\/webantigua\/wp-json\/wp\/v2\/categories?post=5447"},{"taxonomy":"post_tag","embeddable":true,"href":"https:\/\/cdes.org.ec\/webantigua\/wp-json\/wp\/v2\/tags?post=5447"}],"curies":[{"name":"wp","href":"https:\/\/api.w.org\/{rel}","templated":true}]}}