{"id":5470,"date":"2019-06-25T14:07:18","date_gmt":"2019-06-25T19:07:18","guid":{"rendered":"https:\/\/cdes.org.ec\/webantigua\/?p=5470"},"modified":"2019-06-25T14:07:18","modified_gmt":"2019-06-25T19:07:18","slug":"jornada-justicia-fiscal-e-incentivos-tributarios","status":"publish","type":"post","link":"https:\/\/cdes.org.ec\/webantigua\/jornada-justicia-fiscal-e-incentivos-tributarios\/","title":{"rendered":"Jornada justicia fiscal e incentivos tributarios"},"content":{"rendered":"\n<p style=\"text-align:center\"><strong>TODOS LOS EVENTOS SE REALIZAR\u00c1N EN LA TORRE 1, AUDITORIO 3 DE LA UNIVERSIDAD CAT\u00d3LICA DEL ECUADOR (PUCE)<\/strong><\/p>\n\n\n\n<p><strong>El Taller Privilegios Tributarios y Justicia Fiscal tiene como objetivos los siguientes:<\/strong><br><\/p>\n\n\n\n<ol class=\"wp-block-list\"><li>Conocer, discutir y aportar las propuestas que se est\u00e1n levantando frente a los Privilegios Tributarios en el \u00c1rea Andina desde los enfoques beneficio-costo, g\u00e9nero y fiscalidad y territorio y fiscalidad.<\/li><\/ol>\n\n\n\n<ol class=\"wp-block-list\"><li>Aportar y determinar las Estrategias de la Campa\u00f1a Regional sobre Justicia Fiscal frente a la problem\u00e1tica de los privilegios tributarios a partir de un trabajo multiactor y multinacional.&nbsp;<\/li><\/ol>\n\n\n\n<p>Se contar\u00e1 como actividades complementarias al taller la Presentaci\u00f3n del Estudio Beneficio- Costo-Sector Comunicaciones Ecuador y la Mesa Redonda sobre Econom\u00edas Alternativas y Justicia Fiscal.\u00a0<\/p>\n\n\n\n<figure class=\"wp-block-image\"><img decoding=\"async\" width=\"720\" height=\"405\" src=\"https:\/\/cdes.org.ec\/webantigua\/wp-content\/uploads\/2019\/06\/image-1.png\" alt=\"\" class=\"wp-image-5475\" srcset=\"https:\/\/cdes.org.ec\/webantigua\/wp-content\/uploads\/2019\/06\/image-1-200x113.png 200w, https:\/\/cdes.org.ec\/webantigua\/wp-content\/uploads\/2019\/06\/image-1-300x169.png 300w, https:\/\/cdes.org.ec\/webantigua\/wp-content\/uploads\/2019\/06\/image-1-400x225.png 400w, https:\/\/cdes.org.ec\/webantigua\/wp-content\/uploads\/2019\/06\/image-1-600x338.png 600w, https:\/\/cdes.org.ec\/webantigua\/wp-content\/uploads\/2019\/06\/image-1.png 720w\" sizes=\"(max-width: 720px) 100vw, 720px\" \/><\/figure>\n\n\n\n<p><\/p>\n\n\n\n<figure class=\"wp-block-image\"><img decoding=\"async\" width=\"940\" height=\"788\" src=\"https:\/\/cdes.org.ec\/webantigua\/wp-content\/uploads\/2019\/06\/fiscal.jpg\" alt=\"\" class=\"wp-image-5472\" srcset=\"https:\/\/cdes.org.ec\/webantigua\/wp-content\/uploads\/2019\/06\/fiscal-200x168.jpg 200w, https:\/\/cdes.org.ec\/webantigua\/wp-content\/uploads\/2019\/06\/fiscal-300x251.jpg 300w, https:\/\/cdes.org.ec\/webantigua\/wp-content\/uploads\/2019\/06\/fiscal-400x335.jpg 400w, https:\/\/cdes.org.ec\/webantigua\/wp-content\/uploads\/2019\/06\/fiscal-600x503.jpg 600w, https:\/\/cdes.org.ec\/webantigua\/wp-content\/uploads\/2019\/06\/fiscal-768x644.jpg 768w, https:\/\/cdes.org.ec\/webantigua\/wp-content\/uploads\/2019\/06\/fiscal-800x671.jpg 800w, https:\/\/cdes.org.ec\/webantigua\/wp-content\/uploads\/2019\/06\/fiscal.jpg 940w\" sizes=\"(max-width: 940px) 100vw, 940px\" \/><\/figure>\n\n\n\n<p><strong>Programa 27 y 28 de junio<\/strong><\/p>\n\n\n\n<p><strong>Jueves 27 de junio<\/strong><\/p>\n\n\n\n<p><strong>Taller Privilegios Tributarios y Justicia Fiscal (1)<\/strong><\/p>\n\n\n\n<p>9.00 \tSaludo, presentaci\u00f3n de taller y participantes<\/p>\n\n\n\n<p>Pablo Iturralde CDES \u2013Red de Justicia Fiscal LAC, In\u00e9s Barboza SES \u2013Red de Justicia Fiscal LAC, Hugo Arias Jubileo Ecuador.&nbsp;<\/p>\n\n\n\n<p>9.20\tPresentaci\u00f3n del programa del taller&nbsp;<\/p>\n\n\n\n<p>R\u00f3mulo Torres -Campa\u00f1a Regional por la Justicia Fiscal&nbsp;<\/p>\n\n\n\n<p>9.30 \tPresentaci\u00f3n <em>Privilegios<\/em> <em>Tributarios: relaci\u00f3n con flujos il\u00edcitos y beneficio-costo<\/em>&nbsp;<\/p>\n\n\n\n<p>Rodolfo Bejarano LATINDADD y Sebasti\u00e1n Carvajal Consultor CDES&nbsp;<\/p>\n\n\n\n<p>10.00\tComentarios y aportes<\/p>\n\n\n\n<p>10.30\tPropuesta <em>Privilegios tributarios y Justicia Fiscal en Colombia<\/em>&nbsp;<\/p>\n\n\n\n<p>Enrique Daza \u2013Red de Justicia Tributaria de Colombia<\/p>\n\n\n\n<p>10.50\tPropuesta <em>Privilegios tributarios y Justicia Fiscal en Ecuador<\/em>&nbsp;<\/p>\n\n\n\n<p>Pablo Iturralde -CDES Ecuador<\/p>\n\n\n\n<p>11.10\tRefrigerio<\/p>\n\n\n\n<p>11.20\tPropuesta <em>Privilegios tributarios y Justicia Fiscal en Per\u00fa<\/em>&nbsp;<\/p>\n\n\n\n<p>Carlos Arana -Grupo Nacional de Presupuesto Per\u00fa<\/p>\n\n\n\n<p>11.40\tPropuesta <em>Privilegios tributarios y Justicia Fiscal en Bolivia<\/em><\/p>\n\n\n\n<p>Ren\u00e9 Mart\u00ednez, Fundaci\u00f3n Jubileo<\/p>\n\n\n\n<p>12.00\tPreguntas de los participantes<\/p>\n\n\n\n<p>12.15\tRespuestas<\/p>\n\n\n\n<p>13.00\tAlmuerzo<\/p>\n\n\n\n<p>15.00\tComentarios de Nicol\u00e1s Oliva (beneficio-costo), Ver\u00f3nica Serafini (g\u00e9nero), Katiuska King (justicia fiscal) y representante de COICA (territorio)<\/p>\n\n\n\n<p>16.00 Discusi\u00f3n general &nbsp;&nbsp;&nbsp;&nbsp;&nbsp;<\/p>\n\n\n\n<p>17.00 Cierre de actividad<\/p>\n\n\n\n<p><\/p>\n\n\n\n<p><\/p>\n\n\n\n<figure class=\"wp-block-image\"><img decoding=\"async\" width=\"940\" height=\"788\" src=\"https:\/\/cdes.org.ec\/webantigua\/wp-content\/uploads\/2019\/06\/pRESENTAMOS-NUESTRA-ULTIMA-INVESTIGACION-PRIVILEGIOS-EN-ECUADOR-Incentivos-tributarios-a-las-grandes-empresas-de-telecomunicaciones-2.png\" alt=\"\" class=\"wp-image-5473\" srcset=\"https:\/\/cdes.org.ec\/webantigua\/wp-content\/uploads\/2019\/06\/pRESENTAMOS-NUESTRA-ULTIMA-INVESTIGACION-PRIVILEGIOS-EN-ECUADOR-Incentivos-tributarios-a-las-grandes-empresas-de-telecomunicaciones-2-200x168.png 200w, https:\/\/cdes.org.ec\/webantigua\/wp-content\/uploads\/2019\/06\/pRESENTAMOS-NUESTRA-ULTIMA-INVESTIGACION-PRIVILEGIOS-EN-ECUADOR-Incentivos-tributarios-a-las-grandes-empresas-de-telecomunicaciones-2-300x251.png 300w, https:\/\/cdes.org.ec\/webantigua\/wp-content\/uploads\/2019\/06\/pRESENTAMOS-NUESTRA-ULTIMA-INVESTIGACION-PRIVILEGIOS-EN-ECUADOR-Incentivos-tributarios-a-las-grandes-empresas-de-telecomunicaciones-2-400x335.png 400w, https:\/\/cdes.org.ec\/webantigua\/wp-content\/uploads\/2019\/06\/pRESENTAMOS-NUESTRA-ULTIMA-INVESTIGACION-PRIVILEGIOS-EN-ECUADOR-Incentivos-tributarios-a-las-grandes-empresas-de-telecomunicaciones-2-600x503.png 600w, https:\/\/cdes.org.ec\/webantigua\/wp-content\/uploads\/2019\/06\/pRESENTAMOS-NUESTRA-ULTIMA-INVESTIGACION-PRIVILEGIOS-EN-ECUADOR-Incentivos-tributarios-a-las-grandes-empresas-de-telecomunicaciones-2-768x644.png 768w, https:\/\/cdes.org.ec\/webantigua\/wp-content\/uploads\/2019\/06\/pRESENTAMOS-NUESTRA-ULTIMA-INVESTIGACION-PRIVILEGIOS-EN-ECUADOR-Incentivos-tributarios-a-las-grandes-empresas-de-telecomunicaciones-2-800x671.png 800w, https:\/\/cdes.org.ec\/webantigua\/wp-content\/uploads\/2019\/06\/pRESENTAMOS-NUESTRA-ULTIMA-INVESTIGACION-PRIVILEGIOS-EN-ECUADOR-Incentivos-tributarios-a-las-grandes-empresas-de-telecomunicaciones-2.png 940w\" sizes=\"(max-width: 940px) 100vw, 940px\" \/><\/figure>\n\n\n\n<p><strong>Foro P\u00fablico \u00a0\u00a0<\/strong><\/p>\n\n\n\n<p><strong>Presentaci\u00f3n del estudio <\/strong><strong><em>Beneficio-costo del sector comunicaciones<\/em><\/strong><\/p>\n\n\n\n<p>17.35 \tPresentaci\u00f3n del Foro<\/p>\n\n\n\n<p>Pablo Iturralde -CDES<\/p>\n\n\n\n<p>17.35 \tPresentaci\u00f3n del estudio <em>Beneficio-costo del sector comunicaciones en Ecuador<\/em><\/p>\n\n\n\n<p>Sebasti\u00e1n Carvajal -CDES<\/p>\n\n\n\n<p>18.00\tPanel de comentarios<\/p>\n\n\n\n<p>Enrique Daza (Colombia), Carlos Arana (Per\u00fa), Diana Delgado (Ecuador) REMTE (Ecuador)<\/p>\n\n\n\n<p>18.30\tPreguntas y comentarios del p\u00fablico<\/p>\n\n\n\n<p>19.00\tCierre &nbsp;&nbsp;&nbsp;<\/p>\n\n\n\n<p><strong>Viernes 28 de junio&nbsp;<\/strong><\/p>\n\n\n\n<p><strong>Taller Privilegios Tributarios y Justicia Fiscal (2)<\/strong><\/p>\n\n\n\n<p>9.00\tPresentaci\u00f3n del trabajo del segundo d\u00eda e informe sobre aportes del <em>V Encuentro Multiactores por Justicia Fiscal<\/em>&nbsp;<\/p>\n\n\n\n<p>R\u00f3mulo Torres -Campa\u00f1a Regional por la Justicia Fiscal&nbsp;<\/p>\n\n\n\n<p>9.30\tReuniones por sectores sindical, ind\u00edgena y mujeres para intercambiar sobre lo expuesto&nbsp;y para establecer&nbsp;aportes a la Campa\u00f1a y al trabajo sectorial por pa\u00eds<\/p>\n\n\n\n<ul class=\"wp-block-list\"><li>9.30 a 11.30 Reuniones por sector<\/li><\/ul>\n\n\n\n<p>Facilitadores: Rodolfo Bejarano , Ver\u00f3nica Serafini y Germ\u00e1n Ni\u00f1o<\/p>\n\n\n\n<ul class=\"wp-block-list\"><li>11.30 a 12.30 Reuniones por pa\u00eds&nbsp;<\/li><\/ul>\n\n\n\n<p>Facilitadores: Enrique Daza, Pablo Iturralde, Carlos Arana y Ren\u00e9 Mart\u00ednez&nbsp;<\/p>\n\n\n\n<p>12.30\tAlmuerzo<\/p>\n\n\n\n<p>14.30\tPlenario y debate general<\/p>\n\n\n\n<p>16.00\tEstrategia de Campa\u00f1a&nbsp;<\/p>\n\n\n\n<p>In\u00e9s Barboza SES \u2013Red de Justicia Fiscal LAC &nbsp;&nbsp;&nbsp;<\/p>\n\n\n\n<p>16.30 Cierre.<\/p>\n\n\n\n<p><\/p>\n\n\n\n<p><\/p>\n\n\n\n<figure class=\"wp-block-image\"><img decoding=\"async\" width=\"940\" height=\"788\" src=\"https:\/\/cdes.org.ec\/webantigua\/wp-content\/uploads\/2019\/06\/Utopias-reales-para-transformar-el-mundo.png\" alt=\"\" class=\"wp-image-5474\" srcset=\"https:\/\/cdes.org.ec\/webantigua\/wp-content\/uploads\/2019\/06\/Utopias-reales-para-transformar-el-mundo-200x168.png 200w, https:\/\/cdes.org.ec\/webantigua\/wp-content\/uploads\/2019\/06\/Utopias-reales-para-transformar-el-mundo-300x251.png 300w, https:\/\/cdes.org.ec\/webantigua\/wp-content\/uploads\/2019\/06\/Utopias-reales-para-transformar-el-mundo-400x335.png 400w, https:\/\/cdes.org.ec\/webantigua\/wp-content\/uploads\/2019\/06\/Utopias-reales-para-transformar-el-mundo-600x503.png 600w, https:\/\/cdes.org.ec\/webantigua\/wp-content\/uploads\/2019\/06\/Utopias-reales-para-transformar-el-mundo-768x644.png 768w, https:\/\/cdes.org.ec\/webantigua\/wp-content\/uploads\/2019\/06\/Utopias-reales-para-transformar-el-mundo-800x671.png 800w, https:\/\/cdes.org.ec\/webantigua\/wp-content\/uploads\/2019\/06\/Utopias-reales-para-transformar-el-mundo.png 940w\" sizes=\"(max-width: 940px) 100vw, 940px\" \/><\/figure>\n\n\n\n<p><strong>Mesa Redonda\u00a0<\/strong><\/p>\n\n\n\n<p><strong>Econom\u00eda Alternativas y Justicia Fiscal<\/strong><br><\/p>\n\n\n\n<p>17.00\tPresentaci\u00f3n del evento<\/p>\n\n\n\n<p>Germ\u00e1n Ni\u00f1o CIASE \u2013LATINDADD<\/p>\n\n\n\n<p>17.10\tPresentaci\u00f3n del libro: <em>Utop\u00edas Reales-S\u00edntesis del debate sobre Econom\u00edas Alternativas para Transformar el Mundo<\/em>&nbsp;<\/p>\n\n\n\n<p>Jonathan B\u00e1ez y Pablo Iturralde.&nbsp;<\/p>\n\n\n\n<p>17.45\tComentarios&nbsp;<\/p>\n\n\n\n<p>Representante de COICA, Katy Betancurt de CONFENIAE (Mujeres) y Magdalena Le\u00f3n (REMTE).<\/p>\n\n\n\n<p>18.15\tDebate general18.30\tCierre del evento\n\n<\/p>\n    \t","protected":false},"excerpt":{"rendered":"<p>TODOS LOS EVENTOS SE REALIZAR\u00c1N EN LA TORRE 1, AUDITORIO [&hellip;]<\/p>\n","protected":false},"author":1,"featured_media":5472,"comment_status":"open","ping_status":"open","sticky":false,"template":"","format":"standard","meta":{"_siteseo_robots_primary_cat":"","_joinchat":[],"footnotes":""},"categories":[9],"tags":[],"class_list":["post-5470","post","type-post","status-publish","format-standard","has-post-thumbnail","hentry","category-justiciafiscal"],"_links":{"self":[{"href":"https:\/\/cdes.org.ec\/webantigua\/wp-json\/wp\/v2\/posts\/5470","targetHints":{"allow":["GET"]}}],"collection":[{"href":"https:\/\/cdes.org.ec\/webantigua\/wp-json\/wp\/v2\/posts"}],"about":[{"href":"https:\/\/cdes.org.ec\/webantigua\/wp-json\/wp\/v2\/types\/post"}],"author":[{"embeddable":true,"href":"https:\/\/cdes.org.ec\/webantigua\/wp-json\/wp\/v2\/users\/1"}],"replies":[{"embeddable":true,"href":"https:\/\/cdes.org.ec\/webantigua\/wp-json\/wp\/v2\/comments?post=5470"}],"version-history":[{"count":0,"href":"https:\/\/cdes.org.ec\/webantigua\/wp-json\/wp\/v2\/posts\/5470\/revisions"}],"wp:featuredmedia":[{"embeddable":true,"href":"https:\/\/cdes.org.ec\/webantigua\/wp-json\/wp\/v2\/media\/5472"}],"wp:attachment":[{"href":"https:\/\/cdes.org.ec\/webantigua\/wp-json\/wp\/v2\/media?parent=5470"}],"wp:term":[{"taxonomy":"category","embeddable":true,"href":"https:\/\/cdes.org.ec\/webantigua\/wp-json\/wp\/v2\/categories?post=5470"},{"taxonomy":"post_tag","embeddable":true,"href":"https:\/\/cdes.org.ec\/webantigua\/wp-json\/wp\/v2\/tags?post=5470"}],"curies":[{"name":"wp","href":"https:\/\/api.w.org\/{rel}","templated":true}]}}