{"id":5524,"date":"2019-08-18T10:49:06","date_gmt":"2019-08-18T15:49:06","guid":{"rendered":"https:\/\/cdes.org.ec\/webantigua\/?p=5524"},"modified":"2021-06-07T17:10:24","modified_gmt":"2021-06-07T17:10:24","slug":"alertamos-riesgo-sobre-victimas-de-esclavitud-moderna","status":"publish","type":"post","link":"https:\/\/cdes.org.ec\/webantigua\/alertamos-riesgo-sobre-victimas-de-esclavitud-moderna\/","title":{"rendered":"Alertamos: Aumenta riesgo sobre v\u00edctimas de esclavitud moderna"},"content":{"rendered":"\r\n<figure class=\"wp-block-image\"><img decoding=\"async\" width=\"1024\" height=\"683\" src=\"https:\/\/cdes.org.ec\/webantigua\/wp-content\/uploads\/2019\/08\/furukawa-la-barra02-1024x683.jpg\" alt=\"\" class=\"wp-image-5525\" srcset=\"https:\/\/cdes.org.ec\/webantigua\/wp-content\/uploads\/2019\/08\/furukawa-la-barra02-200x133.jpg 200w, https:\/\/cdes.org.ec\/webantigua\/wp-content\/uploads\/2019\/08\/furukawa-la-barra02-300x200.jpg 300w, https:\/\/cdes.org.ec\/webantigua\/wp-content\/uploads\/2019\/08\/furukawa-la-barra02-400x267.jpg 400w, https:\/\/cdes.org.ec\/webantigua\/wp-content\/uploads\/2019\/08\/furukawa-la-barra02-600x400.jpg 600w, https:\/\/cdes.org.ec\/webantigua\/wp-content\/uploads\/2019\/08\/furukawa-la-barra02-768x512.jpg 768w, https:\/\/cdes.org.ec\/webantigua\/wp-content\/uploads\/2019\/08\/furukawa-la-barra02-800x533.jpg 800w, https:\/\/cdes.org.ec\/webantigua\/wp-content\/uploads\/2019\/08\/furukawa-la-barra02-1024x683.jpg 1024w, https:\/\/cdes.org.ec\/webantigua\/wp-content\/uploads\/2019\/08\/furukawa-la-barra02.jpg 1200w\" sizes=\"(max-width: 1024px) 100vw, 1024px\" \/><figcaption>Trabajadores en la hacienda del Km 42 que actualmente corre el riesgo de enfrentamiento y desalojo.<\/figcaption><\/figure>\r\n\r\n\r\n\r\n<p>Quito, 17 de agosto del 2019<br><\/p>\r\n\r\n\r\n\r\n<p>Las organizaciones que conformamos el Comit\u00e9 de Solidaridad con las v\u00edctimas del caso de esclavitud moderna, alertamos a las autoridades nacionales y a los organismos internacionales que han ocurrido nuevos hechos que esta vez ponen en riesgo la vida e integridad de las personas que todav\u00eda viven en la hacienda de Furukawa Plantaciones C.A. del Ecuador&nbsp; ubicada en el Km 42 de la v\u00eda Quevedo &#8211; Santo Domingo.<br><\/p>\r\n\r\n\r\n\r\n<p>La vulnerable situaci\u00f3n de las v\u00edctimas ha empeorado luego de la firma de un convenio entre la empresa y un supuesto representante de los trabajadores, con el aval del Estado, en el cual se llega a un acuerdo extrajudicial que supone nuevas violaciones a los derechos humanos.<br><\/p>\r\n\r\n\r\n\r\n<p>El d\u00eda 15 de agosto del presente, se firm\u00f3 un Acta de Mediaci\u00f3n No. 00460-2019 CMCCSD entre Iv\u00e1n Segarra Segovia como representante legal de la empresa Furukawa, el se\u00f1or Walter Dionicio S\u00e1nchez Ramos, como representante de 63 trabajadores agrupados en la Asociaci\u00f3n agr\u00edcola y ganadera Esperanza de un Nuevo Amanecer, y la Ab. Elena Acosta como mediadora de la C\u00e1mara de Comercio de Santo Domingo, en el cual la empresa entrega a la Asociaci\u00f3n en comodato el <strong><em>uso del bien<\/em><\/strong>. No se detalla cu\u00e1l hacienda pero conocemos que ser\u00e1 la ubicada en el km 42, con la finalidad de producir <strong>exclusivamente abac\u00e1<\/strong> por un per\u00edodo de 3 a\u00f1os y medio, cuya <strong>producci\u00f3n se entregar\u00e1 en su totalidad<\/strong> a la empresa Furukawa sin la posibilidad de usar el bien para otra finalidad distinta a la siembra de abac\u00e1 y deslindando <strong>una vez m\u00e1s <\/strong>de responsabilidad laboral a la empresa.\u00a0<br><\/p>\r\n\r\n\r\n\r\n<p>Adem\u00e1s, declaran que con este acuerdo se da por terminado cualquier conflicto que pueda existir entre ellos, se han <strong>satisfecho todos sus derechos <\/strong>y renuncian a&nbsp; futuras acciones jur\u00eddicas o administrativas derivadas de <strong>relaciones anteriores<\/strong>. Finalmente, declaran apoyarse para defender el acuerdo y <strong>garantizar la posesi\u00f3n del bien <\/strong>incluso con el uso de la fuerza p\u00fablica.&nbsp;<br><\/p>\r\n\r\n\r\n\r\n<p>En el Acta de Mediaci\u00f3n el supuesto representante de las v\u00edctimas agrupadas en la Asociaci\u00f3n en el Acta de mediaci\u00f3n se compromete y compromete a las v\u00edctimas a:&nbsp;<br><\/p>\r\n\r\n\r\n\r\n<ol class=\"wp-block-list\"><li>Resembrar de Abac\u00e1 los espacios que no est\u00e9n producidos, con el apoyo t\u00e9cnico del Ministerio de Agricultura. <\/li><li>Devolver el <strong>bien <\/strong>luego de los 3 a\u00f1os y medio de uso.<\/li><li>Vender la fibra <strong>exclusivamente <\/strong>a la empresa Furukawa cumpliendo con toda la legislaci\u00f3n tributaria de acuerdo a montos establecidos en el Acta que van de 1700 a 2100 por cada tonelada de fibra.<\/li><li>Cada miembro de la Asociaci\u00f3n debe estar <strong>asegurado por su cuenta <\/strong>en el IESS y declaran que <strong>no tienen relaci\u00f3n laboral <\/strong>de ning\u00fan tipo con la empresa.\u00a0\u00a0<\/li><li>Los miembros de la Asociaci\u00f3n no podr\u00e1n usar el <strong>bien <\/strong>para otra actividad que no sea la producci\u00f3n de abac\u00e1, ni podr\u00e1n usar el <strong>bien <\/strong>como vivienda, habitaci\u00f3n o domicilio, por lo que se comprometen <strong>abandonar el bien <\/strong>en el plazo de tres meses, contados a partir del pago de la primera factura por parte de la empresa.<\/li><li>La Asociaci\u00f3n se compromete a entregar un <strong>monto m\u00ednimo <\/strong>de toneladas de fibra de abac\u00e1 por hect\u00e1rea y deber\u00e1 proveer de la seguridad necesaria y permanente (24\/7) para cuidar las m\u00e1quinas.\u00a0<\/li><li>La empresa entrega a la Asociaci\u00f3n tres m\u00e1quinas como pr\u00e9stamo y la Asociaci\u00f3n se compromete a comprar dos m\u00e1s adicionales, que ser\u00e1n pagadas a la empresa en cuotas. El mantenimiento de las m\u00e1quinas corre por cuenta de la Asociaci\u00f3n.\u00a0<\/li><li>Declaran que este acuerdo tiene como finalidad <strong>dar por terminado cualquier conflicto <\/strong>que pudiera existir entre ellos derivados de las relaciones que <strong>exist\u00edan <\/strong>entre los miembros de la Asociaci\u00f3n, la empresa y los arrendatarios. Adem\u00e1s, afirman que se <strong>han satisfecho todos sus derechos <\/strong>y que <strong>no realizar\u00e1n acciones judiciales o administrativas <\/strong>que se puedan derivar por relaciones anteriores que las partes hayan tenido.<\/li><li>Se comprometen <strong>apoyarse de cualquier forma para defender el acuerdo<\/strong>, para lo cual emprender\u00e1n cualquier acto que sea necesario\u00a0 para <strong>garantizar la posesi\u00f3n del bien <\/strong>a la empresa inclusive con el apoyo de la fuerza p\u00fablica.\u00a0<\/li><li>Declaran que comparecen y suscriben el acuerdo sin presi\u00f3n o afectaci\u00f3n a su voluntad y <strong>renuncian a cualquier reclamo o acci\u00f3n <\/strong>en contra de la mediadora o del Centro de Mediaci\u00f3n.<\/li><\/ol>\r\n\r\n\r\n\r\n<p>Frente a este hecho la CEDHU, CDES y CNC-EA denunciamos p\u00fablicamente que este convenio es ilegal, ileg\u00edtimo, supone revictimizaci\u00f3n y nuevas violaciones de derechos humanos y pone en riesgo a los trabajadores que viven en el km 42 por la inminente confrontaci\u00f3n que el conflicto de intereses pueda generar entre ellos. Todo esto frente a la impasividad de las autoridades estatales y la validez que otorga la C\u00e1mara de Comercio de Santo Domingo a esta Acta de Mediaci\u00f3n.&nbsp;<br><\/p>\r\n\r\n\r\n\r\n<p>La CEDHU los d\u00edas 2 de agosto de 2019, 30 de julio de 2019, y 7 de agosto present\u00f3 en la Fiscal\u00eda General del Estado,&nbsp; Defensor\u00eda del Pueblo del Ecuador y Ministerio de Gobierno, respectivamente, un documento en el que un grupo de 85 trabajadores que viven en las haciendas de Furukawa mayoritariamente en los campamentos de la hacienda ubicada en el km 42, legitiman a las abogadas Mar\u00eda Fernanda Poveda y Patricia Carri\u00f3n como sus representantes. Como constan en los expedientes del Ministerio de Gobierno, estos trabajadores y trabajadoras forman parte de la Asociaci\u00f3n agr\u00edcola y ganadera Esperanza de un Nuevo Amanecer, y ya no reconocen a Walter S\u00e1nchez como su representante, por incidentes generados por esta persona que suponen abuso y violaci\u00f3n a sus derechos. En este contexto, el acuerdo suscrito carece de legitimidad pues Walter S\u00e1nchez no representa al conjunto de trabajadores y trabajadoras que forman legalmente parte de la Asociaci\u00f3n.&nbsp;<br><\/p>\r\n\r\n\r\n\r\n<p>Algunas cl\u00e1usulas del acuerdo referido establecen condiciones que implican renuncia a derechos, situaci\u00f3n que es jur\u00eddicamente imposible y por lo tanto el acuerdo suscrito carece de validez. Este acuerdo constituye uno de los mecanismos recurrentes usado por la empresa para ocultar las irregularidades e incumplimientos legales no solo laborales sino que suponen vulneraci\u00f3n a derechos humanos; afectaciones reconocidas&nbsp; por la Mesa Interinstitucional oficiada por el Ministerio de Gobierno y sobre las cuales Naciones Unidas se pronunci\u00f3 a trav\u00e9s de consultas al Estado Ecuatoriano. Lo ins\u00f3lito es que el acuerdo es suscrito en presencia de autoridades p\u00fablicas y en el centro de mediaci\u00f3n de la C\u00e1mara de Comercio de Santo Domingo, luego de que el Estado afirmara, en su respuesta a nueve de los organismos de Naciones Unidas, que el caso se hab\u00eda resuelto y la reparaci\u00f3n integral era un hecho.&nbsp;<br><\/p>\r\n\r\n\r\n\r\n<p>Este convenio es una reiterada vulneraci\u00f3n a los derechos humanos y laborales de los trabajadores pues suponen condiciones similares a la figura de esclavitud moderna denunciada desde hace meses ante autoridades nacionales, lo cual supone revictimizaci\u00f3n y una burla de la empresa frente a todo lo sucedido. La obligaci\u00f3n de entregar la fibra \u00fanicamente a la empresa, entregar un monto m\u00ednimo de fibra por hect\u00e1rea y el uso exclusivo para la siembra de abac\u00e1, son condiciones que atentan a los derechos laborales y humanos.&nbsp;<br><\/p>\r\n\r\n\r\n\r\n<p>La CEDHU el d\u00eda 16 de agosto de 2019, inform\u00f3 a las autoridades de la Fiscal\u00eda General del Estado y Defensor\u00eda del Pueblo que la firma de este convenio puede significar conflictos entre los trabajadores a quienes representa la CEDHU y aquellos a quienes representa Walter S\u00e1nchez, ambos grupos son parte de la Asociaci\u00f3n agr\u00edcola y ganadera Esperanza de un nuevo amanecer y muchos de ellos viven en el km 42. Este hecho es uno de los m\u00e1s preocupantes en este momento, pues es evidente un intento de desalojo y por lo tanto posibles actos de violencia que ponen en riesgo la integridad y vida de nuestros representados.<br><\/p>\r\n\r\n\r\n\r\n<p>Alertamos a la comunidad nacional e internacional que el caso de las v\u00edctimas de esclavitud moderna perpetrado por la empresa Furukawa, lejos de tener una resoluci\u00f3n en derecho y justicia propiciada por el Estado, ahora m\u00e1s que nunca se agrava y complejiza a tal punto de llegar a posibles enfrentamientos entre los propios trabajadores, mientras las autoridades del Estado no realizan acciones para lograr la reparaci\u00f3n integral.<br><\/p>\r\n\r\n\r\n\r\n<p>Responsabilizamos a las autoridades estatales por la omisi\u00f3n sistem\u00e1tica de su obligaci\u00f3n de garantizar la vigencia de los derechos humanos y sanciones a la empresa infractora, por actuar en complicidad con la empresa para nuevamente violar derechos, garantizar la perpetuidad del conflicto y propiciar nuevos hechos que ponen en riesgo a las v\u00edctimas.&nbsp;<br><\/p>\r\n\r\n\r\n\r\n<p>Los integrantes del Comit\u00e9 de Solidaridad estaremos atentos para denunciar cualquier acto de abuso de poder y uso de la fuerza p\u00fablica por parte de la empresa para desalojar a los trabajadores del km 42 o de cualquier otra hacienda de la empresa. Llamamos a las autoridades del Ministerio de Gobierno y la Fiscal\u00eda General del Estado a intervenir de inmediato para evitar estos conflictos y garantizar el respeto a los Derechos Humanos de los agricultores que han sido v\u00edctimas de la empresa Furukawa desde 1963.&nbsp;<br><\/p>\r\n    \t","protected":false},"excerpt":{"rendered":"<p>Quito, 17 de agosto del 2019 Las organizaciones que conformamos [&hellip;]<\/p>\n","protected":false},"author":1,"featured_media":5525,"comment_status":"open","ping_status":"open","sticky":true,"template":"","format":"standard","meta":{"_siteseo_robots_primary_cat":"","_joinchat":[],"footnotes":""},"categories":[6,52],"tags":[],"class_list":["post-5524","post","type-post","status-publish","format-standard","has-post-thumbnail","hentry","category-campesino","category-trabajo"],"_links":{"self":[{"href":"https:\/\/cdes.org.ec\/webantigua\/wp-json\/wp\/v2\/posts\/5524","targetHints":{"allow":["GET"]}}],"collection":[{"href":"https:\/\/cdes.org.ec\/webantigua\/wp-json\/wp\/v2\/posts"}],"about":[{"href":"https:\/\/cdes.org.ec\/webantigua\/wp-json\/wp\/v2\/types\/post"}],"author":[{"embeddable":true,"href":"https:\/\/cdes.org.ec\/webantigua\/wp-json\/wp\/v2\/users\/1"}],"replies":[{"embeddable":true,"href":"https:\/\/cdes.org.ec\/webantigua\/wp-json\/wp\/v2\/comments?post=5524"}],"version-history":[{"count":1,"href":"https:\/\/cdes.org.ec\/webantigua\/wp-json\/wp\/v2\/posts\/5524\/revisions"}],"predecessor-version":[{"id":7933,"href":"https:\/\/cdes.org.ec\/webantigua\/wp-json\/wp\/v2\/posts\/5524\/revisions\/7933"}],"wp:featuredmedia":[{"embeddable":true,"href":"https:\/\/cdes.org.ec\/webantigua\/wp-json\/wp\/v2\/media\/5525"}],"wp:attachment":[{"href":"https:\/\/cdes.org.ec\/webantigua\/wp-json\/wp\/v2\/media?parent=5524"}],"wp:term":[{"taxonomy":"category","embeddable":true,"href":"https:\/\/cdes.org.ec\/webantigua\/wp-json\/wp\/v2\/categories?post=5524"},{"taxonomy":"post_tag","embeddable":true,"href":"https:\/\/cdes.org.ec\/webantigua\/wp-json\/wp\/v2\/tags?post=5524"}],"curies":[{"name":"wp","href":"https:\/\/api.w.org\/{rel}","templated":true}]}}