{"id":5534,"date":"2019-08-21T09:52:35","date_gmt":"2019-08-21T09:52:35","guid":{"rendered":"https:\/\/cdes.org.ec\/webantigua\/?p=5534"},"modified":"2021-04-25T10:01:04","modified_gmt":"2021-04-25T10:01:04","slug":"coloquio-sobre-empresas-transnacionales-y-derechos-humanos","status":"publish","type":"post","link":"https:\/\/cdes.org.ec\/webantigua\/coloquio-sobre-empresas-transnacionales-y-derechos-humanos\/","title":{"rendered":"Coloquio sobre &#8216;Empresas Transnacionales y Derechos Humanos&#8217;"},"content":{"rendered":"\n<div class=\"wp-block-image\"><figure class=\"aligncenter is-resized\"><img decoding=\"async\" src=\"https:\/\/cdes.org.ec\/webantigua\/wp-content\/uploads\/2019\/08\/building_a_un_treaty_es_slider_pq_-_tni.jpg\" alt=\"\" class=\"wp-image-5536\" width=\"583\" height=\"332\" srcset=\"https:\/\/cdes.org.ec\/webantigua\/wp-content\/uploads\/2019\/08\/building_a_un_treaty_es_slider_pq_-_tni-200x114.jpg 200w, https:\/\/cdes.org.ec\/webantigua\/wp-content\/uploads\/2019\/08\/building_a_un_treaty_es_slider_pq_-_tni-300x171.jpg 300w, https:\/\/cdes.org.ec\/webantigua\/wp-content\/uploads\/2019\/08\/building_a_un_treaty_es_slider_pq_-_tni-400x228.jpg 400w, https:\/\/cdes.org.ec\/webantigua\/wp-content\/uploads\/2019\/08\/building_a_un_treaty_es_slider_pq_-_tni.jpg 500w\" sizes=\"(max-width: 583px) 100vw, 583px\" \/><\/figure><\/div>\n\n\n\n<p style=\"text-align:center\">\n\nFLACSO Ecuador, su grupo de investigaci\u00f3n en Econom\u00eda Pol\u00edtica Internacional delDepartamento de Estudios Internacionales y Comunicaci\u00f3n y elCentro de Derechos Econ\u00f3micos de Ecuador<br>tienen el agrado de invitar a usted al\n\n<\/p>\n\n\n\n<p><strong><em>An\u00e1lisis del proceso de la Resoluci\u00f3n 26\/9. El \u2018Borrador I\u2019 a debate ante la 5\u00aa sesi\u00f3n\u00a0del grupo de trabajo en el Consejo de Derechos Humanos de Naciones Unidas<\/em><\/strong><br><\/p>\n\n\n\n<p><\/p>\n\n\n\n<p style=\"text-align:center\"><strong>Expositoras y expositores:<\/strong><br><\/p>\n\n\n\n<p style=\"text-align:center\"><strong>Marco Aparicio<\/strong>, profesor de la Universidad de Girona, Espa\u00f1a y presidente del Observatorio de Derechos Econ\u00f3micos, Sociales y Culturales<br><strong>Pablo Fajardo<\/strong>, abogado de la Uni\u00f3n de Afectados por Chevron-Texaco<br><strong>Manoela Roland<\/strong>, directora del Centro HOMA y profesora de laUniversidade Federal de Juiz de Fora, Brasil<br><strong>Sof\u00eda Jarr\u00edn<\/strong>, Centro de Derechos Econ\u00f3micos y Sociales del Ecuador<br><strong>Adoraci\u00f3n Guam\u00e1n<\/strong>, profesora invitada de FLACSO Ecuador<br><\/p>\n\n\n\n<p style=\"text-align:center\">Modera:<br><strong>Carola \u00cd\u00f1iguez<\/strong>, ex subsecretaria de Asuntos Multilaterales del Ministerio de&nbsp;Relaciones Exteriores y Movilidad Humana<\/p>\n\n\n\n<p><\/p>\n\n\n\n<p><strong>Lugar: Sal\u00f3n de Afiches (torre 1, piso 2)Direcci\u00f3n: Calle La Pradera E7-174 y Av. Diego de Almagro<\/strong><\/p>\n    \t","protected":false},"excerpt":{"rendered":"<p>FLACSO Ecuador, su grupo de investigaci\u00f3n en Econom\u00eda Pol\u00edtica Internacional [&hellip;]<\/p>\n","protected":false},"author":1,"featured_media":5535,"comment_status":"open","ping_status":"open","sticky":true,"template":"","format":"standard","meta":{"_siteseo_robots_primary_cat":"","_joinchat":[],"footnotes":""},"categories":[12],"tags":[],"class_list":["post-5534","post","type-post","status-publish","format-standard","has-post-thumbnail","hentry","category-justiciaambiental"],"_links":{"self":[{"href":"https:\/\/cdes.org.ec\/webantigua\/wp-json\/wp\/v2\/posts\/5534","targetHints":{"allow":["GET"]}}],"collection":[{"href":"https:\/\/cdes.org.ec\/webantigua\/wp-json\/wp\/v2\/posts"}],"about":[{"href":"https:\/\/cdes.org.ec\/webantigua\/wp-json\/wp\/v2\/types\/post"}],"author":[{"embeddable":true,"href":"https:\/\/cdes.org.ec\/webantigua\/wp-json\/wp\/v2\/users\/1"}],"replies":[{"embeddable":true,"href":"https:\/\/cdes.org.ec\/webantigua\/wp-json\/wp\/v2\/comments?post=5534"}],"version-history":[{"count":1,"href":"https:\/\/cdes.org.ec\/webantigua\/wp-json\/wp\/v2\/posts\/5534\/revisions"}],"predecessor-version":[{"id":7321,"href":"https:\/\/cdes.org.ec\/webantigua\/wp-json\/wp\/v2\/posts\/5534\/revisions\/7321"}],"wp:featuredmedia":[{"embeddable":true,"href":"https:\/\/cdes.org.ec\/webantigua\/wp-json\/wp\/v2\/media\/5535"}],"wp:attachment":[{"href":"https:\/\/cdes.org.ec\/webantigua\/wp-json\/wp\/v2\/media?parent=5534"}],"wp:term":[{"taxonomy":"category","embeddable":true,"href":"https:\/\/cdes.org.ec\/webantigua\/wp-json\/wp\/v2\/categories?post=5534"},{"taxonomy":"post_tag","embeddable":true,"href":"https:\/\/cdes.org.ec\/webantigua\/wp-json\/wp\/v2\/tags?post=5534"}],"curies":[{"name":"wp","href":"https:\/\/api.w.org\/{rel}","templated":true}]}}