{"id":5541,"date":"2019-08-21T14:13:37","date_gmt":"2019-08-21T19:13:37","guid":{"rendered":"https:\/\/cdes.org.ec\/webantigua\/?p=5541"},"modified":"2021-06-25T13:47:56","modified_gmt":"2021-06-25T13:47:56","slug":"demandamos-el-acuerdo-entre-el-gobierno-y-el-fmi","status":"publish","type":"post","link":"https:\/\/cdes.org.ec\/webantigua\/demandamos-el-acuerdo-entre-el-gobierno-y-el-fmi\/","title":{"rendered":"Demandamos el acuerdo entre el Gobierno y el FMI"},"content":{"rendered":"\r\n<figure class=\"wp-block-image\"><img decoding=\"async\" src=\"https:\/\/pbs.twimg.com\/media\/ECgPS3ZW4AA1OYL?format=jpg&amp;name=4096x4096\" alt=\"Imagen\" \/><\/figure>\r\n\r\n\r\n\r\n<p>&nbsp;<\/p>\r\n\r\n\r\n\r\n<p><span style=\"vertical-align: inherit;\"><span style=\"vertical-align: inherit;\">Organizaciones sociales y colectivos de los trabajadores ingresamos una Acci\u00f3n P\u00fablica a la Corte Constitucional para que dictamine la necesidad de que el Acuerdo con el FMI obtenga la aprobaci\u00f3n de la Asamblea Nacional y se le aplique el control de constitucionalidad.<\/span><\/span><\/p>\r\n\r\n\r\n\r\n<p><span style=\"vertical-align: inherit;\"><span style=\"vertical-align: inherit;\">La demanda se\u00f1ala que el Acuerdo con el FMI incumple con los pasos constitucionales que se deben cumplir para aprobar un tratado internacional. <\/span><span style=\"vertical-align: inherit;\">Adem\u00e1s se\u00f1ala las contradicciones del contenido del Acuerdo con disposiciones constitucionales sobre la garant\u00eda de los derechos humanos y la jurisdicci\u00f3n nacional.\u00a0<\/span><\/span><\/p>\r\n\r\n\r\n\r\n<p><span style=\"vertical-align: inherit;\"><span style=\"vertical-align: inherit;\">Los demandantes son representantes de la Integraci\u00f3n de Federaciones Ecuatorianas Sindicales (IFES), Acci\u00f3n Jur\u00eddica Popular (AJP) y el Centro de Derechos Econ\u00f3micos y Sociales (CDES). <\/span><span style=\"vertical-align: inherit;\">La demanda fue ingresada el 21 de agosto del 2019 en las oficinas de la Corte Constitucional. <\/span><\/span><br \/><br \/><span style=\"vertical-align: inherit;\"><span style=\"vertical-align: inherit;\">Consultar la demanda aqu\u00ed<\/span><\/span><\/p>\r\n\r\n\r\n\r\n<div class=\"wp-block-file\"><a href=\"https:\/\/cdes.org.ec\/webantigua\/wp-content\/uploads\/2019\/08\/Demanda-de-inconstitucionalidad-del-Acuerdo-entre-el-Gobierno-y-el-FMI.docx.pdf\"><span style=\"vertical-align: inherit;\"><span style=\"vertical-align: inherit;\">Demanda de inconstitucionalidad del Acuerdo entre el Gobierno y el FMI.docx <\/span><\/span><\/a><a class=\"fusion-button-default fusion-button-default-size wp-block-file__button\" href=\"https:\/\/cdes.org.ec\/webantigua\/wp-content\/uploads\/2019\/08\/Demanda-de-inconstitucionalidad-del-Acuerdo-entre-el-Gobierno-y-el-FMI.docx.pdf\" download=\"\"><span style=\"vertical-align: inherit;\"><span style=\"vertical-align: inherit;\">Descarga<\/span><\/span><\/a><\/div>\r\n\r\n<p>&nbsp;<\/p>","protected":false},"excerpt":{"rendered":"<p>&nbsp; Organizaciones sociales y colectivos de los trabajadores ingresamos una [&hellip;]<\/p>\n","protected":false},"author":1,"featured_media":5544,"comment_status":"open","ping_status":"open","sticky":true,"template":"","format":"standard","meta":{"_siteseo_robots_primary_cat":"","_joinchat":[],"footnotes":""},"categories":[46,70,20],"tags":[],"class_list":["post-5541","post","type-post","status-publish","format-standard","has-post-thumbnail","hentry","category-deuda","category-escritos","category-tratadosdeinversion"],"_links":{"self":[{"href":"https:\/\/cdes.org.ec\/webantigua\/wp-json\/wp\/v2\/posts\/5541","targetHints":{"allow":["GET"]}}],"collection":[{"href":"https:\/\/cdes.org.ec\/webantigua\/wp-json\/wp\/v2\/posts"}],"about":[{"href":"https:\/\/cdes.org.ec\/webantigua\/wp-json\/wp\/v2\/types\/post"}],"author":[{"embeddable":true,"href":"https:\/\/cdes.org.ec\/webantigua\/wp-json\/wp\/v2\/users\/1"}],"replies":[{"embeddable":true,"href":"https:\/\/cdes.org.ec\/webantigua\/wp-json\/wp\/v2\/comments?post=5541"}],"version-history":[{"count":2,"href":"https:\/\/cdes.org.ec\/webantigua\/wp-json\/wp\/v2\/posts\/5541\/revisions"}],"predecessor-version":[{"id":8014,"href":"https:\/\/cdes.org.ec\/webantigua\/wp-json\/wp\/v2\/posts\/5541\/revisions\/8014"}],"wp:featuredmedia":[{"embeddable":true,"href":"https:\/\/cdes.org.ec\/webantigua\/wp-json\/wp\/v2\/media\/5544"}],"wp:attachment":[{"href":"https:\/\/cdes.org.ec\/webantigua\/wp-json\/wp\/v2\/media?parent=5541"}],"wp:term":[{"taxonomy":"category","embeddable":true,"href":"https:\/\/cdes.org.ec\/webantigua\/wp-json\/wp\/v2\/categories?post=5541"},{"taxonomy":"post_tag","embeddable":true,"href":"https:\/\/cdes.org.ec\/webantigua\/wp-json\/wp\/v2\/tags?post=5541"}],"curies":[{"name":"wp","href":"https:\/\/api.w.org\/{rel}","templated":true}]}}