{"id":5547,"date":"2019-08-28T12:18:51","date_gmt":"2019-08-28T17:18:51","guid":{"rendered":"https:\/\/cdes.org.ec\/webantigua\/?p=5547"},"modified":"2021-06-07T15:54:06","modified_gmt":"2021-06-07T15:54:06","slug":"primera-victoria-corte-obliga-publicacion-del-acuerdo-con-el-fmi","status":"publish","type":"post","link":"https:\/\/cdes.org.ec\/webantigua\/primera-victoria-corte-obliga-publicacion-del-acuerdo-con-el-fmi\/","title":{"rendered":"\u00a1Primera victoria! Corte obliga publicaci\u00f3n del acuerdo con el FMI"},"content":{"rendered":"\r\n<p><strong>Jueza obliga al Comit\u00e9 de Deuda y Financiamiento entregue informaci\u00f3n sobre el cr\u00e9dito contra\u00eddo por el Ecuador con el FMI<\/strong><br><\/p>\r\n\r\n\r\n\r\n<p>El 27 de agosto de 2019 se llev\u00f3 a efecto la audiencia dentro de la Acci\u00f3n de Acceso a la Informaci\u00f3n P\u00fablica No. 17233-2019-04943, proceso constitucional planteado debido a la falta de respuesta oportuna al pedido de informaci\u00f3n que requer\u00eda, respecto del cr\u00e9dito contra\u00eddo con el Fondo Monetario Internacional (FMI):<\/p>\r\n\r\n\r\n\r\n<p><strong>\t<\/strong><strong>1. <\/strong>Se confiera fotocopias certificadas del Acta Resolutiva del Comit\u00e9 \tde \tDeuda y Financiamiento No. 006 de fecha 11 de marzo de 2019;\tas\u00ed \tcomo \tde todos los sustentos t\u00e9cnicos que reposan en el \tComit\u00e9 y \tsirvieron para autorizar la contrataci\u00f3n de deuda externa \tcon el Fondo \tMonetario Internacional (FMI);<\/p>\r\n\r\n\r\n\r\n<p><strong>\t<\/strong><strong>2. <\/strong>Sobre la base de lo que dispone el art\u00edculo 290 de la Constituci\u00f3n, \tse confiera fotocopia certificada de la documentaci\u00f3n que sirvi\u00f3 de \tsustento para cumplir estos requisitos y que sirvieron de base jur\u00eddica \tpara \tautorizar la contrataci\u00f3n de deuda externa con el Fondo \tMonetario Internacional, de conformidad con lo resuelto en el Acta \tResolutiva No. 006 del Comit\u00e9 de Deuda y Financiamiento de 11 de \tmarzo de 2019.<\/p>\r\n\r\n\r\n\r\n<p><strong>\t<\/strong><strong>3. <\/strong>Se confiera fotocopia certificada de los informes de cumplimiento de \tla Carta de Intenci\u00f3n que el Ecuador, a trav\u00e9s del Ministerio de \tFinanzas y el Banco Central presentaron al Fondo Monetario \tInternacional el 01 de marzo de 2019; o, de las directrices que aprob\u00f3 \tel Fondo Monetario \tInternacional\tpara conceder deuda externa al \tEcuador. Adem\u00e1s solicitamos&nbsp;<\/p>\r\n\r\n\r\n\r\n<p><strong>\t<\/strong><strong>4. <\/strong>Se indique los montos o valores que hasta el momento ha \tdesembolsado en favor del Ecuador en calidad de pr\u00e9stamo del Fondo \tMonetario Internacional, as\u00ed como se nos indique en qu\u00e9 se ha \tutilizado dichos valores por parte del Estado Ecuatoriano o el Gobierno \tNacional.<\/p>\r\n\r\n\r\n\r\n<p>El Comit\u00e9 de Deuda, conformado por el Presidente de la Rep\u00fablica, Ministro de Finanzas, Secretario Nacional de Planificaci\u00f3n, se\u00f1alaron en una contestaci\u00f3n apurada, realizada el mismo d\u00eda de la audiencia, v\u00eda correo electr\u00f3nico que:&nbsp;<\/p>\r\n\r\n\r\n\r\n<p>\u00abAl no contar en los expedientes del Comit\u00e9 de Deuda y Financiamiento los informes de cumplimiento de la Carta de Intenci\u00f3n de 1 de marzo de 2019, ni las directrices que aprob\u00f3 el Fondo Monetario Internacional para la concesi\u00f3n del cr\u00e9dito; ni los sustentos o valores desembolsados hasta la fecha, as\u00ed como el destino espec\u00edfico de dichos recursos; y, de conformidad con lo previsto en el art\u00edculo 20 de la Ley Org\u00e1nica de Transparencia y Acceso a la Informaci\u00f3n P\u00fablica, ante la inexistencia de tal informaci\u00f3n o documentaci\u00f3n en poder del Comit\u00e9 de Deuda y Financiamiento no corresponde a este ente crear o producir la misma\u00bb<\/p>\r\n\r\n\r\n\r\n<p>Ante tal desconcierto y que incluso en su misma documentaci\u00f3n constaba que se hab\u00eda anexado el pagar\u00e9, el Memorando de Entendimiento de la Pol\u00edtica Econ\u00f3mica y Financiera a la que nos compromet\u00edamos, los plazos del cr\u00e9dito y m\u00e1s condiciones mediante las que se contra\u00eda el Cr\u00e9dito con el FMI, una Jueza valiente, que ejerciendo justicia constitucional, es decir controlar al poder, determin\u00f3 que aceptaba la demanda parcialmente, pues la documentaci\u00f3n entregada, no era completa. Decisi\u00f3n hist\u00f3rica que constituye un hito para la transparencia y defensa de los derechos constitucionales de los ciudadanos. El Gobierno deber\u00e1 entregar lo que tanto ha escondido.<\/p>\r\n\r\n\r\n\r\n<p>Consideramos que esta sentencia se ajusta al derecho constitucional y al marco legal vigente en el Ecuador. Este hito constitucional har\u00e1 reflexionar al pa\u00eds sobre el papel de las instituciones, incluso pondr\u00e1 a la Corte Constitucional a repensar porqu\u00e9 no se pronuncia ni admite a tr\u00e1mite las demandas que organizaciones sociales hemos presentado a este organismo por el cr\u00e9dito adquirido por el Ecuador con el Fondo Monetario internacional. Finalmente, los colectivos sociales exhortamos al Consejo de la Judicatura y al Ejecutivo a respetar, acatar y cumplir con la orden judicial<br><\/p>\r\n\r\n\r\n\r\n<p>C\u00e9sar L\u00f3pez S\u00e1nchez<\/p>\r\n\r\n\r\n\r\n<p>IFES FESITRAE<br><\/p>\r\n\r\n\r\n\r\n<p>Fausto Pillajo Anchatu\u00f1a<\/p>\r\n\r\n\r\n\r\n<p>IFES FETRALPI<br><\/p>\r\n\r\n\r\n\r\n<p>Luis Flores Pazmi\u00f1o<\/p>\r\n\r\n\r\n\r\n<p>IFES FRECOOS<br><\/p>\r\n\r\n\r\n\r\n<p>Carlos Enrique Velastegui<br><br>IFES Guayas<\/p>\r\n\r\n\r\n\r\n<p>Andr\u00e9s Arauz<\/p>\r\n\r\n\r\n\r\n<p>Observatorio&nbsp; de la Dolarizaci\u00f3n<br><\/p>\r\n\r\n\r\n\r\n<p>Pablo Fajardo<\/p>\r\n\r\n\r\n\r\n<p>Uni\u00f3n de Afectados por Texaco &#8211; UDAPT<br><\/p>\r\n\r\n\r\n\r\n<p>Adoraci\u00f3n Guam\u00e1n&nbsp;<\/p>\r\n\r\n\r\n\r\n<p>Centro de Derechos Econ\u00f3micos y Sociales &#8211; CDES<br><\/p>\r\n\r\n\r\n\r\n<p>Sof\u00eda Jarr\u00edn Hidalgo&nbsp;<\/p>\r\n\r\n\r\n\r\n<p>Centro de Derechos Econ\u00f3micos y Sociales &#8211; CDES<br><\/p>\r\n\r\n\r\n\r\n<p>Luis \u00c1vila Linz\u00e1n<\/p>\r\n\r\n\r\n\r\n<p>Acci\u00f3n Jur\u00eddica Popular<br><\/p>\r\n    \t","protected":false},"excerpt":{"rendered":"<p>Jueza obliga al Comit\u00e9 de Deuda y Financiamiento entregue informaci\u00f3n [&hellip;]<\/p>\n","protected":false},"author":1,"featured_media":5548,"comment_status":"open","ping_status":"open","sticky":true,"template":"","format":"standard","meta":{"_siteseo_robots_primary_cat":"","_joinchat":[],"footnotes":""},"categories":[46,9],"tags":[],"class_list":["post-5547","post","type-post","status-publish","format-standard","has-post-thumbnail","hentry","category-deuda","category-justiciafiscal"],"_links":{"self":[{"href":"https:\/\/cdes.org.ec\/webantigua\/wp-json\/wp\/v2\/posts\/5547","targetHints":{"allow":["GET"]}}],"collection":[{"href":"https:\/\/cdes.org.ec\/webantigua\/wp-json\/wp\/v2\/posts"}],"about":[{"href":"https:\/\/cdes.org.ec\/webantigua\/wp-json\/wp\/v2\/types\/post"}],"author":[{"embeddable":true,"href":"https:\/\/cdes.org.ec\/webantigua\/wp-json\/wp\/v2\/users\/1"}],"replies":[{"embeddable":true,"href":"https:\/\/cdes.org.ec\/webantigua\/wp-json\/wp\/v2\/comments?post=5547"}],"version-history":[{"count":1,"href":"https:\/\/cdes.org.ec\/webantigua\/wp-json\/wp\/v2\/posts\/5547\/revisions"}],"predecessor-version":[{"id":7910,"href":"https:\/\/cdes.org.ec\/webantigua\/wp-json\/wp\/v2\/posts\/5547\/revisions\/7910"}],"wp:featuredmedia":[{"embeddable":true,"href":"https:\/\/cdes.org.ec\/webantigua\/wp-json\/wp\/v2\/media\/5548"}],"wp:attachment":[{"href":"https:\/\/cdes.org.ec\/webantigua\/wp-json\/wp\/v2\/media?parent=5547"}],"wp:term":[{"taxonomy":"category","embeddable":true,"href":"https:\/\/cdes.org.ec\/webantigua\/wp-json\/wp\/v2\/categories?post=5547"},{"taxonomy":"post_tag","embeddable":true,"href":"https:\/\/cdes.org.ec\/webantigua\/wp-json\/wp\/v2\/tags?post=5547"}],"curies":[{"name":"wp","href":"https:\/\/api.w.org\/{rel}","templated":true}]}}