{"id":5554,"date":"2019-09-09T15:09:51","date_gmt":"2019-09-09T15:09:51","guid":{"rendered":"https:\/\/cdes.org.ec\/webantigua\/?p=5554"},"modified":"2021-06-07T17:07:55","modified_gmt":"2021-06-07T17:07:55","slug":"defensor-del-pueblo-exige-cierre-de-furukawa-y-presidente-de-comision-legislativa-pide-cumplimiento-de-ley-en-cuanto-a-expropiacion-de-tierras","status":"publish","type":"post","link":"https:\/\/cdes.org.ec\/webantigua\/defensor-del-pueblo-exige-cierre-de-furukawa-y-presidente-de-comision-legislativa-pide-cumplimiento-de-ley-en-cuanto-a-expropiacion-de-tierras\/","title":{"rendered":"Defensor del Pueblo exige cierre de Furukawa y Presidente de Comisi\u00f3n Legislativa pide cumplimiento de Ley en cuanto a expropiaci\u00f3n de tierras"},"content":{"rendered":"\r\n<p><strong>REPORTE DEL COMIT\u00c9 DE SOLIDARIDAD \u00abFURUKAWA NUNCA M\u00c1S\u00bb SOBRE LA INSPECCI\u00d3N OFICIAL DE LA COMISI\u00d3N LEGISLATIVA DE DERECHOS COLECTIVOS<\/strong><\/p>\r\n\r\n\r\n\r\n<p>El 06 de septiembre, la Comisi\u00f3n Legislativa de Derechos\r\nColectivos y la Defensor\u00eda del Pueblo realizaron una inspecci\u00f3n oficial en las\r\npropiedades de la agroexportadora Furukawa Plantaciones C.A., con el objetivo\r\nde cotejar la situaci\u00f3n de las familias que viv\u00edan y trabajaban en las\r\nhaciendas de la empresa. <\/p>\r\n\r\n\r\n\r\n<p>Durante la visita de verificaci\u00f3n el Defensor del Pueblo declar\u00f3\r\nque es evidente que las violaciones de derechos humanos sucedieron tal como se\r\nreport\u00f3 en el informe defensorial publicado en febrero del 2018. Asimismo,\r\nenfatiz\u00f3 que \u201cla empresa Furukawa debe cerrar definitivamente sus puertas\r\nporque no se puede permitir que una empresa vulnere los derechos. Y que el\r\nEstado y las autoridades nos quedemos sin hacer absolutamente nada\u201d. <\/p>\r\n\r\n\r\n\r\n<p>En ese mismo sentido, el presidente de la Comisi\u00f3n de Derechos\r\nColectivos, Jaime Olivo, indic\u00f3 que es necesario que \u201cesta empresa no est\u00e9\r\naqu\u00ed, en territorio ecuatoriano, violando m\u00e1s derechos humanos\u201d. Tambi\u00e9n se refiri\u00f3\r\na la recomendaci\u00f3n de la Defensor\u00eda del Pueblo de iniciar un proceso de\r\nreparaci\u00f3n con tierras, siguiendo las disposiciones de la Ley de Tierras sobre\r\nexpropiaci\u00f3n de terrenos cuando existen causales por precarizaci\u00f3n laboral,\r\nse\u00f1al\u00f3 que el informe legislativo sobre la visita que se presentar\u00e1 ante al\r\nPleno estar\u00e1 encaminado a que el Ministro de Agricultura responda \u201cen el marco\r\nde sus atribuciones, y si no lo hace el (Ministro) est\u00e1 sujeto a un control\r\npol\u00edtico\u201d. El Ministro de Agricultura no acudi\u00f3 a las dos comparecencias en la\r\nAsamblea Nacional, que tuvo lugar con el fin de dar seguimiento a las\r\nobligaciones ministeriales en cuanto a la reparaci\u00f3n de derechos por este caso.\r\n<\/p>\r\n\r\n\r\n\r\n<p>A la inspecci\u00f3n, se sumaron Freddy Carri\u00f3n, Defensor del Pueblo;\r\ncinco de asamble\u00edstas de la Comisi\u00f3n de Derechos Colectivos; V\u00edctor Ha\u00f3n,\r\ndelegado del presidente de la Asamblea Nacional; Daniel V\u00e9jar y Ginna Poveda,\r\ndirector y funcionaria encargada del caso Furukawa de la Comisi\u00f3n de la Verdad&nbsp; y Derechos Humanos de la Fiscal\u00eda Nacional\r\ndel Estado. Participaron tambi\u00e9n funcionarios del MIES, IESS y Ministerio de\r\nSalud.<\/p>\r\n\r\n\r\n\r\n<p><strong>Cr\u00f3nica de la inspecci\u00f3n<\/strong><\/p>\r\n\r\n\r\n\r\n<p>Los funcionarios lograron constatar la vulneraci\u00f3n de derechos\r\ngracias a que a \u00faltima hora lograron cambiar la agenda de la inspecci\u00f3n. Visitaron\r\nla hacienda Vilma C (kil\u00f3metro 33) y la hacienda Isabel (kil\u00f3mentro 42). En\r\nesta \u00faltima, varias familias que trabajaban para Furukawa se mantienen en\r\nresistencia pac\u00edfica, para evitar que la empresa elimine evidencias que\r\ncomprobar\u00edan las relaciones de servidumbre de la gleba que manten\u00eda con sus\r\ntrabajadores y como respaldo de la deuda que la empresa tiene con ellos por\r\nd\u00e9cadas de trabajo.<\/p>\r\n\r\n\r\n\r\n<p>Ya en el kil\u00f3metro 42, la seguridad privada de Furukawa impidi\u00f3 el\r\npaso de los veh\u00edculos institucionales alegando que la visita no estaba prevista\r\nen este lugar, sino en la bodega de la compa\u00f1\u00eda, en el kil\u00f3metro 37. Adem\u00e1s,\r\nse\u00f1al\u00f3 que las llaves deber\u00edan ser solicitadas al nuevo administrador de la\r\nhacienda, Walter S\u00e1nchez, quien el 15 de agosto de este a\u00f1o firm\u00f3 un ilegal e\r\nileg\u00edtimo acuerdo de comodato con la empresa; parad\u00f3jicamente, unos meses antes\r\nfue acusado por la misma empresa de extorsi\u00f3n. En el lugar, incluso varios\r\nrepresentados de S\u00e1nchez demostraron su inconformidad con las condiciones que\r\nsuponen el convenio. <\/p>\r\n\r\n\r\n\r\n<p>En tanto, el Ministerio de Gobierno, funcionarios del Ministerio\r\nde Salud y del Instituto de Seguridad Social y el supuesto administrador de la\r\nHacienda Isabel, Walter S\u00e1nchez, con los trabajadores a quienes ha manipulado\r\ns\u00ed acudieron al kil\u00f3metro 37 donde la empresa hab\u00eda organizado un almuerzo.\r\nRealizaron esa actividad con el gerente de la empresa y sin la presencia de los\r\nasamble\u00edstas y el Defensor del Pueblo, quienes no estuvieron de acuerdo con ser\r\nparte de la agenda planteada por la compa\u00f1\u00eda. Este hecho pone en duda el\r\naccionar \u00e9tico de las autoridades estatales, posibilita la corrupci\u00f3n y\r\narriesga la gesti\u00f3n necesaria y urgente de una pol\u00edtica de reparaci\u00f3n integral\r\nque beneficie a las v\u00edctimas de esclavitud moderna. <\/p>\r\n\r\n\r\n\r\n<p><strong>Vulneraciones a los\r\nderechos contin\u00faan <\/strong><\/p>\r\n\r\n\r\n\r\n<p>Tanto autoridades como medios de comunicaci\u00f3n decidieron ingresar\r\na pie a la hacienda Isabel (kil\u00f3metro 42) para verificar la situaci\u00f3n de las\r\nv\u00edctimas. El trayecto dur\u00f3 aproximadamente dos horas y las autoridades\r\nratificaron las denuncias de esclavitud moderna y la violaci\u00f3n de derechos\r\nhumanos expuestas por la Defensor\u00eda del Pueblo en febrero de 2019. Asimismo, se\r\nverific\u00f3 que las medidas lideradas por el Gobierno a partir de la denuncia del\r\ncaso no han cubierto a la totalidad de las v\u00edctimas, pues se verific\u00f3 menores y\r\nadultos a\u00fan sin inscripci\u00f3n de nacimiento, una reci\u00e9n nacida sin vacunas,\r\nadultos sin atenci\u00f3n m\u00e9dica, condiciones de vida infrahumanas sin acceso a\r\nservicios b\u00e1sicos, o al menos agua segura.&nbsp;\r\n\u201cCuando de parte de la institucionalidad p\u00fablica se dice que ya se ha\r\nlogrado generar mejores condiciones, no es verdad. (\u2026) Esto genera, a nuestro\r\nmodo de ver, una negligencia que es sujeta a control pol\u00edtico por parte de la\r\nAsamblea Nacional\u201d, indic\u00f3 Juan Crist\u00f3bal Lloret, asamble\u00edsta por Azuay. <\/p>\r\n\r\n\r\n\r\n<p>El Director de la Comisi\u00f3n de la Verdad y Derechos Humanos indic\u00f3\r\nque pese a que existe un proceso judicial iniciado, la Fiscal\u00eda de Santo\r\nDomingo ha tenido dificultades en otras ocasiones para entrar a las haciendas\r\nde Furukawa, pero que la investigaci\u00f3n continuar\u00e1 y solicitar\u00e1 a la fiscal del\r\ncaso que ingrese nuevamente y tome contacto con las y los trabajadores. En este\r\nsentido, invit\u00f3 a las v\u00edctimas que en esa nueva visita agreguen informaci\u00f3n\r\nsobre qui\u00e9nes han nacido y han tenido hijos en los campamentos. <\/p>\r\n\r\n\r\n\r\n<p><strong>Presi\u00f3n y ocultamiento\r\nde las v\u00edctimas <\/strong><\/p>\r\n\r\n\r\n\r\n<p>La visita oficial de la Asamblea Nacional continu\u00f3 en el primer\r\ncampamento del kil\u00f3metro 33. Ah\u00ed se receptaron denuncias de los actos de\r\namedrentamiento y presi\u00f3n por parte de la empresa a pesar de que las y los\r\ntrabajadores cuentan con una medida de protecci\u00f3n dictada por el Juez de la\r\nUnidad Penal de Santo Domingo de los Ts\u00e1chilas que proh\u00edbe intimidar\r\ndirectamente o a trav\u00e9s de terceros a 103&nbsp;\r\npersonas legitimadas&nbsp; por la\r\nCEDHU. Los trabajadores tambi\u00e9n denunciaron que la empresa entreg\u00f3 supuestas\r\nbonificaciones de 2000 d\u00f3lares y se comprometi\u00f3 a pagar el total de los a\u00f1os\r\ntrabajados anteriormente, pero esto&nbsp; no\r\nse ha cumplido. <\/p>\r\n\r\n\r\n\r\n<p>Durante el recorrido por este kil\u00f3metro, se presentaron dos graves\r\nincidentes. Primero, uno de los abogados de la empresa, Mart\u00edn Cabezas, amenaz\u00f3\r\na la delegaci\u00f3n de asamble\u00edstas con denunciarlos por ingresar a propiedad\r\nprivada, pues se\u00f1al\u00f3 que no ten\u00edan autorizaci\u00f3n de realizar la visita oficial\r\nen los kil\u00f3metros 42 y 33. A lo cual, Olivo respondi\u00f3 que la autorizaci\u00f3n se\r\ndio para visitar la empresa, lo que significa que pod\u00edan recorrer cualquiera de\r\nsus instalaciones.<\/p>\r\n\r\n\r\n\r\n<p>Por otro lado, trabajadores de esta hacienda denunciaron que la\r\nempresa horas antes de la visita, los subi\u00f3 en un veh\u00edculo para llevarlos con\r\nenga\u00f1os a las instalaciones del kil\u00f3metro 37, asegurando que las autoridades\r\nestar\u00edan en ese lugar; no obstante,&nbsp;\r\nmientras se trasladaban coincidieron en el camino con la caravana de la\r\nvisita de verificaci\u00f3n y, pese a los pedidos de retornar en el veh\u00edculo, la\r\nempresa no lo autoriz\u00f3. Esto provoc\u00f3, seg\u00fan denunciaron los trabajadores, que\r\nuno de ellos deje el veh\u00edculo a la fuerza para poder acudir al campamento y\r\ndenunciar su situaci\u00f3n laboral actual. <\/p>\r\n\r\n\r\n\r\n<p>Frente a esta nueva visita de verificaci\u00f3n, informamos que la\r\nempresa ha violado el derecho a la defensa tambi\u00e9n el derecho a la defensa, pues\r\nha denunciado sin sustento por allanamiento violento y entorpecimiento a las\r\nnegociaciones a las abogadas de las v\u00edctimas Mar\u00eda Fernanda Poveda y Patricia\r\nCarri\u00f3n, respectivamente, lo cual impidi\u00f3 que ingresen a las instalaciones de\r\nFurukawa a verificar con las autoridades la situaci\u00f3n de vulnerabilidad en la\r\nque se encuentran las v\u00edctimas y socializar la medida de protecci\u00f3n otorgada a\r\nlas mismas. <\/p>\r\n\r\n\r\n\r\n<p>Las organizaciones que conformamos el Comit\u00e9 de Solidaridad\r\nFurukawa Nunca M\u00e1s, responsabilizamos al Ministerio de Gobierno por los actos\r\nque demuestran complicidad con la empresa, al priorizar la agenda de visitas\r\npropuesta por la compa\u00f1\u00eda y aceptar invitaciones poco transparentes en sus\r\ninstalaciones. Adem\u00e1s, consideramos que se pretende criminalizar a las v\u00edctimas\r\nal se\u00f1alar que supuestamente se encuentran armados en el interior de la\r\nhacienda del km 42, acusaci\u00f3n grave que fue desmentida por la visita de los\r\nasamble\u00edstas.<\/p>\r\n\r\n\r\n\r\n<p>Exigimos que se cumpla la Ley y las normas fundamentales de derechos\r\nhumanos. Para lo cual es fundamental aplicar todas las recomendaciones\r\nrealizadas por la Defensor\u00eda del Pueblo en su informe de febrero del 2019. Incluyendo\r\nanalizar la expropiaci\u00f3n de tierras como una medida de garantizar medios de\r\nvida para el sustento de las familias v\u00edctimas de Furukawa. <\/p>\r\n\r\n\r\n\r\n<p><strong>Im\u00e1genes<\/strong><\/p>\r\n\r\n\r\n\r\n<figure class=\"wp-block-image\"><img decoding=\"async\" width=\"615\" height=\"1024\" src=\"https:\/\/cdes.org.ec\/webantigua\/wp-content\/uploads\/2019\/09\/2f-1-615x1024.jpg\" alt=\"\" class=\"wp-image-5563\" srcset=\"https:\/\/cdes.org.ec\/webantigua\/wp-content\/uploads\/2019\/09\/2f-1-180x300.jpg 180w, https:\/\/cdes.org.ec\/webantigua\/wp-content\/uploads\/2019\/09\/2f-1-200x333.jpg 200w, https:\/\/cdes.org.ec\/webantigua\/wp-content\/uploads\/2019\/09\/2f-1-400x666.jpg 400w, https:\/\/cdes.org.ec\/webantigua\/wp-content\/uploads\/2019\/09\/2f-1-600x999.jpg 600w, https:\/\/cdes.org.ec\/webantigua\/wp-content\/uploads\/2019\/09\/2f-1-615x1024.jpg 615w, https:\/\/cdes.org.ec\/webantigua\/wp-content\/uploads\/2019\/09\/2f-1-768x1279.jpg 768w, https:\/\/cdes.org.ec\/webantigua\/wp-content\/uploads\/2019\/09\/2f-1-800x1332.jpg 800w, https:\/\/cdes.org.ec\/webantigua\/wp-content\/uploads\/2019\/09\/2f-1-923x1536.jpg 923w, https:\/\/cdes.org.ec\/webantigua\/wp-content\/uploads\/2019\/09\/2f-1.jpg 1024w\" sizes=\"(max-width: 615px) 100vw, 615px\" \/><\/figure>\r\n\r\n\r\n\r\n<figure class=\"wp-block-image\"><img decoding=\"async\" width=\"948\" height=\"592\" src=\"https:\/\/cdes.org.ec\/webantigua\/wp-content\/uploads\/2019\/09\/3f-2.png\" alt=\"\" class=\"wp-image-5565\" srcset=\"https:\/\/cdes.org.ec\/webantigua\/wp-content\/uploads\/2019\/09\/3f-2-200x125.png 200w, https:\/\/cdes.org.ec\/webantigua\/wp-content\/uploads\/2019\/09\/3f-2-300x187.png 300w, https:\/\/cdes.org.ec\/webantigua\/wp-content\/uploads\/2019\/09\/3f-2-400x250.png 400w, https:\/\/cdes.org.ec\/webantigua\/wp-content\/uploads\/2019\/09\/3f-2-600x375.png 600w, https:\/\/cdes.org.ec\/webantigua\/wp-content\/uploads\/2019\/09\/3f-2-768x480.png 768w, https:\/\/cdes.org.ec\/webantigua\/wp-content\/uploads\/2019\/09\/3f-2-800x500.png 800w, https:\/\/cdes.org.ec\/webantigua\/wp-content\/uploads\/2019\/09\/3f-2.png 948w\" sizes=\"(max-width: 948px) 100vw, 948px\" \/><\/figure>\r\n\r\n\r\n\r\n<p><\/p>\r\n\r\n\r\n\r\n<figure class=\"wp-block-image\"><img decoding=\"async\" width=\"1024\" height=\"678\" src=\"https:\/\/cdes.org.ec\/webantigua\/wp-content\/uploads\/2019\/09\/4f-1-1024x678.jpg\" alt=\"\" class=\"wp-image-5566\" srcset=\"https:\/\/cdes.org.ec\/webantigua\/wp-content\/uploads\/2019\/09\/4f-1-200x132.jpg 200w, https:\/\/cdes.org.ec\/webantigua\/wp-content\/uploads\/2019\/09\/4f-1-300x199.jpg 300w, https:\/\/cdes.org.ec\/webantigua\/wp-content\/uploads\/2019\/09\/4f-1-310x205.jpg 310w, https:\/\/cdes.org.ec\/webantigua\/wp-content\/uploads\/2019\/09\/4f-1-400x265.jpg 400w, https:\/\/cdes.org.ec\/webantigua\/wp-content\/uploads\/2019\/09\/4f-1-600x397.jpg 600w, https:\/\/cdes.org.ec\/webantigua\/wp-content\/uploads\/2019\/09\/4f-1-768x509.jpg 768w, https:\/\/cdes.org.ec\/webantigua\/wp-content\/uploads\/2019\/09\/4f-1-800x530.jpg 800w, https:\/\/cdes.org.ec\/webantigua\/wp-content\/uploads\/2019\/09\/4f-1-1024x678.jpg 1024w, https:\/\/cdes.org.ec\/webantigua\/wp-content\/uploads\/2019\/09\/4f-1-1200x795.jpg 1200w, https:\/\/cdes.org.ec\/webantigua\/wp-content\/uploads\/2019\/09\/4f-1-1536x1017.jpg 1536w\" sizes=\"(max-width: 1024px) 100vw, 1024px\" \/><\/figure>\r\n\r\n\r\n\r\n<p><\/p>\r\n\r\n\r\n\r\n<figure class=\"wp-block-image\"><img decoding=\"async\" src=\"blob:https:\/\/cdes.org.ec\/webantigua\/7bc3ff91-f6bc-4850-9350-930a7e9eb049\" alt=\"\"\/><figcaption> <br>Autoridades escuchan a Presidente de Furukawa en el primer campamento del kil\u00f3metro 33. \u00a0 <\/figcaption><\/figure>\r\n\r\n\r\n\r\n<p><\/p>\r\n\r\n\r\n\r\n<figure class=\"wp-block-image\"><img decoding=\"async\" width=\"1024\" height=\"560\" src=\"https:\/\/cdes.org.ec\/webantigua\/wp-content\/uploads\/2019\/09\/6f-1-1024x560.png\" alt=\"\" class=\"wp-image-5567\" srcset=\"https:\/\/cdes.org.ec\/webantigua\/wp-content\/uploads\/2019\/09\/6f-1-200x109.png 200w, https:\/\/cdes.org.ec\/webantigua\/wp-content\/uploads\/2019\/09\/6f-1-300x164.png 300w, https:\/\/cdes.org.ec\/webantigua\/wp-content\/uploads\/2019\/09\/6f-1-400x219.png 400w, https:\/\/cdes.org.ec\/webantigua\/wp-content\/uploads\/2019\/09\/6f-1-600x328.png 600w, https:\/\/cdes.org.ec\/webantigua\/wp-content\/uploads\/2019\/09\/6f-1-768x420.png 768w, https:\/\/cdes.org.ec\/webantigua\/wp-content\/uploads\/2019\/09\/6f-1-800x438.png 800w, https:\/\/cdes.org.ec\/webantigua\/wp-content\/uploads\/2019\/09\/6f-1-1024x560.png 1024w, https:\/\/cdes.org.ec\/webantigua\/wp-content\/uploads\/2019\/09\/6f-1.png 1056w\" sizes=\"(max-width: 1024px) 100vw, 1024px\" \/><figcaption> <br> Trabajadores de la Hacienda Vilma C, en el kil\u00f3metro 33, denuncian a los asamble\u00edstas que la empresa quiso evitar su   contacto con autoridades que presid\u00edan la visita. En la foto los asamble\u00edstas Jos\u00e9 Chala y Jota Lloret. <\/figcaption><\/figure>\r\n\r\n\r\n\r\n<p><\/p>\r\n    \t","protected":false},"excerpt":{"rendered":"<p>REPORTE DEL COMIT\u00c9 DE SOLIDARIDAD \u00abFURUKAWA NUNCA M\u00c1S\u00bb SOBRE LA [&hellip;]<\/p>\n","protected":false},"author":1,"featured_media":5562,"comment_status":"open","ping_status":"open","sticky":true,"template":"","format":"standard","meta":{"_siteseo_robots_primary_cat":"","_joinchat":[],"footnotes":""},"categories":[6,52],"tags":[],"class_list":["post-5554","post","type-post","status-publish","format-standard","has-post-thumbnail","hentry","category-campesino","category-trabajo"],"_links":{"self":[{"href":"https:\/\/cdes.org.ec\/webantigua\/wp-json\/wp\/v2\/posts\/5554","targetHints":{"allow":["GET"]}}],"collection":[{"href":"https:\/\/cdes.org.ec\/webantigua\/wp-json\/wp\/v2\/posts"}],"about":[{"href":"https:\/\/cdes.org.ec\/webantigua\/wp-json\/wp\/v2\/types\/post"}],"author":[{"embeddable":true,"href":"https:\/\/cdes.org.ec\/webantigua\/wp-json\/wp\/v2\/users\/1"}],"replies":[{"embeddable":true,"href":"https:\/\/cdes.org.ec\/webantigua\/wp-json\/wp\/v2\/comments?post=5554"}],"version-history":[{"count":1,"href":"https:\/\/cdes.org.ec\/webantigua\/wp-json\/wp\/v2\/posts\/5554\/revisions"}],"predecessor-version":[{"id":7351,"href":"https:\/\/cdes.org.ec\/webantigua\/wp-json\/wp\/v2\/posts\/5554\/revisions\/7351"}],"wp:featuredmedia":[{"embeddable":true,"href":"https:\/\/cdes.org.ec\/webantigua\/wp-json\/wp\/v2\/media\/5562"}],"wp:attachment":[{"href":"https:\/\/cdes.org.ec\/webantigua\/wp-json\/wp\/v2\/media?parent=5554"}],"wp:term":[{"taxonomy":"category","embeddable":true,"href":"https:\/\/cdes.org.ec\/webantigua\/wp-json\/wp\/v2\/categories?post=5554"},{"taxonomy":"post_tag","embeddable":true,"href":"https:\/\/cdes.org.ec\/webantigua\/wp-json\/wp\/v2\/tags?post=5554"}],"curies":[{"name":"wp","href":"https:\/\/api.w.org\/{rel}","templated":true}]}}