{"id":5573,"date":"2019-10-04T08:56:38","date_gmt":"2019-10-04T08:56:38","guid":{"rendered":"https:\/\/cdes.org.ec\/webantigua\/?p=5573"},"modified":"2021-07-27T15:44:47","modified_gmt":"2021-07-27T15:44:47","slug":"pronunciamiento-de-cdes-crisis-de-derechos-y-protesta-social-en-ecuador","status":"publish","type":"post","link":"https:\/\/cdes.org.ec\/webantigua\/pronunciamiento-de-cdes-crisis-de-derechos-y-protesta-social-en-ecuador\/","title":{"rendered":"PRONUNCIAMIENTO CDES: CRISIS DE DERECHOS Y ESTADO DE EXCEPCI\u00d3N EN ECUADOR"},"content":{"rendered":"\r\n<p>Consideramos que el incremento de precios de los combustibles fue solamente el detonante social para expresar el reclamo de distintos sectores afectados por el deterioro general de las condiciones de vida, resultado de la pol\u00edtica econ\u00f3mica de precarizaci\u00f3n laboral, ajuste fiscal regresivo y disminuci\u00f3n de servicios p\u00fablicos de salud, educaci\u00f3n y programas de bienestar. <br><\/p>\r\n\r\n\r\n\r\n<p>Este paquete de medidas contin\u00faa la l\u00ednea de austeridad para las mayor\u00edas y privilegios tributarios para la \u00e9lite. Esta vez es especialmente sensible la intenci\u00f3n de devaluar los est\u00e1ndares laborales p\u00fablicos y el debilitamiento de los mecanismos de control que impiden la salida de divisas fundamentales para sostener la dolarizaci\u00f3n y garantizar el derecho al desarrollo principalmente para los m\u00e1s vulnerables.<br><\/p>\r\n\r\n\r\n\r\n<p>Frente a la ausencia de canales institucionales para dirimir, los ciudadanos se han volcado a la calle. Los organismos de control no tienen independencia del Ejecutivo. Y los anuncios de di\u00e1logo del Gobierno han sido eficaces solamente con las c\u00e1maras empresariales.&nbsp;<br><\/p>\r\n\r\n\r\n\r\n<p>El propio FMI entr\u00f3 golpeando la institucionalidad democr\u00e1tica cuando el Ejecutivo acept\u00f3 el acuerdo sin cumplir con los pasos constitucionales que incluyen el debate en la Asamblea Nacional y el dictamen previo de la Corte Constitucional. Los ciudadanos no est\u00e1n actuando de manera ilegal, pero el Gobierno s\u00ed est\u00e1 incumpliendo las normas nacionales.<br><\/p>\r\n\r\n\r\n\r\n<p>Condenamos en\u00e9rgicamente la declaraci\u00f3n del Estado de Excepci\u00f3n porque no se justifica y es inconstitucional, militariza la sociedad y restringe las libertades civiles y pol\u00edticas fundamentales. En un solo d\u00eda de manifestaciones la Polic\u00eda ha declarado 195 arrestos, en 230 puntos de manifestaciones, en 20 provincias paralizadas.<br><\/p>\r\n\r\n\r\n\r\n<p>Responsabilizamos directamente al Ministerio de Gobierno por el abuso de fuerza de la Polic\u00eda Nacional en las acciones de protesta. Y exigimos que se garantice la integridad de las decenas de ciudadanos detenidos. Adem\u00e1s, es necesario atender con urgencia las denuncias sobre personas desaparecidas que fueron detenidas pero que no se encuentran en ninguna unidad de flagrancia.<br><\/p>\r\n\r\n\r\n\r\n<p>Advertimos a la ciudadan\u00eda que las medidas de ajuste se tomar\u00e1n progresivamente. El alza del IVA se realizar\u00e1 despu\u00e9s, tal como consta en la Carta de Intenci\u00f3n firmada entre el Gobierno y el FMI.&nbsp;<br><\/p>\r\n\r\n\r\n\r\n<p>Pedimos al Gobierno detener la subida de los combustibles e impedir la regresividad de la pol\u00edtica p\u00fablica. Es necesario se\u00f1alar que las medidas econ\u00f3micas regresivas adoptadas por el Gobierno, son innecesarias, siempre existieron alternativas y existen todav\u00eda. Entre las medidas coherentes y progresivas que se podr\u00edan incluir, est\u00e1n un ajuste del sector externo, control de la evasi\u00f3n fiscal, mayor regulaci\u00f3n de la p\u00e9rdida divisas, inversi\u00f3n p\u00fablica y ampliaci\u00f3n del mercado interno. Todo esto se puede hacer sin afectar los derechos laborales y sin golpear los ingresos de los sectores m\u00e1s vulnerables como las mujeres y los pueblos y nacionalidades ind\u00edgenas.<br><\/p>\r\n\r\n\r\n\r\n<p>Llamamos a todos los poderes p\u00fablicos a ponerse a la altura de los hechos y transformar profundamente la direcci\u00f3n que est\u00e1 tomando el pa\u00eds en un contexto de crisis de derechos econ\u00f3micos y sociales y crisis de derechos pol\u00edticos y civiles que son responsabilidad del Estado.<br><\/p>\r\n    \t","protected":false},"excerpt":{"rendered":"<p>Consideramos que el incremento de precios de los combustibles fue [&hellip;]<\/p>\n","protected":false},"author":1,"featured_media":5574,"comment_status":"open","ping_status":"open","sticky":false,"template":"","format":"standard","meta":{"_siteseo_robots_primary_cat":"","_joinchat":[],"footnotes":""},"categories":[46,9],"tags":[],"class_list":["post-5573","post","type-post","status-publish","format-standard","has-post-thumbnail","hentry","category-deuda","category-justiciafiscal"],"_links":{"self":[{"href":"https:\/\/cdes.org.ec\/webantigua\/wp-json\/wp\/v2\/posts\/5573","targetHints":{"allow":["GET"]}}],"collection":[{"href":"https:\/\/cdes.org.ec\/webantigua\/wp-json\/wp\/v2\/posts"}],"about":[{"href":"https:\/\/cdes.org.ec\/webantigua\/wp-json\/wp\/v2\/types\/post"}],"author":[{"embeddable":true,"href":"https:\/\/cdes.org.ec\/webantigua\/wp-json\/wp\/v2\/users\/1"}],"replies":[{"embeddable":true,"href":"https:\/\/cdes.org.ec\/webantigua\/wp-json\/wp\/v2\/comments?post=5573"}],"version-history":[{"count":1,"href":"https:\/\/cdes.org.ec\/webantigua\/wp-json\/wp\/v2\/posts\/5573\/revisions"}],"predecessor-version":[{"id":7926,"href":"https:\/\/cdes.org.ec\/webantigua\/wp-json\/wp\/v2\/posts\/5573\/revisions\/7926"}],"wp:featuredmedia":[{"embeddable":true,"href":"https:\/\/cdes.org.ec\/webantigua\/wp-json\/wp\/v2\/media\/5574"}],"wp:attachment":[{"href":"https:\/\/cdes.org.ec\/webantigua\/wp-json\/wp\/v2\/media?parent=5573"}],"wp:term":[{"taxonomy":"category","embeddable":true,"href":"https:\/\/cdes.org.ec\/webantigua\/wp-json\/wp\/v2\/categories?post=5573"},{"taxonomy":"post_tag","embeddable":true,"href":"https:\/\/cdes.org.ec\/webantigua\/wp-json\/wp\/v2\/tags?post=5573"}],"curies":[{"name":"wp","href":"https:\/\/api.w.org\/{rel}","templated":true}]}}