{"id":5581,"date":"2019-10-12T04:20:19","date_gmt":"2019-10-12T04:20:19","guid":{"rendered":"https:\/\/cdes.org.ec\/webantigua\/?p=5581"},"modified":"2021-06-07T17:11:13","modified_gmt":"2021-06-07T17:11:13","slug":"denuncia-en-la-onu-sobre-situacion-de-ddhh-en-ecuador","status":"publish","type":"post","link":"https:\/\/cdes.org.ec\/webantigua\/denuncia-en-la-onu-sobre-situacion-de-ddhh-en-ecuador\/","title":{"rendered":"Denunciamos en la ONU la situaci\u00f3n de DDHH en Ecuador"},"content":{"rendered":"\r\n<p><strong>Intervenci\u00f3n de CDES en el marco de la Consulta Global sobre el papel de las Instituciones Nacionales de Derechos Humanos (INDH) para facilitar el acceso a la reparaci\u00f3n de las violaciones de los derechos humanos relacionadas con las empresas.<\/strong><\/p>\r\n\r\n\r\n\r\n<figure class=\"wp-block-image\"><img decoding=\"async\" width=\"1024\" height=\"471\" src=\"https:\/\/cdes.org.ec\/webantigua\/wp-content\/uploads\/2019\/10\/WhatsApp-Image-2019-10-11-at-3.39.29-PM-1-1-1024x471.jpeg\" alt=\"\" class=\"wp-image-5583\" srcset=\"https:\/\/cdes.org.ec\/webantigua\/wp-content\/uploads\/2019\/10\/WhatsApp-Image-2019-10-11-at-3.39.29-PM-1-1-200x92.jpeg 200w, https:\/\/cdes.org.ec\/webantigua\/wp-content\/uploads\/2019\/10\/WhatsApp-Image-2019-10-11-at-3.39.29-PM-1-1-300x138.jpeg 300w, https:\/\/cdes.org.ec\/webantigua\/wp-content\/uploads\/2019\/10\/WhatsApp-Image-2019-10-11-at-3.39.29-PM-1-1-400x184.jpeg 400w, https:\/\/cdes.org.ec\/webantigua\/wp-content\/uploads\/2019\/10\/WhatsApp-Image-2019-10-11-at-3.39.29-PM-1-1-600x276.jpeg 600w, https:\/\/cdes.org.ec\/webantigua\/wp-content\/uploads\/2019\/10\/WhatsApp-Image-2019-10-11-at-3.39.29-PM-1-1-768x353.jpeg 768w, https:\/\/cdes.org.ec\/webantigua\/wp-content\/uploads\/2019\/10\/WhatsApp-Image-2019-10-11-at-3.39.29-PM-1-1-800x368.jpeg 800w, https:\/\/cdes.org.ec\/webantigua\/wp-content\/uploads\/2019\/10\/WhatsApp-Image-2019-10-11-at-3.39.29-PM-1-1-1024x471.jpeg 1024w, https:\/\/cdes.org.ec\/webantigua\/wp-content\/uploads\/2019\/10\/WhatsApp-Image-2019-10-11-at-3.39.29-PM-1-1-1200x552.jpeg 1200w, https:\/\/cdes.org.ec\/webantigua\/wp-content\/uploads\/2019\/10\/WhatsApp-Image-2019-10-11-at-3.39.29-PM-1-1.jpeg 1280w\" sizes=\"(max-width: 1024px) 100vw, 1024px\" \/><figcaption><em>Palacio de las Naciones, Ginebra<\/em><br>Foto: Prensa, CEDIB<\/figcaption><\/figure>\r\n\r\n\r\n\r\n<p style=\"text-align:right\"><em>Ginebra, 11 de octubre de 2019 <\/em><br><\/p>\r\n\r\n\r\n\r\n<p>Buenas tardes, mi nombre es Sof\u00eda Jarr\u00edn del Centro de Derechos Econ\u00f3micos y Sociales de Ecuador- CDES.<\/p>\r\n\r\n\r\n\r\n<p>Primeramente quisiera agradecer a los organizadores por la oportunidad de exponer la experiencia de la sociedad civil ecuatoriana y las acciones de cooperaci\u00f3n con las instituciones nacionales de derechos humanos, en nuestro caso la Defensor\u00eda del Pueblo.<\/p>\r\n\r\n\r\n\r\n<p>Tambi\u00e9n, mencionar que lamentamos la ausencia de su representante Freddy Carri\u00f3n; sin embargo, comprendemos que la grave situaci\u00f3n por la que estamos pasando en Ecuador requiere de su presencia.<\/p>\r\n\r\n\r\n\r\n<p>Ahora, enmarc\u00e1ndome en las preguntas de la consulta, es importante plantear que las competencias de la Defensor\u00eda del Pueblo en Ecuador son limitadas, estas se reducen a realizar acciones administrativas para activar la implementaci\u00f3n de instrumentos de derechos humanos y en generar pronunciamientos y&nbsp; prescribir garant\u00edas jurisdiccionales frente a situaciones que planteen la desprotecci\u00f3n de v\u00edctimas. No obstante, a pesar de estas limitaciones la Defensor\u00eda se ha convertido en un aliado fundamental para las organizaciones de la sociedad civil.<\/p>\r\n\r\n\r\n\r\n<p>En ese contexto, me voy a referir a dos casos en concreto que sirven de ejemplo para describir esta cooperaci\u00f3n: el primero, es el caso de esclavitud moderna de la empresa Furukawa y la inconstitucionalidad del acuerdo firmado con el Fondo Monetario Internacional (FMI).<\/p>\r\n\r\n\r\n\r\n<p>El caso Furukawa, trata sobre una empresa de capitales japoneses y filipinos que est\u00e1 radicada en Ecuador desde hace 56 a\u00f1os. La empresa se dedicada a la producci\u00f3n de la fibra de abac\u00e1, com\u00fanmente usada para la elaboraci\u00f3n de insumos como las bolsas de t\u00e9 o los billetes- dinero.<\/p>\r\n\r\n\r\n\r\n<p>Para realizar el procesamiento de la fibra de abac\u00e1, la empresa durante d\u00e9cadas ha mantenido a m\u00e1s 400 familias en condiciones de vida indigna y de trabajo, las cuales entran en la categor\u00eda de esclavitud moderna, similares a la servidumbre de la gleba.<\/p>\r\n\r\n\r\n\r\n<p>El caso se dio a conocer p\u00fablicamente en febrero de este a\u00f1o, mediante el informe de la Defensor\u00eda del Pueblo, que fue elaborado con el apoyo del Comit\u00e9 de solidaridad de los y las trabajadoras de Furukawa, al cual pertenece CDES, la Comisi\u00f3n Ecum\u00e9nica de Derechos Humanos del Ecuador (CEDHU) y la Coordinadora Nacional Campesina (CNC). Seg\u00fan este informe y los siguientes de verificaci\u00f3n, se han vulnerado los derechos humanos de 1261 personas, donde se evidenci\u00f3 que existen condiciones de trabajo infantil, servidumbre y explotaci\u00f3n laboral, la privaci\u00f3n de acceso a servicios de salud, educaci\u00f3n y vivienda, e incluso la privaci\u00f3n al derecho de reconocer su identidad. Adem\u00e1s, el Ministerio de Inclusi\u00f3n Econ\u00f3mica y Social (MIES) identific\u00f3 que el 81% de estas personas viven en condiciones de extrema pobreza miseria, el 17% son pobres y el 2%, no lo son.<\/p>\r\n\r\n\r\n\r\n<p>A pesar de esta triste realidad y que caso es conocido por el Estado ecuatoriano por m\u00e1s de un a\u00f1o, hasta el momento no se han implementado ninguna de las recomendaciones de la Defensor\u00eda del Pueblo o acciones de reparaci\u00f3n efectivas para los trabajadores y&nbsp; sus familias. Solamente se han tomado medidas administrativas y parcializadas que favorecen la posici\u00f3n de la empresa. Entre estas medidas, La Secretar\u00eda de Gesti\u00f3n de la Pol\u00edtica intent\u00f3 establecer una mesa de negociaci\u00f3n que cuyo resultado fue la separaci\u00f3n de la organizaci\u00f3n de los trabajadores y trabajadoras. Posteriormente funcionarios del Ministerio del Interior del Ecuador, legitimaron la celebraci\u00f3n de acuerdos injustos entre la empresa y un grupo de abacaleros, donde la empresa ofreci\u00f3 una indemnizaci\u00f3n entre 300 a 3000 d\u00f3lares a las v\u00edctimas. A pensar de la desproporcionalidad de estas acciones y que se ha cuantificado que la cantidad m\u00ednima deber\u00eda bordear los 7 millones de d\u00f3lares, el Estado manifest\u00f3 que no puede intervenir, porque \u201ces acuerdos entre privados\u201d.<\/p>\r\n\r\n\r\n\r\n<p>En cuanto al Acuerdo con el FMI, las organizaciones de la sociedad civil hemos presentado demandas de inconstitucionalidad e informes alternativos frente al Comit\u00e9&nbsp; DESC, denunciando vicios de forma y de fondo del acuerdo, donde se destacan el incumplimiento de los procedimientos de aprobaci\u00f3n determinados por la Constituci\u00f3n de la Rep\u00fablica y porque el acuerdo compromete acciones que atentan con los derechos humanos de las y los ecuatorianos, sobre todo si consideramos que \u00e9stas est\u00e1n focalizadas en la flexibilizaci\u00f3n de los derechos laborales, la reducci\u00f3n de la capacidad del Estado para ejercer sus competencias como gestor de la pol\u00edtica social y econ\u00f3mica; adem\u00e1s se\u00f1alar que esta reducci\u00f3n est\u00e1 anclada el despido masivo de funcionarios y funcionarias p\u00fablicas, a la amnist\u00eda fiscal para empresas como medida para fomentar la inversi\u00f3n extranjera, la eliminaci\u00f3n de los subsidios a los combustibles, entre otros.<\/p>\r\n\r\n\r\n\r\n<p>En su momento, la preocupaci\u00f3n de la sociedad civil sobre el acuerdo fue acogida por la Defensor\u00eda del Pueblo, instituci\u00f3n que se pronunci\u00f3 en marzo, exhortando al Estado ecuatoriano a que transparente los impactos a los derechos humanos del acuerdo y las medidas econ\u00f3micas comprometidas con el FMI. No obstante, esto no ocurri\u00f3.<\/p>\r\n\r\n\r\n\r\n<p>Parte de estas medidas antipopulares se volvieron efectivas el 1 de Octubre, lo cual motiv\u00f3 el descontento popular declarando un paro nacional y la movilizaci\u00f3n masiva de m\u00e1s de 20 mil compa\u00f1eros ind\u00edgenas hacia Quito, estudiantes, trabajadores y trabajadoras, el sector del transporte, entre otros. S\u00cd, EN ECUADOR ESTAMOS EN PARO.<\/p>\r\n\r\n\r\n\r\n<figure class=\"wp-block-image\"><img decoding=\"async\" width=\"1024\" height=\"683\" src=\"https:\/\/cdes.org.ec\/webantigua\/wp-content\/uploads\/2019\/10\/Asamblea-Concentracio\u0301n-1024x683.jpg\" alt=\"\" class=\"wp-image-5584\" srcset=\"https:\/\/cdes.org.ec\/webantigua\/wp-content\/uploads\/2019\/10\/Asamblea-Concentracio\u0301n-200x133.jpg 200w, https:\/\/cdes.org.ec\/webantigua\/wp-content\/uploads\/2019\/10\/Asamblea-Concentracio\u0301n-300x200.jpg 300w, https:\/\/cdes.org.ec\/webantigua\/wp-content\/uploads\/2019\/10\/Asamblea-Concentracio\u0301n-400x267.jpg 400w, https:\/\/cdes.org.ec\/webantigua\/wp-content\/uploads\/2019\/10\/Asamblea-Concentracio\u0301n-600x400.jpg 600w, https:\/\/cdes.org.ec\/webantigua\/wp-content\/uploads\/2019\/10\/Asamblea-Concentracio\u0301n-768x512.jpg 768w, https:\/\/cdes.org.ec\/webantigua\/wp-content\/uploads\/2019\/10\/Asamblea-Concentracio\u0301n-800x533.jpg 800w, https:\/\/cdes.org.ec\/webantigua\/wp-content\/uploads\/2019\/10\/Asamblea-Concentracio\u0301n-1024x683.jpg 1024w, https:\/\/cdes.org.ec\/webantigua\/wp-content\/uploads\/2019\/10\/Asamblea-Concentracio\u0301n-1200x800.jpg 1200w, https:\/\/cdes.org.ec\/webantigua\/wp-content\/uploads\/2019\/10\/Asamblea-Concentracio\u0301n.jpg 1440w\" sizes=\"(max-width: 1024px) 100vw, 1024px\" \/><figcaption>Concentraci\u00f3n Asamblea Nacional. <br>Foto: Ivan Castaneira.<\/figcaption><\/figure>\r\n\r\n\r\n\r\n<p>Con&nbsp; la movilizaci\u00f3n, el Presidente Lenin Moreno decret\u00f3 un estado de excepci\u00f3n por 60 d\u00edas, con posibilidades de extensi\u00f3n y un toque de queda que limita el derecho a la protesta social y las libertades fundamentales de la poblaci\u00f3n. Hoy en Ecuador se vive un estado de desprotecci\u00f3n y represi\u00f3n brutal.<\/p>\r\n\r\n\r\n\r\n<p>Frente a esta realidad ser\u00eda importante que la Defensor\u00eda del Pueblo ecuatoriana cuente con mecanismos efectivos y vinculantes de reparaci\u00f3n que permitan actuar con celeridad.<\/p>\r\n\r\n\r\n\r\n<p>Ayer el Embajador Emilio Izquierdo habl\u00f3 sobre activar a futuro mecanismos de reparaci\u00f3n efectivos para las v\u00edctimas e invit\u00f3 a todas a trabajar por ello. Me gustar\u00eda tomarle la palabra y que se plantee como el Estado va a reparar los grav\u00edsimos costos de las medidas econ\u00f3micos, empezando por la represi\u00f3n vivida en 9 d\u00edas de movilizaci\u00f3n.<\/p>\r\n\r\n\r\n\r\n<p>Tomando nota que hasta ahora tenemos:<\/p>\r\n\r\n\r\n\r\n<ul class=\"wp-block-list\"><li>5 muertes confirmadas,<\/li><li> 95 heridos graves,<\/li><li> M\u00e1s de 500 heridos leves,<\/li><li>83 desaparecidos, de los cuales 47 menores de edad, <\/li><li>M\u00e1s de 800 detenidos,<\/li><li>57 periodistas agredidos,<\/li><li>13 periodistas encarcelados,<\/li><li>9 medios de comunicaci\u00f3n intervenidos,<\/li><li>26 pol\u00edticos apresados. <\/li><\/ul>\r\n\r\n\r\n\r\n<p>Y seguimos contando\u2026.<\/p>\r\n\r\n\r\n\r\n<p><br><\/p>\r\n    \t","protected":false},"excerpt":{"rendered":"<p>Intervenci\u00f3n de CDES en el marco de la Consulta Global [&hellip;]<\/p>\n","protected":false},"author":1,"featured_media":5585,"comment_status":"open","ping_status":"open","sticky":false,"template":"","format":"standard","meta":{"_siteseo_robots_primary_cat":"","_joinchat":[],"footnotes":""},"categories":[46,52,38],"tags":[],"class_list":["post-5581","post","type-post","status-publish","format-standard","has-post-thumbnail","hentry","category-deuda","category-trabajo","category-pueblos-indigenas"],"_links":{"self":[{"href":"https:\/\/cdes.org.ec\/webantigua\/wp-json\/wp\/v2\/posts\/5581","targetHints":{"allow":["GET"]}}],"collection":[{"href":"https:\/\/cdes.org.ec\/webantigua\/wp-json\/wp\/v2\/posts"}],"about":[{"href":"https:\/\/cdes.org.ec\/webantigua\/wp-json\/wp\/v2\/types\/post"}],"author":[{"embeddable":true,"href":"https:\/\/cdes.org.ec\/webantigua\/wp-json\/wp\/v2\/users\/1"}],"replies":[{"embeddable":true,"href":"https:\/\/cdes.org.ec\/webantigua\/wp-json\/wp\/v2\/comments?post=5581"}],"version-history":[{"count":1,"href":"https:\/\/cdes.org.ec\/webantigua\/wp-json\/wp\/v2\/posts\/5581\/revisions"}],"predecessor-version":[{"id":7006,"href":"https:\/\/cdes.org.ec\/webantigua\/wp-json\/wp\/v2\/posts\/5581\/revisions\/7006"}],"wp:featuredmedia":[{"embeddable":true,"href":"https:\/\/cdes.org.ec\/webantigua\/wp-json\/wp\/v2\/media\/5585"}],"wp:attachment":[{"href":"https:\/\/cdes.org.ec\/webantigua\/wp-json\/wp\/v2\/media?parent=5581"}],"wp:term":[{"taxonomy":"category","embeddable":true,"href":"https:\/\/cdes.org.ec\/webantigua\/wp-json\/wp\/v2\/categories?post=5581"},{"taxonomy":"post_tag","embeddable":true,"href":"https:\/\/cdes.org.ec\/webantigua\/wp-json\/wp\/v2\/tags?post=5581"}],"curies":[{"name":"wp","href":"https:\/\/api.w.org\/{rel}","templated":true}]}}