{"id":5593,"date":"2019-10-25T09:48:51","date_gmt":"2019-10-25T09:48:51","guid":{"rendered":"https:\/\/cdes.org.ec\/webantigua\/?p=5593"},"modified":"2021-07-27T15:44:47","modified_gmt":"2021-07-27T15:44:47","slug":"onu-recomienda-a-ecuador-por-fmi-furukawa-y-derechos-colectivos","status":"publish","type":"post","link":"https:\/\/cdes.org.ec\/webantigua\/onu-recomienda-a-ecuador-por-fmi-furukawa-y-derechos-colectivos\/","title":{"rendered":"ONU recomienda a Ecuador por FMI, Furukawa y derechos colectivos"},"content":{"rendered":"\r\n<ul class=\"wp-block-gallery columns-1 is-cropped wp-block-gallery-1 is-layout-flex wp-block-gallery-is-layout-flex\"><li class=\"blocks-gallery-item\"><figure><img decoding=\"async\" width=\"960\" height=\"640\" src=\"https:\/\/cdes.org.ec\/webantigua\/wp-content\/uploads\/2019\/10\/99174b0e-bea7-44d9-85e4-4a371848226a.jpg\" alt=\"\" data-id=\"5594\" data-link=\"https:\/\/cdes.org.ec\/webantigua\/?attachment_id=5594\" class=\"wp-image-5594\" srcset=\"https:\/\/cdes.org.ec\/webantigua\/wp-content\/uploads\/2019\/10\/99174b0e-bea7-44d9-85e4-4a371848226a-200x133.jpg 200w, https:\/\/cdes.org.ec\/webantigua\/wp-content\/uploads\/2019\/10\/99174b0e-bea7-44d9-85e4-4a371848226a-300x200.jpg 300w, https:\/\/cdes.org.ec\/webantigua\/wp-content\/uploads\/2019\/10\/99174b0e-bea7-44d9-85e4-4a371848226a-400x267.jpg 400w, https:\/\/cdes.org.ec\/webantigua\/wp-content\/uploads\/2019\/10\/99174b0e-bea7-44d9-85e4-4a371848226a-600x400.jpg 600w, https:\/\/cdes.org.ec\/webantigua\/wp-content\/uploads\/2019\/10\/99174b0e-bea7-44d9-85e4-4a371848226a-768x512.jpg 768w, https:\/\/cdes.org.ec\/webantigua\/wp-content\/uploads\/2019\/10\/99174b0e-bea7-44d9-85e4-4a371848226a-800x533.jpg 800w, https:\/\/cdes.org.ec\/webantigua\/wp-content\/uploads\/2019\/10\/99174b0e-bea7-44d9-85e4-4a371848226a.jpg 960w\" sizes=\"(max-width: 960px) 100vw, 960px\" \/><figcaption>Foto cortes\u00eda de Iv\u00e1n Castaneira. Muejeres ind\u00edgenas alzan los brazos para indicar que est\u00e1n en protesta pac\u00edfica. Quito-Asamblea Nacional, 8-10-2019.<\/figcaption><\/figure><\/li><\/ul>\r\n\r\n\r\n\r\n<p>Hace unas semanas organizaciones de sociedad civil enviamos a Naciones Unidas nuestros informes sobre la situaci\u00f3n de los derechos humanos en el Ecuador durante los dos \u00faltimos a\u00f1os de gobierno y en el marco del acuerdo con el FMI. <\/p>\r\n\r\n\r\n\r\n<p>Mediante el sistema de monitoreo peri\u00f3dico del Comit\u00e9 de Derechos Econ\u00f3micos y Sociales de Naciones Unidas, elevamos nuestras preocupaciones y recomendaciones que se centraron en el deterioro de la calidad laboral, la p\u00e9rdida masiva de empleo p\u00fablico, el debilitamiento de las capacidades estatales, las restricciones de acceso a salud y educaci\u00f3n y la persistencia de condiciones de explotaci\u00f3n an\u00e1logas a la esclavitud.<\/p>\r\n\r\n\r\n\r\n<p>Ac\u00e1 reproducimos el <a href=\"https:\/\/news.un.org\/es\/story\/2019\/10\/1464261\">bolet\u00edn de prensa de Noticias ONU<\/a>: <\/p>\r\n\r\n\r\n\r\n<h1 class=\"wp-block-heading\">La ONU recomienda a Ecuador reexaminar las medidas de austeridad<\/h1>\r\n\r\n\r\n\r\n<p>El&nbsp;<a href=\"https:\/\/www.ohchr.org\/SP\/hrbodies\/cescr\/pages\/cescrindex.aspx\" target=\"_blank\" rel=\"noreferrer noopener\">Comit\u00e9 de Derechos Econ\u00f3micos, Sociales y Culturales&nbsp;<\/a>expres\u00f3 preocupaci\u00f3n por el impacto en la poblaci\u00f3n de las medidas de austeridad implementadas por el Gobierno de&nbsp;<strong>Ecuador tras el acuerdo con el<a href=\"https:\/\/www.imf.org\/external\/spanish\/index.htm\" target=\"_blank\" rel=\"noreferrer noopener\">&nbsp;Fondo Monetario Internacional<\/a>&nbsp;<\/strong>y la elaboraci\u00f3n de su Plan de Prosperidad 2018-2021.<\/p>\r\n\r\n\r\n\r\n<p>Luego de analizar el cuarto informe peri\u00f3dico del pa\u00eds sudamericano, el Comit\u00e9 emiti\u00f3 este martes una serie de&nbsp;<a href=\"https:\/\/tbinternet.ohchr.org\/_layouts\/15\/treatybodyexternal\/Download.aspx?symbolno=E%2fC.12%2fECU%2fCO%2f4&amp;Lang=en\" target=\"_blank\" rel=\"noreferrer noopener\">recomendaciones<\/a>&nbsp;entre las que destaca la&nbsp;<strong>evaluaci\u00f3n previa<\/strong>&nbsp;de los efectos sobre los derechos econ\u00f3micos, sociales y culturales de cualquier medida tomada para responder al deterioro econ\u00f3mico, con el objetivo de evitar que los grupos m\u00e1s desfavorecidos la sufran desproporcionadamente.<\/p>\r\n\r\n\r\n\r\n<p>Del mismo modo, inst\u00f3 a&nbsp;<strong>no rebajar el gasto p\u00fablico<\/strong>&nbsp;en las \u00e1reas de educaci\u00f3n y salud y a asegurar una partida presupuestaria para la inversi\u00f3n social en los colectivos m\u00e1s pobres.<\/p>\r\n\r\n\r\n\r\n<p>El Comit\u00e9 reconoci\u00f3 los altos niveles del d\u00e9ficit fiscal y el endeudamiento del pa\u00eds, pero insisti\u00f3 en que las medidas de austeridad deben aplicarse&nbsp;<strong>s\u00f3lo cuando son necesarias<\/strong>&nbsp;y, en esos casos, deben ser proporcionadas, consultadas con las poblaciones afectadas y sometidas a un examen independiente.<\/p>\r\n\r\n\r\n\r\n<p>Adem\u00e1s, no deber\u00edan causar discriminaci\u00f3n y, en cambio, buscar la&nbsp;<strong>mitigaci\u00f3n de las desigualdades<\/strong>&nbsp;que generalmente se agudizan en tiempos de crisis.<\/p>\r\n\r\n\r\n\r\n<h3 class=\"wp-block-heading\">Estado de emergencia<\/h3>\r\n\r\n\r\n\r\n<p>El Comit\u00e9 subray\u00f3 tambi\u00e9n su alarma por la implementaci\u00f3n del estado de emergencia declarado el pasado 3 de octubre ante las protestas que deton\u00f3 la adopci\u00f3n de las medidas de austeridad.<\/p>\r\n\r\n\r\n\r\n<p>Advirti\u00f3 sobre el&nbsp;<strong>peligro de suspender la libertad de asociaci\u00f3n<\/strong>&nbsp;y se refiri\u00f3 con preocupaci\u00f3n a la violencia, el vandalismo y el uso desproporcionado de la fuerza, en ocasiones por parte del ej\u00e9rcito, contra los manifestantes y defensores de derechos humanos que salieron a las calles a mostrar su inconformidad con el paquete de austeridad.<\/p>\r\n\r\n\r\n\r\n<p>En este contexto, el Comit\u00e9 recomend\u00f3 al Gobierno ecuatoriano que garantice el derecho de asociaci\u00f3n y manifestaci\u00f3n pac\u00edfica de la ciudadan\u00eda y&nbsp;<strong>apegarse a los est\u00e1ndares internacionales<\/strong>&nbsp;de derechos humanos en el caso del estado de emergencia.<\/p>\r\n\r\n\r\n\r\n<h3 class=\"wp-block-heading\">Pueblos ind\u00edgenas y afrodescendientes<\/h3>\r\n\r\n\r\n\r\n<p>Otro motivo de preocupaci\u00f3n es el incremento de las actividades extractivas anunciadas en el Plan de Prosperidad, por lo que llam\u00f3 a Ecuador a reconsiderar el&nbsp;<strong>incremento de la explotaci\u00f3n petrolera<\/strong>&nbsp;y la miner\u00eda a gran escala, record\u00e1ndole sus compromisos con el&nbsp;<a href=\"https:\/\/unfccc.int\/sites\/default\/files\/spanish_paris_agreement.pdf\" target=\"_blank\" rel=\"noreferrer noopener\">Acuerdo de Par\u00eds<\/a>.<\/p>\r\n\r\n\r\n\r\n<p>El Comit\u00e9 llam\u00f3 tambi\u00e9n a la protecci\u00f3n de los defensores de los derechos humanos, haciendo especial \u00e9nfasis en los pueblos ind\u00edgenas, afrodescendientes y Montubios, sobre todo en el marco de las&nbsp;<strong>actividades extractivas.<\/strong><\/p>\r\n\r\n\r\n\r\n<p>Con respecto al aumento de concesiones mineras en territorios ind\u00edgenas, exhort\u00f3 a garantizar que los pueblos que los habitan tengan&nbsp;<strong>seguridad jur\u00eddica en cuanto a sus tierras<\/strong>&nbsp;y recursos naturales y a que se les informe y consulte para obtener su consentimiento libre y previo al establecimiento y gesti\u00f3n de \u00e1reas protegidas sobre sus territorios.<\/p>\r\n\r\n\r\n\r\n<p>Alert\u00f3 sobre el\u00a0<strong>trabajo forzoso<\/strong> al que son sometidos los empleados de la empresa japonesa de Furukawa, afectadas en su gran mayor\u00eda a personas afrodescendientes y urgi\u00f3 a tomar medidas de protecci\u00f3n y reparaci\u00f3n y asistencia psicosocial a las v\u00edctimas, as\u00ed como sancionar a los responsables.<\/p>\r\n\r\n\r\n\r\n<h3 class=\"wp-block-heading\">Migrantes<\/h3>\r\n\r\n\r\n\r\n<p>Por otra parte, valor\u00f3 el esfuerzo de Ecuador para acoger a un n\u00famero significativo de migrantes, pero destac\u00f3 con preocupaci\u00f3n el&nbsp;<strong>efecto excluyente<\/strong>&nbsp;de los requisitos para otorgar visas humanitarias, as\u00ed como la xenofobia y los actos de violencia contra los migrantes.<\/p>\r\n\r\n\r\n\r\n<p>En este rengl\u00f3n, el Comit\u00e9 recomend\u00f3&nbsp;<strong>simplificar los procedimientos<\/strong>&nbsp;para la regularizaci\u00f3n de los migrantes, especialmente en el caso de los menores no acompa\u00f1ados.<\/p>\r\n\r\n\r\n\r\n<p>Abog\u00f3, por otro lado, por poner fin a los despidos, la discriminaci\u00f3n y otras represalias por&nbsp;<strong>actividades sindicales<\/strong>&nbsp;y a tomar las providencias que hagan falta para reducir el trabajo informal e integrar al sector formal a quienes lo desempe\u00f1an.<\/p>\r\n\r\n\r\n\r\n<h3 class=\"wp-block-heading\">Seguridad social<\/h3>\r\n\r\n\r\n\r\n<p>El Comit\u00e9 alent\u00f3 a Ecuador a extender la seguridad social de manera progresiva a los grupos no cubiertos y a fortalecer la cobertura social de los trabajadores independientes, adem\u00e1s de&nbsp;<strong>mejorar los servicios<\/strong>&nbsp;para las personas dedicadas al trabajo dom\u00e9stico no remunerado.<\/p>\r\n\r\n\r\n\r\n<p>Al referirse a los prejuicios contra la contracepci\u00f3n y a la criminalizaci\u00f3n del aborto a\u00fan en los casos de violaci\u00f3n, el Comit\u00e9 pidi\u00f3 mantener la inversi\u00f3n en m\u00e9todos contraceptivos y promover el acceso a la educaci\u00f3n y servicios de salud sexual y reproductiva, as\u00ed como a garantizar que la regulaci\u00f3n de la interrupci\u00f3n del embarazo sea compatible con la integridad de la mujer, llamando a&nbsp;<strong>despenalizar el aborto<\/strong>&nbsp;en casos de violaci\u00f3n.<\/p>\r\n    \t","protected":false},"excerpt":{"rendered":"<p>Hace unas semanas organizaciones de sociedad civil enviamos a Naciones [&hellip;]<\/p>\n","protected":false},"author":1,"featured_media":5594,"comment_status":"open","ping_status":"open","sticky":true,"template":"","format":"standard","meta":{"_siteseo_robots_primary_cat":"","_joinchat":[],"footnotes":""},"categories":[46,52,8],"tags":[],"class_list":["post-5593","post","type-post","status-publish","format-standard","has-post-thumbnail","hentry","category-deuda","category-trabajo","category-tnc"],"_links":{"self":[{"href":"https:\/\/cdes.org.ec\/webantigua\/wp-json\/wp\/v2\/posts\/5593","targetHints":{"allow":["GET"]}}],"collection":[{"href":"https:\/\/cdes.org.ec\/webantigua\/wp-json\/wp\/v2\/posts"}],"about":[{"href":"https:\/\/cdes.org.ec\/webantigua\/wp-json\/wp\/v2\/types\/post"}],"author":[{"embeddable":true,"href":"https:\/\/cdes.org.ec\/webantigua\/wp-json\/wp\/v2\/users\/1"}],"replies":[{"embeddable":true,"href":"https:\/\/cdes.org.ec\/webantigua\/wp-json\/wp\/v2\/comments?post=5593"}],"version-history":[{"count":1,"href":"https:\/\/cdes.org.ec\/webantigua\/wp-json\/wp\/v2\/posts\/5593\/revisions"}],"predecessor-version":[{"id":7909,"href":"https:\/\/cdes.org.ec\/webantigua\/wp-json\/wp\/v2\/posts\/5593\/revisions\/7909"}],"wp:featuredmedia":[{"embeddable":true,"href":"https:\/\/cdes.org.ec\/webantigua\/wp-json\/wp\/v2\/media\/5594"}],"wp:attachment":[{"href":"https:\/\/cdes.org.ec\/webantigua\/wp-json\/wp\/v2\/media?parent=5593"}],"wp:term":[{"taxonomy":"category","embeddable":true,"href":"https:\/\/cdes.org.ec\/webantigua\/wp-json\/wp\/v2\/categories?post=5593"},{"taxonomy":"post_tag","embeddable":true,"href":"https:\/\/cdes.org.ec\/webantigua\/wp-json\/wp\/v2\/tags?post=5593"}],"curies":[{"name":"wp","href":"https:\/\/api.w.org\/{rel}","templated":true}]}}