{"id":5599,"date":"2019-10-31T18:05:36","date_gmt":"2019-10-31T23:05:36","guid":{"rendered":"https:\/\/cdes.org.ec\/webantigua\/?p=5599"},"modified":"2021-06-04T17:20:07","modified_gmt":"2021-06-04T17:20:07","slug":"carta-abierta-funcionario-de-moreno-pide-represion-como-en-chile","status":"publish","type":"post","link":"https:\/\/cdes.org.ec\/webantigua\/carta-abierta-funcionario-de-moreno-pide-represion-como-en-chile\/","title":{"rendered":"Carta abierta: Funcionario de Moreno pide represi\u00f3n como en Chile"},"content":{"rendered":"\r\n<p>Carta abierta sobre las amenazas y declaraciones belicistas del delegado de Lenin Moreno en la Junta de Pol\u00edtica Monetaria y Financiera<br><br>31 de octubre de 2019 <br> Se\u00f1or Licenciado<br> Len\u00edn Boltaire Moreno Garc\u00e9s<br> Presidente de la Rep\u00fablica<\/p>\r\n\r\n\r\n\r\n<p>De nuestra consideraci\u00f3n:<\/p>\r\n\r\n\r\n\r\n<p>Por medio del presente, solicitamos la inmediata destituci\u00f3n del Ing. Marcos L\u00f3pez, su delegado ante la Junta de Pol\u00edtica y Regulaci\u00f3n Monetaria y Financiera. <\/p>\r\n\r\n\r\n\r\n<p>La ma\u00f1ana del 30 de octubre de 2019, Marcos L\u00f3pez ha amenazado con criminalizar la libertad de opini\u00f3n de un ciudadano ecuatoriano quien es adem\u00e1s un profesor universitario. En la red social Twitter, L\u00f3pez ha copiado a la Fiscal\u00eda mientras ha hecho alusi\u00f3n al \u201cp\u00e1nico\u201d, uno de los delitos tipificados en el C\u00f3digo Org\u00e1nico Integral Penal. <\/p>\r\n\r\n\r\n\r\n<p>Tambi\u00e9n en la Asamblea Nacional, durante las comparecencias en la Comisi\u00f3n de R\u00e9gimen Econ\u00f3mico y Tributario la semana del 21 de octubre, ha amenazado reiteradamente con denunciar a connotados analistas y acad\u00e9micos que son cr\u00edticos con la Ley Econ\u00f3mica Urgente que Usted ha enviado. La amenaza contin\u00faa siendo bajo el pretexto de p\u00e1nico financiero.<\/p>\r\n\r\n\r\n\r\n<p>Vale recalcar que el delito de p\u00e1nico financiero (art\u00edculo 322 del C\u00f3digo Org\u00e1nico Integral Penal) se aplica para instituciones financieras individuales y s\u00f3lo si se materializa el retiro masivo de dep\u00f3sitos de dicha instituci\u00f3n, el peligro la estabilidad de dicha instituci\u00f3n o la quiebra de dicha instituci\u00f3n. Esto en ning\u00fan caso se cumple cuando un acad\u00e9mico critica una Ley. Esto demuestra que la intenci\u00f3n de L\u00f3pez es intimidar mediante la amenaza de la criminalizaci\u00f3n.<\/p>\r\n\r\n\r\n\r\n<p>Adem\u00e1s, en medio de las visitas de la Comisi\u00f3n Interamericana de Derechos Humanos y durante la vigencia del Estado de Excepci\u00f3n decretado por Usted, el mencionado delegado, de forma p\u00fablica y notoria, en un medio de comunicaci\u00f3n radial quite\u00f1o, dijo literalmente lo siguiente: <\/p>\r\n\r\n\r\n\r\n<p>\u201cAqu\u00ed, a ninguna instituci\u00f3n, nadie le debe faltar el respeto a la instituci\u00f3n, ojal\u00e1 fu\u00e9ramos aqu\u00ed como en Chile; miren como en Chile, cuando no se respeta a un carabinero, desenfunda el rev\u00f3lver y le pega el tiro y se acab\u00f3.\u201d<\/p>\r\n\r\n\r\n\r\n<p>Sin m\u00e1s comentarios, reiteramos la urgente destituci\u00f3n de dicho funcionario de las altas responsabilidades de Estado que actualmente ocupa.<\/p>\r\n\r\n\r\n\r\n<p>Atentamente,<\/p>\r\n\r\n\r\n\r\n<p>Pablo Iturralde<br>Pablo Fajardo<br>Andr\u00e9s Arauz<br>Fredy Trujillo<\/p>\r\n    \t","protected":false},"excerpt":{"rendered":"<p>Carta abierta sobre las amenazas y declaraciones belicistas del delegado [&hellip;]<\/p>\n","protected":false},"author":1,"featured_media":5600,"comment_status":"open","ping_status":"open","sticky":false,"template":"","format":"standard","meta":{"_siteseo_robots_primary_cat":"","_joinchat":[],"footnotes":""},"categories":[79],"tags":[],"class_list":["post-5599","post","type-post","status-publish","format-standard","has-post-thumbnail","hentry","category-derechos-politicos-y-civiles"],"_links":{"self":[{"href":"https:\/\/cdes.org.ec\/webantigua\/wp-json\/wp\/v2\/posts\/5599","targetHints":{"allow":["GET"]}}],"collection":[{"href":"https:\/\/cdes.org.ec\/webantigua\/wp-json\/wp\/v2\/posts"}],"about":[{"href":"https:\/\/cdes.org.ec\/webantigua\/wp-json\/wp\/v2\/types\/post"}],"author":[{"embeddable":true,"href":"https:\/\/cdes.org.ec\/webantigua\/wp-json\/wp\/v2\/users\/1"}],"replies":[{"embeddable":true,"href":"https:\/\/cdes.org.ec\/webantigua\/wp-json\/wp\/v2\/comments?post=5599"}],"version-history":[{"count":1,"href":"https:\/\/cdes.org.ec\/webantigua\/wp-json\/wp\/v2\/posts\/5599\/revisions"}],"predecessor-version":[{"id":7885,"href":"https:\/\/cdes.org.ec\/webantigua\/wp-json\/wp\/v2\/posts\/5599\/revisions\/7885"}],"wp:featuredmedia":[{"embeddable":true,"href":"https:\/\/cdes.org.ec\/webantigua\/wp-json\/wp\/v2\/media\/5600"}],"wp:attachment":[{"href":"https:\/\/cdes.org.ec\/webantigua\/wp-json\/wp\/v2\/media?parent=5599"}],"wp:term":[{"taxonomy":"category","embeddable":true,"href":"https:\/\/cdes.org.ec\/webantigua\/wp-json\/wp\/v2\/categories?post=5599"},{"taxonomy":"post_tag","embeddable":true,"href":"https:\/\/cdes.org.ec\/webantigua\/wp-json\/wp\/v2\/tags?post=5599"}],"curies":[{"name":"wp","href":"https:\/\/api.w.org\/{rel}","templated":true}]}}