{"id":5605,"date":"2019-11-03T12:43:10","date_gmt":"2019-11-03T12:43:10","guid":{"rendered":"https:\/\/cdes.org.ec\/webantigua\/?p=5605"},"modified":"2021-07-27T15:44:47","modified_gmt":"2021-07-27T15:44:47","slug":"austeridad-y-derechos-humanos-en-ecuador-un-llamado-urgente-al-fmi","status":"publish","type":"post","link":"https:\/\/cdes.org.ec\/webantigua\/austeridad-y-derechos-humanos-en-ecuador-un-llamado-urgente-al-fmi\/","title":{"rendered":"Austeridad y derechos humanos en Ecuador: un llamado urgente al FMI"},"content":{"rendered":"\r\n<p><br><\/p>\r\n\r\n\r\n\r\n<p>La pol\u00edtica fiscal no puede imponerse ignorando los derechos de los pueblos como lo muestra el ejemplo que ha dado el movimiento ind\u00edgena en Ecuador. El Fondo Monetario Internacional (FMI) debe asumir su responsabilidad y establecer correctivos.&nbsp;<br><\/p>\r\n\r\n\r\n\r\n<p>El grupo de organizaciones de derechos humanos y de justicia fiscal aqu\u00ed firmantes manifestamos nuestro reconocimiento y solidaridad con el movimiento ind\u00edgena y otros movimientos populares en Ecuador por lograr la derogaci\u00f3n del <a href=\"http:\/\/apel.ec\/biblioteca\/decreto-883-2019-reforma-al-reglamento-sustitutivo-para-la-regulacion-de-precios-de-derivados-de-los-hidrocarburos\/\">Decreto 883 de 2019<\/a>. Este decreto hace parte de un <a href=\"https:\/\/www.finanzas.gob.ec\/wp-content\/uploads\/downloads\/2019\/03\/LOI-MEFP-Espa%C3%B1ol.pdf\">paquete de medidas de ajuste fisca<\/a>l que el gobierno ecuatoriano acord\u00f3 con el Fondo Monetario Internacional (FMI) en marzo, y que se adoptaron sin la adecuada participaci\u00f3n y <a href=\"https:\/\/www.brettonwoodsproject.org\/2019\/10\/imf-ecuador-agreement-undermines-workers-rights\/\">respeto a los procedimientos democr\u00e1ticos<\/a> y principios de derechos humanos que deber\u00edan seguirse frente a reformas de este alcance. Expresamos nuestro dolor por las <a href=\"https:\/\/twitter.com\/DEFENSORIAEC\/status\/1183872685140578304?s=20\">8 v\u00edctimas<\/a> fatales como consecuencia de la inadecuada respuesta estatal frente a la protesta leg\u00edtima del movimiento ind\u00edgena ante el intento de imposici\u00f3n de estas medidas.<br><\/p>\r\n\r\n\r\n\r\n<p><strong>Sin recursos no hay derechos&nbsp;<\/strong><br><\/p>\r\n\r\n\r\n\r\n<p>Desde hace algunos a\u00f1os las organizaciones firmantes venimos <a href=\"http:\/\/www.cesr.org\/sites\/default\/files\/cidh_fiscalidad_ddhh_oct2015.pdf\">insistiendo <\/a>en hacer visibles los impactos de las pol\u00edticas fiscales sobre los derechos humanos, y en la necesidad de que estas pol\u00edticas tengan como fundamento las obligaciones de los Estados derivadas de las normas internacionales en este campo. Sin recursos no hay derechos, y las decisiones fiscales no pueden tomarse de espaldas a los pueblos. Las decisiones que as\u00ed se adopten deben ser reconsideradas.&nbsp;<br><\/p>\r\n\r\n\r\n\r\n<p>Lo sucedido en Ecuador es un ejemplo m\u00e1s de c\u00f3mo<a href=\"http:\/\/www.cesr.org\/snapshots-lost-decade-human-rights-ten-years-financial-crisis\"> las pol\u00edticas de austeridad fiscal<\/a> se han convertido en una bomba de tiempo en varios pa\u00edses de Am\u00e9rica Latina. Sus supuestos beneficios en otros contextos han quedado en promesas incumplidas y el ajuste fiscal termina por sumir a las econom\u00edas en una crisis de mayores proporciones bajo <a href=\"http:\/\/www.cesr.org\/sites\/default\/files\/CESR-FiscalFallacies.pdf\">dogmas <\/a>que han probado ser ineficaces, como la <a href=\"https:\/\/academic.oup.com\/cje\/article-abstract\/36\/1\/283\/1716716?redirectedFrom=fulltext\">idea <\/a>de que puede haber contracciones fiscales que permitan la expansi\u00f3n de la econom\u00eda.&nbsp;<br><\/p>\r\n\r\n\r\n\r\n<p><strong>Una lucha por los derechos sociales y la justicia fiscal&nbsp;<\/strong><br><\/p>\r\n\r\n\r\n\r\n<p>Al liderar la lucha contra las pol\u00edticas de austeridad adoptadas con auspicio del FMI, los pueblos ind\u00edgenas del Ecuador se suman a un espectro amplio de sectores sociales que han hecho lo propio en <a href=\"https:\/\/youtu.be\/2pfVtykxK9M\">Brasil <\/a>y <a href=\"http:\/\/policydialogue.org\/files\/publications\/papers\/Austerity-the-New-Normal-Ortiz-Cummins-6-Oct-2019.pdf\">Argentina, as\u00ed como en otros pa\u00edses de la regi\u00f3n que figuran entre los 130 pa\u00edses del mundo actualmente afectados por las pol\u00edticas de ajuste fiscal<\/a>. Lo ocurrido en Ecuador, y el precedente de lo sucedido en Colombia con la <a href=\"https:\/\/www.larepublica.co\/economia\/conozca-en-que-consisten-los-acuerdos-firmados-entre-el-gobierno-y-la-minga-indigena-2848713\">minga ind\u00edgena<\/a> este a\u00f1o, muestra que la justicia \u00e9tnica, social y ambiental tienen una estrecha conexi\u00f3n con la justicia fiscal. Como lo han se\u00f1alado la Confederaci\u00f3n de Nacionalidades Ind\u00edgenas de Ecuador y la Confederaci\u00f3n de Nacionalidades Ind\u00edgenas de la Amazon\u00eda Ecuatoriana, no se trata solamente del precio de la gasolina, sino de evitar que les hipotequen su futuro, y que paguen con impactos adversos sobre sus territorios y sobre los derechos sociales de varias generaciones, lo que no logren frenar a tiempo hoy.&nbsp;<br><\/p>\r\n\r\n\r\n\r\n<p><strong>Austeridad regresiva y violaciones a los derechos humanos&nbsp;<\/strong><br><\/p>\r\n\r\n\r\n\r\n<p>La respuesta al reclamo por los derechos sociales que han sido relegados a un segundo plano durante a\u00f1os o que est\u00e1n en riesgo de retroceso producto de las medidas acordadas con el FMI no puede ser la vulneraci\u00f3n de los derechos civiles y pol\u00edticos mediante la represi\u00f3n y el uso desmedido de la fuerza por parte del Estado.<br><\/p>\r\n\r\n\r\n\r\n<p>Nos sumamos al llamado de organismos <a href=\"https:\/\/news.un.org\/es\/story\/2019\/10\/1463432\">internacionales <\/a>e <a href=\"https:\/\/twitter.com\/CIDH\/status\/1182318773489025024?s=20\">interamericanos <\/a>de derechos humanos a que el Estado investigue con prontitud los casos de v\u00edctimas fatales y uso desproporcionado de la fuerza, y establezca canales de di\u00e1logo permanentes que aseguren la participaci\u00f3n de los pueblos ind\u00edgenas y otros potenciales afectados en las decisiones fiscales. Al respecto, el Estado debe asegurar que ninguna medida regresiva sea adoptada sin una cuidadosa consideraci\u00f3n de sus <a href=\"http:\/\/www.cesr.org\/sites\/default\/files\/Austerity-Report-Online2018.FINAL_.pdf\">posibles impactos adversos en los derechos humanos<\/a>, que asegure la participaci\u00f3n de los potenciales afectados y proteja a las poblaciones en situaci\u00f3n de desventaja. Las medidas regresivas de austeridad son contrarias a los derechos humanos al menos que el Estado compruebe que son proporcionadas, no discriminatorias y estrictamente necesarias, en el sentido de que se hayan agotado las alternativas menos lesivas.<br><\/p>\r\n\r\n\r\n\r\n<p><strong>Un llamado al FMI&nbsp;<\/strong><br><\/p>\r\n\r\n\r\n\r\n<p>Finalmente, y con ocasi\u00f3n de su reuni\u00f3n anual en Washington DC, hacemos un llamado a que el FMI eval\u00fae cuidadosamente su papel en la regi\u00f3n, a la luz de sus<a href=\"https:\/\/acnudh.org\/instituciones-financieras-internacionales-complices-del-impacto-de-medidas-de-austeridad-en-derechos-humanos\/\"> responsabilidades en materia de derechos humanos<\/a>, y adopte al menos los siguientes correctivos:&nbsp;<br><\/p>\r\n\r\n\r\n\r\n<p>1. Se abstenga de ejercer cualquier influencia indebida que restrinja el espacio fiscal de los Estados y que vaya en contra de los procedimientos democr\u00e1ticos y las obligaciones de derechos humanos que deben regir la toma de decisiones de Estados soberanos.&nbsp;<br><\/p>\r\n\r\n\r\n\r\n<p>2. Establezca el deber de realizar evaluaciones de impacto sobre los derechos humanos de las condiciones a las que sujeta sus pr\u00e9stamos y otras formas de asistencia a los Estados, con \u00e9nfasis en los <a href=\"http:\/\/www.brettonwoodsproject.org\/wp-content\/%20uploads\/2017\/09\/The-IMF-Gender-Equality-and-Expenditure-Policy-CESR-and-BWP-Sept-2017.pdf\">impactos de g\u00e9nero<\/a> y sobre <a href=\"https:\/\/youtu.be\/DcZ0kblLNRc\">grupos \u00e9tnicos<\/a>. Dichas evaluaciones deben tomar en cuenta los <a href=\"https:\/\/ap.ohchr.org\/documents\/dpage_e.aspx?si=A\/HRC\/40\/57\">principios rectores sobre reformas econ\u00f3micas adoptados en 2018 por el Consejo de Derechos Humanos<\/a> y aplicar metodolog\u00edas rigurosas y participativas.&nbsp;<br><\/p>\r\n\r\n\r\n\r\n<p>3. Incorpore un <a href=\"http:\/\/www.cesr.org\/es\/principios-para-una-pol%C3%ADtica-fiscal-al-servicio-de-los-derechos-humanos-una-iniciativa-para-am%C3%A9rica\">enfoque de derechos humanos<\/a> en el dise\u00f1o de las respuestas frente a la crisis, priorizando alternativas de pol\u00edtica que ampl\u00eden el espacio fiscal como el combate a la evasi\u00f3n y la elusi\u00f3n tributaria, o el fortalecimiento del recaudo v\u00eda impuestos directos progresivos. Asimismo, debe reconsiderar,<a href=\"https:\/\/www.imf.org\/~\/media\/Files\/Publications\/WP\/2018\/wp18142.ashx\"> en l\u00ednea con sus propias investigaciones al respecto<\/a>, la decisi\u00f3n de seguir apoyando recortes al gasto y desmonte de instituciones estatales, sin realizar <a href=\"https:\/\/www.cgdev.org\/blog\/imf-protecting-poor-during-fiscal-consolidations-better-late-never\">evaluaciones m\u00e1s cuidadosas<\/a> de su pertinencia y necesidad en contextos espec\u00edficos. Medidas como el desmonte de subsidios a combustibles f\u00f3siles deben calibrarse adecuadamente y combinarse con mecanismos compensatorios previos y otras pol\u00edticas m\u00e1s amplias de transici\u00f3n hacia energ\u00edas limpias para minimizar el impacto sobre los derechos humanos de toda la poblaci\u00f3n, en particular la de menores ingresos.&nbsp;<br><\/p>\r\n\r\n\r\n\r\n<p>4. Defienda de manera consistente el <a href=\"https:\/\/static1.squarespace.com\/static\/5a0c602bf43b5594845abb81\/t\/5d9ef8055f240b48acd7bf87\/1570699272016\/Informe+del+ICRICT+comunicado+de+prensa.pdf\">inter\u00e9s <\/a>y la capacidad de los pa\u00edses de ingresos bajos y medios de proteger su espacio fiscal para que puedan garantizar y hacer efectivos los <a href=\"http:\/\/www.cesr.org\/sites\/default\/files\/OECD%20Submission_March%202019-ES.pdf\">derechos humanos<\/a>, en el contexto del <a href=\"https:\/\/elpais.com\/economia\/2019\/10\/09\/actualidad\/1570618400_268932.html\">proceso de reforma<\/a> al r\u00e9gimen internacional de tributaci\u00f3n corporativa que se adelanta en la <a href=\"https:\/\/elpais.com\/economia\/2019\/10\/09\/actualidad\/1570618400_268932.html\">OCDE<\/a>.&nbsp;<br><\/p>\r\n\r\n\r\n\r\n<p>Center for Economic and Social Rights (CESR) &#8211; Asociaci\u00f3n Civil por la Igualdad y la Justicia (ACIJ) &#8211; Centro de Estudios Legales y Sociales (CELS) &#8211; Fundar &#8211; Centro de An\u00e1lisis e Investigaci\u00f3n &#8211; Instituto de Estudos Socioecon\u00f4micos (INESC) &#8211; Red de Justicia Fiscal de Am\u00e9rica Latina y el Caribe (RJFALC)&nbsp;<br><\/p>\r\n\r\n\r\n\r\n<p>\u00danase a la conversaci\u00f3n en redes sociales usando los hashtags #RespondaFMI, #RecursosParaLosDerechos, #IMFmeetings.<br><\/p>\r\n    \t","protected":false},"excerpt":{"rendered":"<p>La pol\u00edtica fiscal no puede imponerse ignorando los derechos de [&hellip;]<\/p>\n","protected":false},"author":1,"featured_media":5606,"comment_status":"open","ping_status":"open","sticky":false,"template":"","format":"standard","meta":{"_siteseo_robots_primary_cat":"","_joinchat":[],"footnotes":""},"categories":[46,9],"tags":[],"class_list":["post-5605","post","type-post","status-publish","format-standard","has-post-thumbnail","hentry","category-deuda","category-justiciafiscal"],"_links":{"self":[{"href":"https:\/\/cdes.org.ec\/webantigua\/wp-json\/wp\/v2\/posts\/5605","targetHints":{"allow":["GET"]}}],"collection":[{"href":"https:\/\/cdes.org.ec\/webantigua\/wp-json\/wp\/v2\/posts"}],"about":[{"href":"https:\/\/cdes.org.ec\/webantigua\/wp-json\/wp\/v2\/types\/post"}],"author":[{"embeddable":true,"href":"https:\/\/cdes.org.ec\/webantigua\/wp-json\/wp\/v2\/users\/1"}],"replies":[{"embeddable":true,"href":"https:\/\/cdes.org.ec\/webantigua\/wp-json\/wp\/v2\/comments?post=5605"}],"version-history":[{"count":1,"href":"https:\/\/cdes.org.ec\/webantigua\/wp-json\/wp\/v2\/posts\/5605\/revisions"}],"predecessor-version":[{"id":7908,"href":"https:\/\/cdes.org.ec\/webantigua\/wp-json\/wp\/v2\/posts\/5605\/revisions\/7908"}],"wp:featuredmedia":[{"embeddable":true,"href":"https:\/\/cdes.org.ec\/webantigua\/wp-json\/wp\/v2\/media\/5606"}],"wp:attachment":[{"href":"https:\/\/cdes.org.ec\/webantigua\/wp-json\/wp\/v2\/media?parent=5605"}],"wp:term":[{"taxonomy":"category","embeddable":true,"href":"https:\/\/cdes.org.ec\/webantigua\/wp-json\/wp\/v2\/categories?post=5605"},{"taxonomy":"post_tag","embeddable":true,"href":"https:\/\/cdes.org.ec\/webantigua\/wp-json\/wp\/v2\/tags?post=5605"}],"curies":[{"name":"wp","href":"https:\/\/api.w.org\/{rel}","templated":true}]}}