{"id":5630,"date":"2019-11-05T10:24:55","date_gmt":"2019-11-05T10:24:55","guid":{"rendered":"https:\/\/cdes.org.ec\/webantigua\/?p=5630"},"modified":"2021-06-09T15:36:32","modified_gmt":"2021-06-09T15:36:32","slug":"foro-internacional-impactos-del-financiamiento-y-la-inversion-extrajera-en-america-latina","status":"publish","type":"post","link":"https:\/\/cdes.org.ec\/webantigua\/foro-internacional-impactos-del-financiamiento-y-la-inversion-extrajera-en-america-latina\/","title":{"rendered":"Foro Internacional: Impactos del financiamiento y la inversi\u00f3n extrajera en Am\u00e9rica Latina"},"content":{"rendered":"\r\n<p style=\"font-size:25px\" class=\"has-background has-vivid-green-cyan-background-color\"><strong>Un intercambio de experiencias y estrategias para la defensa de los derechos humanos y el ambiente. <\/strong><\/p>\r\n\r\n\r\n\r\n<ul class=\"wp-block-gallery aligncenter columns-1 is-cropped wp-block-gallery-1 is-layout-flex wp-block-gallery-is-layout-flex\"><li class=\"blocks-gallery-item\"><figure><img decoding=\"async\" width=\"800\" height=\"800\" src=\"https:\/\/cdes.org.ec\/webantigua\/wp-content\/uploads\/2019\/11\/4.jpg\" alt=\"\" data-id=\"5643\" data-link=\"https:\/\/cdes.org.ec\/webantigua\/foro-internacional-impactos-del-financiamiento-y-la-inversion-extrajera-en-america-latina\/4-2\/\" class=\"wp-image-5643\" srcset=\"https:\/\/cdes.org.ec\/webantigua\/wp-content\/uploads\/2019\/11\/4-66x66.jpg 66w, https:\/\/cdes.org.ec\/webantigua\/wp-content\/uploads\/2019\/11\/4-150x150.jpg 150w, https:\/\/cdes.org.ec\/webantigua\/wp-content\/uploads\/2019\/11\/4-200x200.jpg 200w, https:\/\/cdes.org.ec\/webantigua\/wp-content\/uploads\/2019\/11\/4-300x300.jpg 300w, https:\/\/cdes.org.ec\/webantigua\/wp-content\/uploads\/2019\/11\/4-400x400.jpg 400w, https:\/\/cdes.org.ec\/webantigua\/wp-content\/uploads\/2019\/11\/4-600x600.jpg 600w, https:\/\/cdes.org.ec\/webantigua\/wp-content\/uploads\/2019\/11\/4-768x768.jpg 768w, https:\/\/cdes.org.ec\/webantigua\/wp-content\/uploads\/2019\/11\/4.jpg 800w\" sizes=\"(max-width: 800px) 100vw, 800px\" \/><\/figure><\/li><\/ul>\r\n\r\n\r\n\r\n<p class=\"has-text-color has-vivid-red-color\"><strong>Reflexiones sobre \u00bfCu\u00e1l es el rol el Sistema Universal e Interamericano de Derechos Humanos y los Estados para exigir el cumplimiento de est\u00e1ndares y obligaciones en materia de derechos humanos a las empresas?<\/strong><\/p>\r\n\r\n\r\n\r\n<p>En la \u00faltima d\u00e9cada el contexto de las actividades extractivas y energ\u00e9ticas se ha complejizado por la creciente diversificaci\u00f3n de actores econ\u00f3micos interesados en establecerse en territorios de pueblos ind\u00edgenas y comunidades campesinas. Lo alarmante de estas contradicciones es la proliferaci\u00f3n de casos de criminalizaci\u00f3n, desapariciones forzadas, asesinatos y detenciones indebidas, por parte de actores estatales y no estatales, cuyo efecto atemorizante e inhibidor termina por obstaculizar el libre ejercicio de los derechos de organizaci\u00f3n y de proteger y defender la vida. Este contexto, constituye un escenario de peligro y vulnerabilidad para las comunidades campesinas e ind\u00edgenas, especialmente para las Defensoras y Defensores de Derechos Humanos y Ambientales, quienes cumplen un rol fundamental en la exigibilidad de sus derechos colectivos. <\/p>\r\n\r\n\r\n\r\n<p>Este es el caso del financiamiento y las inversiones chinas, un actor emergente que se ha convertido en el primer financista de proyectos de desarrollo y en el segundo socio comercial m\u00e1s importante de Am\u00e9rica Latina. La gran mayor\u00eda de estos pr\u00e9stamos e inversi\u00f3n directa, se ha focalizado en la extracci\u00f3n de recursos naturales, obras de infraestructura y en la exportaci\u00f3n de materias primas. Todos estos sectores se han caracterizado por beneficiar los intereses de las empresas, da\u00f1ar los derechos de las y los trabajadores, as\u00ed como profundizar las desigualdades en las comunidades afectadas y generar disputas asociadas al acaparamiento y escasez de los recursos naturales. <\/p>\r\n\r\n\r\n\r\n<p>En ese\r\ncontexto, en 2018, el Colectivo sobre Financiamiento e Inversiones Chinas,\r\nDerechos Humanos y Ambiente (CICDHA) y la Federaci\u00f3n Internacional de Derechos\r\nHumanos (FIDH), publicaron un informe regional que examina la situaci\u00f3n de\r\nDerechos Humanos en 18 proyectos de desarrollo chinos en Argentina, Bolivia,\r\nBrasil, Ecuador y Per\u00fa, en el marco del Tercer Examen Peri\u00f3dico Universal de\r\nChina. Gracias a este proceso de incidencia, China acept\u00f3 un conjunto de\r\nrecomendaciones que hacen clara alusi\u00f3n a generar acciones afirmativas para\r\ngarantizar el respeto y protecci\u00f3n de los derechos humanos en las actividades\r\nque desarrollan estos actores por fuera de sus fronteras.<\/p>\r\n\r\n\r\n\r\n<p>En consecuencia a este resultado, es necesario analizar y discutir sobre el rol del Sistema el Interamericano de Derechos Humanos, para establecer una agenda que est\u00e9 en concordancia con estos avances en el Sistema Universal de Derechos Humanos, as\u00ed como, debatir sobre la responsabilidad internacional de los Estados de origen de las empresas chinas y otras empresas, que cometen violaciones de derechos en terceros pa\u00edses ante el sistema interamericano de protecci\u00f3n de los derechos humanos.<\/p>\r\n\r\n\r\n\r\n<p><strong>Objetivos del evento:<\/strong><\/p>\r\n\r\n\r\n\r\n<ul class=\"wp-block-list\"><li>Visibilizar\r\nla existencia de grupos y organizaciones defensoras de derechos humanos que se\r\nencuentran en un alto grado de vulnerabilidad, y analizar los patrones en los\r\ncomportamientos de los Estados latinoamericanos y de las empresas que permiten\r\nla violaci\u00f3n de derechos colectivos, fundamentalmente los que se refieren a\r\nderechos de los pueblos ind\u00edgenas, al derecho al consentimiento libre,\r\ninformado y previo y al derecho a un medio ambiente sano de pueblos ind\u00edgenas y\r\ncomunidades campesinas.<\/li><li>Analizar\r\nposibles estrategias legales y de incidencia para ampliar\r\nlos mecanismos de protecci\u00f3n a defensores y defensoras de Derechos Humanos en\r\nel contexto del financiamiento y la inversi\u00f3n extranjera.<\/li><\/ul>\r\n\r\n\r\n\r\n<p><strong>Agenda del Evento<\/strong><\/p>\r\n\r\n\r\n\r\n<figure class=\"wp-block-image\"><img decoding=\"async\" width=\"800\" height=\"800\" src=\"https:\/\/cdes.org.ec\/webantigua\/wp-content\/uploads\/2019\/11\/8.jpg\" alt=\"\" class=\"wp-image-5646\" srcset=\"https:\/\/cdes.org.ec\/webantigua\/wp-content\/uploads\/2019\/11\/8-66x66.jpg 66w, https:\/\/cdes.org.ec\/webantigua\/wp-content\/uploads\/2019\/11\/8-150x150.jpg 150w, https:\/\/cdes.org.ec\/webantigua\/wp-content\/uploads\/2019\/11\/8-200x200.jpg 200w, https:\/\/cdes.org.ec\/webantigua\/wp-content\/uploads\/2019\/11\/8-300x300.jpg 300w, https:\/\/cdes.org.ec\/webantigua\/wp-content\/uploads\/2019\/11\/8-400x400.jpg 400w, https:\/\/cdes.org.ec\/webantigua\/wp-content\/uploads\/2019\/11\/8-600x600.jpg 600w, https:\/\/cdes.org.ec\/webantigua\/wp-content\/uploads\/2019\/11\/8-768x768.jpg 768w, https:\/\/cdes.org.ec\/webantigua\/wp-content\/uploads\/2019\/11\/8.jpg 800w\" sizes=\"(max-width: 800px) 100vw, 800px\" \/><\/figure>\r\n\r\n\r\n\r\n<figure class=\"wp-block-image\"><img decoding=\"async\" width=\"800\" height=\"800\" src=\"https:\/\/cdes.org.ec\/webantigua\/wp-content\/uploads\/2019\/11\/9.jpg\" alt=\"\" class=\"wp-image-5647\" srcset=\"https:\/\/cdes.org.ec\/webantigua\/wp-content\/uploads\/2019\/11\/9-66x66.jpg 66w, https:\/\/cdes.org.ec\/webantigua\/wp-content\/uploads\/2019\/11\/9-150x150.jpg 150w, https:\/\/cdes.org.ec\/webantigua\/wp-content\/uploads\/2019\/11\/9-200x200.jpg 200w, https:\/\/cdes.org.ec\/webantigua\/wp-content\/uploads\/2019\/11\/9-300x300.jpg 300w, https:\/\/cdes.org.ec\/webantigua\/wp-content\/uploads\/2019\/11\/9-400x400.jpg 400w, https:\/\/cdes.org.ec\/webantigua\/wp-content\/uploads\/2019\/11\/9-600x600.jpg 600w, https:\/\/cdes.org.ec\/webantigua\/wp-content\/uploads\/2019\/11\/9-768x768.jpg 768w, https:\/\/cdes.org.ec\/webantigua\/wp-content\/uploads\/2019\/11\/9.jpg 800w\" sizes=\"(max-width: 800px) 100vw, 800px\" \/><\/figure>\r\n\r\n\r\n\r\n<p><\/p>\r\n    \t","protected":false},"excerpt":{"rendered":"<p>Un intercambio de experiencias y estrategias para la defensa de [&hellip;]<\/p>\n","protected":false},"author":1,"featured_media":5640,"comment_status":"open","ping_status":"open","sticky":false,"template":"","format":"standard","meta":{"_siteseo_robots_primary_cat":"","_joinchat":[],"footnotes":""},"categories":[8],"tags":[45,36],"class_list":["post-5630","post","type-post","status-publish","format-standard","has-post-thumbnail","hentry","category-tnc","tag-cidh","tag-epu-ecuador"],"_links":{"self":[{"href":"https:\/\/cdes.org.ec\/webantigua\/wp-json\/wp\/v2\/posts\/5630","targetHints":{"allow":["GET"]}}],"collection":[{"href":"https:\/\/cdes.org.ec\/webantigua\/wp-json\/wp\/v2\/posts"}],"about":[{"href":"https:\/\/cdes.org.ec\/webantigua\/wp-json\/wp\/v2\/types\/post"}],"author":[{"embeddable":true,"href":"https:\/\/cdes.org.ec\/webantigua\/wp-json\/wp\/v2\/users\/1"}],"replies":[{"embeddable":true,"href":"https:\/\/cdes.org.ec\/webantigua\/wp-json\/wp\/v2\/comments?post=5630"}],"version-history":[{"count":1,"href":"https:\/\/cdes.org.ec\/webantigua\/wp-json\/wp\/v2\/posts\/5630\/revisions"}],"predecessor-version":[{"id":7298,"href":"https:\/\/cdes.org.ec\/webantigua\/wp-json\/wp\/v2\/posts\/5630\/revisions\/7298"}],"wp:featuredmedia":[{"embeddable":true,"href":"https:\/\/cdes.org.ec\/webantigua\/wp-json\/wp\/v2\/media\/5640"}],"wp:attachment":[{"href":"https:\/\/cdes.org.ec\/webantigua\/wp-json\/wp\/v2\/media?parent=5630"}],"wp:term":[{"taxonomy":"category","embeddable":true,"href":"https:\/\/cdes.org.ec\/webantigua\/wp-json\/wp\/v2\/categories?post=5630"},{"taxonomy":"post_tag","embeddable":true,"href":"https:\/\/cdes.org.ec\/webantigua\/wp-json\/wp\/v2\/tags?post=5630"}],"curies":[{"name":"wp","href":"https:\/\/api.w.org\/{rel}","templated":true}]}}