{"id":5650,"date":"2019-11-07T10:53:52","date_gmt":"2019-11-07T10:53:52","guid":{"rendered":"https:\/\/cdes.org.ec\/webantigua\/?p=5650"},"modified":"2021-07-27T15:44:47","modified_gmt":"2021-07-27T15:44:47","slug":"reporte-de-la-mision-internacional-de-observacion-de-los-derechos-humanos-en-ecuador","status":"publish","type":"post","link":"https:\/\/cdes.org.ec\/webantigua\/reporte-de-la-mision-internacional-de-observacion-de-los-derechos-humanos-en-ecuador\/","title":{"rendered":"Misi\u00f3n internacional de sociedad civil preocupada por situaci\u00f3n de derechos humanos luego de visita a Ecuador"},"content":{"rendered":"\n<div class=\"wp-block-image\"><figure class=\"aligncenter\"><img decoding=\"async\" src=\"https:\/\/lh5.googleusercontent.com\/lDdn8S-z4I3BrufR4nFMvKUIbg2SyOHxnvyNGLR86-Y-lsfNqVQYHH6fK-ihPG3vYaq8ttXy2aU1GPBMHPt4M5-IreReSnm_Q0MJHqRCC0iDQCPttKeR_yP37qP_YiJ1tDNy0r0\" alt=\"\"\/><\/figure><\/div>\n\n\n\n<p style=\"text-align:left\">Una misi\u00f3n internacional emiti\u00f3 un reporte expresando su preocupaci\u00f3n por la situaci\u00f3n de los derechos humanos en Ecuador como resultado de los recortes de derechos de derechos y la represi\u00f3n estatal.<\/p>\n\n\n\n<p>Entre el 17 al 21 de octubre del 2019, Ecuador recibi\u00f3 a la Misi\u00f3n Internacional de Sociedad Civil de Observaci\u00f3n de Derechos Humanos, conformada para constatar las denuncias realizadas en Ecuador por abusos y arbitrariedad de la fuerza p\u00fablica, as\u00ed como evaluar las denuncias por recortes de derechos sociales, pol\u00edticos y civiles. <\/p>\n\n\n\n<p>La Misi\u00f3n estuvo conformada por Mar\u00eda Elena Naddeo (Argentina), Haydee Oberreuter (Chile), Luc\u00eda Macaggno (Argenitna) y David Pe\u00f1a (M\u00e9xico). Se cumpli\u00f3 con una agenda de reuniones y visitas de campo a organizaciones sociales, periodistas, c\u00e1rceles, organizaciones de derechos humanos nacionales y organismos estatales. <\/p>\n\n\n\n<div class=\"wp-block-image\"><figure class=\"aligncenter\"><img decoding=\"async\" src=\"https:\/\/lh3.googleusercontent.com\/rxA31XcA1aspn7_JvECQaKwBj5YqGbWLmGCuB8P0j4gfSZlXgLBIN9kSUY0XcE48eGLuMvHM75pPb3thSKAQU498mddBXNJ96vWLgwPBoWiF-_zVAHXAWoqmm-n4jTc3LBYRlTs\" alt=\"\"\/><\/figure><\/div>\n\n\n\n<p><strong>REPORTE DE LA MISI\u00d3N INTERNACIONAL DE OBSERVACI\u00d3N DE LOS DERECHOS HUMANOS EN ECUADOR.<\/strong><\/p>\n\n\n\n<div class=\"wp-block-file\"><a href=\"https:\/\/cdes.org.ec\/webantigua\/wp-content\/uploads\/2019\/11\/a.REPORTE-DE-LA-MISION-INTERNACIONAL-10.2019-.docx.pdf\">REPORTE DE LA MISI\u00d3N INTERNACIONAL <\/a><a href=\"https:\/\/cdes.org.ec\/webantigua\/wp-content\/uploads\/2019\/11\/a.REPORTE-DE-LA-MISION-INTERNACIONAL-10.2019-.docx.pdf\" class=\"fusion-button-default fusion-button-default-size wp-block-file__button\" download>Descarga<\/a><\/div>\n\n\n\n<p><strong>Principales conclusiones:  <\/strong><\/p>\n\n\n\n<ul class=\"wp-block-list\"><li>Las declaraciones de toque de queda y luego de estado de excepci\u00f3n fueron tomadas unilateralmente por el Poder Ejecutivo generando una situaci\u00f3n de mayores niveles de violencia y la profundizaci\u00f3n del conflicto, a pesar de haber sido validadas por la Corte Constitucional, existe una seria preocupaci\u00f3n sobre su Convencionalidad y sobre los efectos perniciosos que contrajeron en la sociedad.<\/li><li>El discurso del gobierno nacional emitido reiteradamente en las ruedas de prensa alienta un clima persecutorio contra cualquier persona participe de las manifestaciones o que declarara su oposici\u00f3n pol\u00edtica al gobierno.&nbsp;&nbsp;<\/li><li>A su vez se criminalizaron sin prueba alguna a personas migrantes venezolanos y cubanos la mayor\u00eda de los cuales fueron liberados r\u00e1pidamente, pero alentaron con estas acciones las expresiones de racismo y xenofobia.<\/li><li>Las comunidades ind\u00edgenas hab\u00edan organizado un plan reivindicativo que no fue tenido en cuenta por el Gobierno. El decreto 883 fue a todas luces una decisi\u00f3n inconsulta que moviliz\u00f3 al conjunto de la poblaci\u00f3n ecuatoriana.&nbsp;<\/li><li>Identificar la protesta de las comunidades con delitos como rebeli\u00f3n y otras tipificaciones para criminalizar a los participantes en la movilizaci\u00f3n resulta violatoria del derecho a la protesta, a la libre expresi\u00f3n, a la movilizaci\u00f3n pac\u00edfica.<\/li><li>La utilizaci\u00f3n de fuerzas de choque, con expresiones y actitudes violentas y discriminatorias incluso con expresiones de acoso sexual hacia las mujeres, escandaliza y contraria los procedimientos acordes a los est\u00e1ndares internacionales de utilizaci\u00f3n democr\u00e1tica del uso de la fuerza.&nbsp;<\/li><li>La Polic\u00eda Nacional particip\u00f3 en el intento de dispersi\u00f3n de los manifestantes con una actitud de ferocidad inusitada, nunca vista por los y las ciudadanas consultados, sin embargo, se desconoce la existencia de procesos de revisi\u00f3n o sanci\u00f3n sobre estos comportamientos.<\/li><li>El uso del gas pimienta arrojado a los y las manifestantes que se encontraban en quietud sin ning\u00fan tipo de acci\u00f3n violenta, las detenciones al voleo y otras acciones de extrema agresividad descritas por las personas apresadas constituyen un accionar violatorio de las normas m\u00ednimas de procedimiento en materia de uso de la fuerza.&nbsp;<\/li><li>En la mayor\u00eda de los testimonios recogidos se se\u00f1ala que, al momento de producirse las detenciones y traslados, el personal policial profiri\u00f3 fuertes insultos a las personas apresadas, con expresiones cargadas de contenidos humillantes e incluso burl\u00e1ndose de las mismas.<\/li><li>La falta de acceso a la informaci\u00f3n es un dato reiterado por todos los sujetos entrevistados. En principio y despu\u00e9s de varios meses de su firma la ciudadan\u00eda no conoce el contenido de la carta de intenci\u00f3n firmada por el Gobierno Nacional con el Fondo Monetario Internacional, en este tema la propia Defensor\u00eda del Pueblo present\u00f3 un pedido de informes que hasta la fecha no fue contestado.&nbsp;<\/li><li>Existe una percepci\u00f3n social de que existe una clara persecuci\u00f3n pol\u00edtica en contra de integrantes del partido pol\u00edtico Revoluci\u00f3n Ciudadana en particular, pero de forma general en contra de quienes se han expresado como opositores al gobierno.<\/li><li>Se identifica la militancia pol\u00edtica de car\u00e1cter opositora con los delitos de rebeli\u00f3n, violentando los derechos personal\u00edsimos de libre expresi\u00f3n, libre asociaci\u00f3n y manifestaci\u00f3n y movilizaci\u00f3n entre otros.<\/li><li>De las entrevistas realizadas constatamos las detenciones generalizadas o masivas sin motivo suficiente, lo cual confirma su car\u00e1cter arbitrario e ilegal.&nbsp; Este dato ha sido ampliamente confirmado por la Defensor\u00eda del Pueblo de Ecuador quien recoge la estimaci\u00f3n de que un 80% de las detenciones realizadas no ten\u00edan pruebas ni causales suficientes.<\/li><li>La misi\u00f3n internacional intent\u00f3 visitar a la Prefecta Pab\u00f3n en el lugar de detenci\u00f3n, pero la solicitud formulada oficialmente fue rechazada. Constituidos en el centro de inserci\u00f3n social de Latacunga donde se encuentra la prefecta, y despu\u00e9s de largas horas de espera, no se logr\u00f3 la entrevista.&nbsp;<\/li><li>El anuncio en cadena oficial del presidente Lenin Moreno, demonizando a tres l\u00edderes de la oposici\u00f3n y construyendo un enemigo interno al cual encarcelar, violenta tambi\u00e9n las pr\u00e1cticas habituales en el sistema democr\u00e1tico que consideran la libre expresi\u00f3n de las ideas pol\u00edticas y el ejercicio ciudadano de la protesta y la movilizaci\u00f3n como derechos personales y colectivos que deben ser respetados.&nbsp;&nbsp;<\/li><li>Sobre la actuaci\u00f3n de la Fiscal\u00eda General llama la atenci\u00f3n el inter\u00e9s personal de la Fiscal General Diana Salazar por estar presente en las audiencias de algunos de los l\u00edderes pol\u00edticos detenidos, sin que se justifique su presencia procesalmente.<\/li><li>Existe una presunci\u00f3n fundada de que la Fiscal\u00eda continuar\u00e1 actuando penalmente en contra de otros l\u00edderes sociales, comunitarios, ind\u00edgenas, pol\u00edticos as\u00ed como en contra de activistas y comunicadores como una acci\u00f3n de \u201crepresalia\u201d por haber participado en las jornadas de protestas.<\/li><li>El abuso de la prisi\u00f3n preventiva -que no es exclusivo del Ecuador- se ha convertido en una forma de intimidaci\u00f3n adelantada y una medida de control de la oposici\u00f3n.<\/li><li>La actuaci\u00f3n de los tribunales del Poder Judicial durante las jornadas de protestas es de llamar la atenci\u00f3n, porque no se condujeron a la altura de las circunstancias y acorde con los est\u00e1ndares interamericanos para asegurar a las personas un recurso judicial adecuado, efectivo y pertinente. Adicionalmente llama la atenci\u00f3n la celeridad con la que algunas acusaciones est\u00e1n siendo desahogadas y el riesgo de que las personas puedan ser sentenciadas sin contar con el tiempo suficiente para realizar una adecuada defensa t\u00e9cnica.<\/li><li>La permanencia de un discurso oficial criminalizante, estigmatizante y xen\u00f3fobo por parte de distintas autoridades.<\/li><li>La alta probabilidad de que se sigan presentando acusaciones y detenciones cargadas de una motivaci\u00f3n pol\u00edtica.<\/li><\/ul>\n    \t","protected":false},"excerpt":{"rendered":"<p>Una misi\u00f3n internacional emiti\u00f3 un reporte expresando su preocupaci\u00f3n por [&hellip;]<\/p>\n","protected":false},"author":1,"featured_media":5651,"comment_status":"open","ping_status":"open","sticky":false,"template":"","format":"standard","meta":{"_siteseo_robots_primary_cat":"","_joinchat":[],"footnotes":""},"categories":[46],"tags":[],"class_list":["post-5650","post","type-post","status-publish","format-standard","has-post-thumbnail","hentry","category-deuda"],"_links":{"self":[{"href":"https:\/\/cdes.org.ec\/webantigua\/wp-json\/wp\/v2\/posts\/5650","targetHints":{"allow":["GET"]}}],"collection":[{"href":"https:\/\/cdes.org.ec\/webantigua\/wp-json\/wp\/v2\/posts"}],"about":[{"href":"https:\/\/cdes.org.ec\/webantigua\/wp-json\/wp\/v2\/types\/post"}],"author":[{"embeddable":true,"href":"https:\/\/cdes.org.ec\/webantigua\/wp-json\/wp\/v2\/users\/1"}],"replies":[{"embeddable":true,"href":"https:\/\/cdes.org.ec\/webantigua\/wp-json\/wp\/v2\/comments?post=5650"}],"version-history":[{"count":1,"href":"https:\/\/cdes.org.ec\/webantigua\/wp-json\/wp\/v2\/posts\/5650\/revisions"}],"predecessor-version":[{"id":7216,"href":"https:\/\/cdes.org.ec\/webantigua\/wp-json\/wp\/v2\/posts\/5650\/revisions\/7216"}],"wp:featuredmedia":[{"embeddable":true,"href":"https:\/\/cdes.org.ec\/webantigua\/wp-json\/wp\/v2\/media\/5651"}],"wp:attachment":[{"href":"https:\/\/cdes.org.ec\/webantigua\/wp-json\/wp\/v2\/media?parent=5650"}],"wp:term":[{"taxonomy":"category","embeddable":true,"href":"https:\/\/cdes.org.ec\/webantigua\/wp-json\/wp\/v2\/categories?post=5650"},{"taxonomy":"post_tag","embeddable":true,"href":"https:\/\/cdes.org.ec\/webantigua\/wp-json\/wp\/v2\/tags?post=5650"}],"curies":[{"name":"wp","href":"https:\/\/api.w.org\/{rel}","templated":true}]}}