{"id":5684,"date":"2019-11-25T17:01:42","date_gmt":"2019-11-25T17:01:42","guid":{"rendered":"https:\/\/cdes.org.ec\/webantigua\/?p=5684"},"modified":"2021-04-24T09:24:08","modified_gmt":"2021-04-24T09:24:08","slug":"censuran-denuncia-de-vinculo-de-vicepresidente-ecuatoriano-con-paraisos-fiscales","status":"publish","type":"post","link":"https:\/\/cdes.org.ec\/webantigua\/censuran-denuncia-de-vinculo-de-vicepresidente-ecuatoriano-con-paraisos-fiscales\/","title":{"rendered":"La ley econ\u00f3mica urgente enviada por el gobierno propone la regularizaci\u00f3n de capitales escondidos en el exterior"},"content":{"rendered":"\n<p><em> El pasado 21 de noviembre la p\u00e1gina web de Latindadd fue bloqueada debido a una demanda de copyright realizada por el se\u00f1or Juan Carlos Ch\u00e1vez, empleado de presidencia de Lenin Moreno, en contra de un art\u00edculo publicado el 14 de noviembre, titulado \u201cVicepresidente ecuatoriano se beneficiar\u00eda por desregularizaci\u00f3n de para\u00edsos fiscales propuesta en el proyecto de Ley de Crecimiento Econ\u00f3mico\u201d. La p\u00e1gina web fue solamente restablecida despu\u00e9s de 48 horas <strong>cuando se borr\u00f3 el art\u00edculo en cuesti\u00f3n<\/strong>. A continuaci\u00f3n reproducimos \u00edntegra la denuncia.<br><\/em><\/p>\n\n\n\n<p class=\"has-text-align-center\"><strong>La ley econ\u00f3mica urgente enviada por el gobierno propone la regularizaci\u00f3n de capitales escondidos en el exterior<\/strong><\/p>\n\n\n\n<p>En el Proyecto de Ley de \u201cCrecimiento Econ\u00f3mico\u201d, enviada por el Ejecutivo a la Asamblea Nacional la medianoche del 18 de octubre en calidad de Ley Econ\u00f3mica-Urgente, se crea el \u201cImpuesto a la Regularizaci\u00f3n Tributaria\u201d para los activos <em>offshore<\/em> en el marco de todo un \u201cR\u00e9gimen Impositivo Voluntario, \u00danico y Temporal\u201d. El proyecto propone que se conceda amnist\u00eda administrativa e impunidad penal al dinero que se hab\u00eda escondido en el exterior. <\/p>\n\n\n\n<p>Una alta autoridad del gobierno ecuatoriano en funciones se ver\u00eda beneficiada directamente.&nbsp;<strong>Otto Sonnenholzner es uno de los due\u00f1os de TVCable a trav\u00e9s de una offshore prohibida<\/strong>. <\/p>\n\n\n\n<p>TVCable forma parte de un grupo empresarial que ofrece contenidos a m\u00e1s de 200 mil de hogares en Ecuador. Esta compa\u00f1\u00eda no pasar\u00eda de ser solamente una m\u00e1s de tantas proveedoras de TV por cable, si no fuera por quien la encabeza. Estamos ante un nuevo caso donde el poder medi\u00e1tico y el poder pol\u00edtico se funden en una misma persona: Otto Ram\u00f3n Sonnenholzner Sper, actual Vicepresidente de dicho pa\u00eds. <\/p>\n\n\n\n<p>Hace pocas semanas, durante las protestas sociales que remecieron varias ciudades ecuatorianas, la compa\u00f1\u00eda TVCable fue noticia porque unilateralmente censur\u00f3 a Telesur, sin explicaci\u00f3n alguna, y luego de varios d\u00edas restituy\u00f3 la se\u00f1al. <strong>No es la primera <em>offshore<\/em> de Sonnenholzner<\/strong>, ya antes se hab\u00eda denunciado el caso de la empresa offshore paname\u00f1a \u201c<strong>Galley Enterprises Inc.<\/strong>\u201d en la cual el Vicepresidente Sonnenholzner era directivo. Luego, un d\u00eda antes de juramentar como vicepresidente ecuatoriano, renunci\u00f3 a su cargo y design\u00f3 a testaferros. El mismo Sonnenholzner confes\u00f3 que la empresa era fantasma, pues Galley no ten\u00eda inversiones en el exterior sino en el mismo Ecuador. En pocas palabras, solo era un instrumento de triangulaci\u00f3n para que en los libros contables conste como \u201cinversi\u00f3n extranjera directa\u201d. A Sonnenholzner, el paquetazo reciente dado en Ecuador lo beneficia econ\u00f3micamente, pues al ser due\u00f1o de TVCable goza de la reducci\u00f3n de aranceles que el presidente Moreno ofreci\u00f3 para \u201cbienes tecnol\u00f3gicos\u201d: sabe que una de las partidas m\u00e1s&nbsp;<a rel=\"noreferrer noopener\" href=\"https:\/\/www.registroficial.gob.ec\/index.php\/registro-oficial-web\/publicaciones\/suplementos\/item\/12113-suplemento-al-registro-oficial-no-56\" target=\"_blank\">beneficiadas<\/a>&nbsp;es la importaci\u00f3n de cable coaxial para la se\u00f1al de televisi\u00f3n por cable. Una inyecci\u00f3n de d\u00f3lares a la rentabilidad de los negocios del Vicepresidente ecuatoriano, designado por el propio presidente Moreno. En una&nbsp;<a rel=\"noreferrer noopener\" href=\"https:\/\/www.elcomercio.com\/actualidad\/otto-sonnenholzner-terna-entrevista-vicepresidencia.html\" target=\"_blank\">entrevista<\/a>&nbsp;al diario local El Comercio, poco antes de posesionarse, Sonnenholzner dijo que pondr\u00eda todas sus acciones en un fideicomiso para no tener conflictos de inter\u00e9s en el ejercicio de su cargo. Efectivamente cre\u00f3 el&nbsp;<a rel=\"noreferrer noopener\" href=\"http:\/\/reporteria.supercias.gob.ec\/portal\/cgi-bin\/cognos.cgi?b_action=cognosViewer&amp;ui.action=run&amp;ui.object=%2fcontent%2ffolder%5b%40name%3d%27Mercado%20de%20Valores%27%5d%2ffolder%5b%40name%3d%27Reportes%27%5d%2ffolder%5b%40name%3d%27Consultas%27%5d%2freport%5b%40name%3d%27Menu_catastro_negociosfiduciarios%27%5d&amp;ui.name=Menu_catastro_negociosfiduciarios&amp;run.outputFormat=&amp;run.prompt=false&amp;p_CodigoEnteMenu=21977&amp;p_TipoEnteMenu=65020&amp;p_TipoEstadoMenu=20002\" target=\"_blank\">fideicomiso<\/a>, se llama \u201cFideicomiso OTTS\u201d, y puso ah\u00ed sus negocios de pesca y otros relacionados, pero omiti\u00f3 incluir sus acciones en TVCable. El Grupo TVCable se maneja con varias empresas con nombres parecidos, casi dise\u00f1ados para confundir. Tevecable S.A. (con capital de US$ 38 millones) y Setel S.A. (con capital de US$ 136 millones) tienen como accionista principal a \u201cGrupo Empresarial STCT S.A.\u201d. El due\u00f1o del 35% de esta empresa es&nbsp;<a rel=\"noreferrer noopener\" href=\"http:\/\/reporteria.supercias.gob.ec\/portal\/cgi-bin\/cognos.cgi?b_action=cognosViewer&amp;ui.action=run&amp;ui.object=%2fcontent%2ffolder%5b%40name%3d%27Mercado%20de%20Valores%27%5d%2ffolder%5b%40name%3d%27Reportes%27%5d%2ffolder%5b%40name%3d%27Consultas%27%5d%2freport%5b%40name%3d%27Menu_catastro_negociosfiduciarios%27%5d&amp;ui.name=Menu_catastro_negociosfiduciarios&amp;run.outputFormat=&amp;run.prompt=false&amp;p_CodigoEnteMenu=2034&amp;p_TipoEnteMenu=65010&amp;p_TipoEstadoMenu=20002\" target=\"_blank\">otro fideicomiso ecuatoriano<\/a>&nbsp;que se llama \u201cFideicomiso Servicios de Televisi\u00f3n por Cable Telecomunicaciones STCT S.A.\u201d Como&nbsp;<a rel=\"noreferrer noopener\" href=\"http:\/\/reporteria.supercias.gob.ec\/portal\/cgi-bin\/cognos.cgi?b_action=cognosViewer&amp;ui.action=run&amp;ui.object=%2fcontent%2ffolder%5b%40name%3d%27Mercado%20de%20Valores%27%5d%2ffolder%5b%40name%3d%27Reportes%27%5d%2ffolder%5b%40name%3d%27Consultas%27%5d%2freport%5b%40name%3d%27Menu_catastro_negociosfiduciarios%27%5d&amp;ui.name=Menu_catastro_negociosfiduciarios&amp;run.outputFormat=&amp;run.prompt=false&amp;p_CodigoEnteMenu=2034&amp;p_TipoEnteMenu=65010&amp;p_TipoEstadoMenu=20002\" target=\"_blank\">beneficiario<\/a>&nbsp;de este fideicomiso consta una empresa de inversi\u00f3n extranjera directa&nbsp;<strong>costarricense\u201cHersalbar Holdings S.A.\u201d<\/strong>&nbsp;A primera vista, pareciera que son capitales extranjeros que invierten en Ecuador.&nbsp;<\/p>\n\n\n\n<figure class=\"wp-block-image\"><img decoding=\"async\" src=\"https:\/\/ci4.googleusercontent.com\/proxy\/SfpjY7adWfb15AcfkXJp5DYYEuWQFLMoIlLNipE-gbKaQJMDx_XgRCZM_-3JnYlsHH94YCLlYWM4VZcR-JlYh6hg-jNaO8yrAJ4_DLzClwwTMIJ8LolUZyajX4aRRGUmbL0C44kg7OaEOgrP6e92Z7fBcHtFLoZju1w=s0-d-e1-ft#http:\/\/www.latindadd.org\/wp-content\/uploads\/2019\/11\/signal-attachment-2019-10-27-125627_002-650x493.png\" alt=\"\"\/><\/figure>\n\n\n\n<p>&nbsp;Luego de investigar en la Superintendencia de Compa\u00f1\u00edas del Ecuador y confirmar en el Registro Nacional de Costa Rica, se hall\u00f3 un documento en el que Otto Ram\u00f3n Sonnenholzner Sper, firmado y notarizado por su cu\u00f1ada en febrero de 2019 (m\u00e1s de un a\u00f1o despu\u00e9s de ser posesionado como Vicepresidente),&nbsp;<a href=\"http:\/\/appscvsmovil.supercias.gob.ec\/consultaImagen\/VisualizaDocumetos.zul?tipoDocumento=general&amp;expediente=70058&amp;tipoCambio=70&amp;idDocumento=1.6.2&amp;fecha=2019-02-01%2019:29:44.746&amp;secuencial=1\" target=\"_blank\" rel=\"noreferrer noopener\">consta como accionista<\/a>&nbsp;de la empresa offshore Hersalbar Holdings. Tener esta titularidad est\u00e1 prohibido por la ley ecuatoriana, la Ley del Pacto \u00c9tico; a partir de la consulta popular que pregunt\u00f3 si los funcionarios p\u00fablicos pueden ser accionistas o directivos de empresas en para\u00edsos fiscales o&nbsp;<strong>reg\u00edmenes<\/strong>&nbsp;de menor imposici\u00f3n.&nbsp;<strong>Sociedades exoneradas de Costa Rica s\u00ed constan en la lista de la autoridad tributaria<\/strong><\/p>\n\n\n\n<figure class=\"wp-block-image\"><img decoding=\"async\" src=\"https:\/\/ci6.googleusercontent.com\/proxy\/veeLNc-E2KJGDfjs_kxCuyJo6j2TT2NdzpNtveDjxBYjV5A_-EWUlRidWNGndRpQ9K4vNOpDr4dzupVZ2YhvUdEDKVe4DFY0ZahDIuMMEJKDZcMjI3FRmSIznlnY3r8awB-Gby1u4BINccx9aJ0oT51XScXdoqnlqTw=s0-d-e1-ft#http:\/\/www.latindadd.org\/wp-content\/uploads\/2019\/11\/signal-attachment-2019-10-27-125627_003-650x214.png\" alt=\"\"\/><\/figure>\n\n\n\n<p>&nbsp;Sonnenholzner puede decir que Costa Rica no est\u00e1 en la lista de para\u00edsos fiscales. Pero Costa Rica, un pa\u00eds considerado&nbsp;<a href=\"https:\/\/www.financialsecrecyindex.com\/PDF\/CostaRica.pdf\" target=\"_blank\" rel=\"noreferrer noopener\">opaco<\/a>&nbsp;por el&nbsp;<a href=\"https:\/\/www.financialsecrecyindex.com\/en\/introduction\/fsi-2018-results\" target=\"_blank\" rel=\"noreferrer noopener\">Financial Secrecy Index de 2018<\/a>, s\u00ed consta en la&nbsp;<a href=\"https:\/\/www.sri.gob.ec\/DocumentosAlfrescoPortlet\/descargar\/8f897846-0bbf-4086-b8ed-2b23898c3d6f\/LISTADO%20REG%c3%8dMENES%20FISCALES%20PREFERENTES.pdf\" target=\"_blank\" rel=\"noreferrer noopener\">lista de&nbsp;<strong>reg\u00edmenes<\/strong><\/a>&nbsp;de menor imposici\u00f3n equivalentes a para\u00edsos fiscales. Hersalbar Holdings (3-101-626909)&nbsp;<a href=\"https:\/\/www.hacienda.go.cr\/ATV\/frmConsultaSituTributaria.aspx\" target=\"_blank\" rel=\"noreferrer noopener\">no tiene<\/a>&nbsp;la&nbsp;<a href=\"https:\/\/www.financialsecrecyindex.com\/database\/CostaRica.xml\" target=\"_blank\" rel=\"noreferrer noopener\">obligaci\u00f3n<\/a>&nbsp;de pagar impuesto a la renta en Costa Rica desde el a\u00f1o 2012. Al poseer 10% o m\u00e1s de las acciones (uno de los diez&nbsp;<a href=\"http:\/\/appscvsmovil.supercias.gob.ec\/consultaImagen\/VisualizaDocumetos.zul?tipoDocumento=general&amp;expediente=70058&amp;tipoCambio=70&amp;idDocumento=1.6.3&amp;fecha=2019-02-01%2019:29:44.746&amp;secuencial=1\" target=\"_blank\" rel=\"noreferrer noopener\">t\u00edtulos<\/a>&nbsp;accionarios), aunque haya renunciado a cargos directivos en la empresa offshore costarricense, Sonnenholzner est\u00e1 violando la Resoluci\u00f3n No. NAC-DGERCGC15-00000052 del Servicio de Rentas Internas ecuatoriano referida en los art\u00edculos 3 y 4 y la Disposici\u00f3n General \u00danica de la&nbsp;<a href=\"https:\/\/www.sri.gob.ec\/DocumentosAlfrescoPortlet\/descargar\/cc0d8c35-1d1d-4879-9e4c-cb22d30736e5\/Ley+Org%E1nica+para+la+Aplicaci%F3n+de+la+Consulta+Popular+Efectuada+el+19+de+Febrero+del+2017.pdf\" target=\"_blank\" rel=\"noreferrer noopener\">Ley Org\u00e1nica para la Aplicaci\u00f3n de la Consulta Popular Efectuada el 19 de febrero de 2017<\/a>.&nbsp;<\/p>\n\n\n\n<figure class=\"wp-block-image\"><img decoding=\"async\" src=\"https:\/\/ci6.googleusercontent.com\/proxy\/ANnPVQ5dHPVWSFKxqVLScW4xcuQwXx5W-2fzez6_WuyjtqefsP3mj5jSSWSYGbyGASLXWZkd3SrCdTOCNvztaRN_qGIzAAIbboNXnU5rvbJ_4HNMoCfjHy2_PuH9M9G5qGgqsNvj79X2Y93v_gcD7iwYMovBeGUdOF8=s0-d-e1-ft#http:\/\/www.latindadd.org\/wp-content\/uploads\/2019\/11\/signal-attachment-2019-10-27-125627_001-650x400.png\" alt=\"\"\/><\/figure>\n\n\n\n<p>&nbsp;Hacemos un llamado para que Sonnenholzner d\u00e9 un paso al costado mientras enfrenta la auditor\u00eda y posible sanci\u00f3n que dispone la Ley del Pacto \u00c9tico que, a diferencia de \u00e9l, es fruto de un mandato popular. &nbsp;&nbsp;<\/p>\n\n\n\n<p><strong>Con informaci\u00f3n de CDES Ecuador &#8211; Observatorio de la Dolarizacion &#8211; Jubileo Ecuador y Latindadd<\/strong><\/p>\n    \t","protected":false},"excerpt":{"rendered":"<p>El pasado 21 de noviembre la p\u00e1gina web de Latindadd [&hellip;]<\/p>\n","protected":false},"author":1,"featured_media":3902,"comment_status":"open","ping_status":"open","sticky":false,"template":"","format":"standard","meta":{"_siteseo_robots_primary_cat":"","_joinchat":[],"footnotes":""},"categories":[46],"tags":[30],"class_list":["post-5684","post","type-post","status-publish","format-standard","has-post-thumbnail","hentry","category-deuda","tag-panamapapers"],"_links":{"self":[{"href":"https:\/\/cdes.org.ec\/webantigua\/wp-json\/wp\/v2\/posts\/5684","targetHints":{"allow":["GET"]}}],"collection":[{"href":"https:\/\/cdes.org.ec\/webantigua\/wp-json\/wp\/v2\/posts"}],"about":[{"href":"https:\/\/cdes.org.ec\/webantigua\/wp-json\/wp\/v2\/types\/post"}],"author":[{"embeddable":true,"href":"https:\/\/cdes.org.ec\/webantigua\/wp-json\/wp\/v2\/users\/1"}],"replies":[{"embeddable":true,"href":"https:\/\/cdes.org.ec\/webantigua\/wp-json\/wp\/v2\/comments?post=5684"}],"version-history":[{"count":1,"href":"https:\/\/cdes.org.ec\/webantigua\/wp-json\/wp\/v2\/posts\/5684\/revisions"}],"predecessor-version":[{"id":7215,"href":"https:\/\/cdes.org.ec\/webantigua\/wp-json\/wp\/v2\/posts\/5684\/revisions\/7215"}],"wp:featuredmedia":[{"embeddable":true,"href":"https:\/\/cdes.org.ec\/webantigua\/wp-json\/wp\/v2\/media\/3902"}],"wp:attachment":[{"href":"https:\/\/cdes.org.ec\/webantigua\/wp-json\/wp\/v2\/media?parent=5684"}],"wp:term":[{"taxonomy":"category","embeddable":true,"href":"https:\/\/cdes.org.ec\/webantigua\/wp-json\/wp\/v2\/categories?post=5684"},{"taxonomy":"post_tag","embeddable":true,"href":"https:\/\/cdes.org.ec\/webantigua\/wp-json\/wp\/v2\/tags?post=5684"}],"curies":[{"name":"wp","href":"https:\/\/api.w.org\/{rel}","templated":true}]}}