{"id":5742,"date":"2020-03-23T12:37:41","date_gmt":"2020-03-23T12:37:41","guid":{"rendered":"https:\/\/cdes.org.ec\/webantigua\/?p=5742"},"modified":"2021-07-27T15:43:43","modified_gmt":"2021-07-27T15:43:43","slug":"la-vida-antes-que-la-deuda-decisiones-urgentes-para-enfrentar-el-covid-19","status":"publish","type":"post","link":"https:\/\/cdes.org.ec\/webantigua\/la-vida-antes-que-la-deuda-decisiones-urgentes-para-enfrentar-el-covid-19\/","title":{"rendered":"La vida antes que la deuda: decisiones urgentes para enfrentar el Covid 19"},"content":{"rendered":"\r\n<p><strong>COMUNICADO CDES<\/strong><\/p>\r\n\r\n\r\n\r\n<p>Ning\u00fan inter\u00e9s financiero privado puede triunfar sobre el derecho a la salud p\u00fablica y la supervivencia. Los gobiernos no deben priorizar el pago de la deuda p\u00fablica cuando esto signifique el sacrificio de los derechos humanos y de las posibilidades futuras de desarrollo de un pa\u00eds.<\/p>\r\n\r\n\r\n\r\n<p>Al respecto, compartimos la preocupaci\u00f3n de la ciudadan\u00eda ecuatoriana sobre la falta de acciones urgentes por parte del Gobierno Nacional para enfrentar la pandemia del Covid-19. Por un lado, los voceros del Ejecutivo han se\u00f1alado que existen restricciones en la disponibilidad de recursos para financiar medidas sanitarias para contener la pandemia; y, por otro tambi\u00e9n han anunciado que existen recursos priorizados al pago de deuda p\u00fablica.<\/p>\r\n\r\n\r\n\r\n<p>Queremos sumarnos al pedido de cambiar la prioridad de los asuntos p\u00fablicos en favor de la vida; tal como lo han se\u00f1alo en estos d\u00edas cientos de autoridades del mundo y, en particular, el <a href=\"https:\/\/www.ohchr.org\/EN\/Issues\/Development\/IEDebt\/Pages\/IEDebtIndex.aspx\">experto independiente en deuda externa y derechos humanos<\/a> de Naciones Unidas, quien exhort\u00f3 a los pa\u00edses miembros a considerar que la mejor respuesta frente a una potencial cat\u00e1strofe humanitaria y econ\u00f3mica provocada por la crisis del COVID-19 es poner las finanzas al servicio de los derechos humanos, y en particular al apoyo de las personas de menores recursos.<\/p>\r\n\r\n\r\n\r\n<p>Por estas razones, nos unimos al pedido ciudadano para exigir que se atienda primero la vida y se plantee la necesidad de renegociar las condiciones de la deuda p\u00fablica para los tramos de bonos soberanos y deudas con instituciones financieras internacionales, que incluya la opci\u00f3n de postergar o reestructurar el pago debido a la emergencia nacional resultante del COVID-19.&nbsp;<\/p>\r\n\r\n\r\n\r\n<p>En ese marco, nos permitimos se\u00f1alar, que el marco internacional de derechos humanos debe ser aplicable a las actividad de las instituciones financieras internacionales, como el Fondo Monetario Internacional (FMI) y el Banco Mundial, en el sentido de imponer a estas instituciones, la obligaci\u00f3n de garantizar que las condiciones de financiamiento de sus operaciones de cr\u00e9dito permitan que los Estados, especialmente de aquellos en v\u00edas de desarrollo, cumplan con su deber de garantizar la vida y los derechos de todos y todas.<\/p>\r\n\r\n\r\n\r\n<p>Finalmente, considerando que el pa\u00eds atraviesa una crisis sanitaria y econ\u00f3mica extraordinaria que, en consecuencia, requiere de respuestas extraordinarias, exhortamos al Gobierno de abstenerse de aplicar medidas fiscales de austeridad regresiva que debiliten a\u00fan m\u00e1s la capacidad del Estado para enfrentar la crisis.<\/p>\r\n\r\n\r\n\r\n<p>En este sentido, las medidas econ\u00f3micas que fueren promovidas por el Gobierno Nacional, para contener la pandemia del Covid-19, deber\u00eda enmarcarse en los <a href=\"https:\/\/ap.ohchr.org\/documents\/dpage_e.aspx?si=A\/HRC\/40\/57\">Principios Rectores sobre Evaluaci\u00f3n de Impacto de las Reformas Econ\u00f3micas sobre los Derechos Humanos de Naciones Unidas<\/a>, que exigen que toda medida de pol\u00edtica econ\u00f3mica debe distribuirse adecuadamente entre personas y empresas, propendiendo a la igualdad social y privilegiando los intereses de las personas estructuralmente menos favorecidas.<\/p>\r\n\r\n\r\n\r\n<p>As\u00ed mismo, las medidas econ\u00f3micas no pueden aplicarse en detrimento de la democracia o los derechos pol\u00edticos y civiles de la poblaci\u00f3n. Al respecto expresamos nuestra preocupaci\u00f3n por las declaraciones de la se\u00f1ora Presidenta del Consejo Nacional Electoral, qui\u00e9n, en l\u00ednea con las declaraciones de otros actores pol\u00edticos, ha sugerido la posibilidad de aplazar las elecciones generales de 2021, sin aclarar la necesidad de esta medida considerando la grave restricci\u00f3n de derechos pol\u00edticos que pueda significar. Recordamos que <a href=\"https:\/\/www.ohchr.org\/EN\/NewsEvents\/Pages\/DisplayNews.aspx?NewsID=25722&amp;LangID=E\">recientemente el Consejo de Derechos Humanos de la ONU<\/a> sentenci\u00f3 que la restricciones tomadas para responder a la pandemia deben ser motivadas por objetivos leg\u00edtimos de salud p\u00fablica y no deben usarse simplemente para sofocar la disidencia pol\u00edtica.<\/p>\r\n\r\n\r\n\r\n<figure class=\"wp-block-image\"><img decoding=\"async\" src=\"https:\/\/cdes.org.ec\/webantigua\/wp-content\/uploads\/2020\/03\/covid-19-1-1024x576.jpg\" alt=\"\" class=\"wp-image-5745\"\/><figcaption>Trabajadores de la salud protestan por falta de insumos para protegerse del contagio del COVID 19, marzo del 2020. Foto: El Universo.<\/figcaption><\/figure>\r\n    \t","protected":false},"excerpt":{"rendered":"<p>COMUNICADO CDES Ning\u00fan inter\u00e9s financiero privado puede triunfar sobre el [&hellip;]<\/p>\n","protected":false},"author":1,"featured_media":5746,"comment_status":"open","ping_status":"open","sticky":false,"template":"","format":"standard","meta":{"_siteseo_robots_primary_cat":"","_joinchat":[],"footnotes":""},"categories":[46],"tags":[50],"class_list":["post-5742","post","type-post","status-publish","format-standard","has-post-thumbnail","hentry","category-deuda","tag-covid-19"],"_links":{"self":[{"href":"https:\/\/cdes.org.ec\/webantigua\/wp-json\/wp\/v2\/posts\/5742","targetHints":{"allow":["GET"]}}],"collection":[{"href":"https:\/\/cdes.org.ec\/webantigua\/wp-json\/wp\/v2\/posts"}],"about":[{"href":"https:\/\/cdes.org.ec\/webantigua\/wp-json\/wp\/v2\/types\/post"}],"author":[{"embeddable":true,"href":"https:\/\/cdes.org.ec\/webantigua\/wp-json\/wp\/v2\/users\/1"}],"replies":[{"embeddable":true,"href":"https:\/\/cdes.org.ec\/webantigua\/wp-json\/wp\/v2\/comments?post=5742"}],"version-history":[{"count":1,"href":"https:\/\/cdes.org.ec\/webantigua\/wp-json\/wp\/v2\/posts\/5742\/revisions"}],"predecessor-version":[{"id":7132,"href":"https:\/\/cdes.org.ec\/webantigua\/wp-json\/wp\/v2\/posts\/5742\/revisions\/7132"}],"wp:featuredmedia":[{"embeddable":true,"href":"https:\/\/cdes.org.ec\/webantigua\/wp-json\/wp\/v2\/media\/5746"}],"wp:attachment":[{"href":"https:\/\/cdes.org.ec\/webantigua\/wp-json\/wp\/v2\/media?parent=5742"}],"wp:term":[{"taxonomy":"category","embeddable":true,"href":"https:\/\/cdes.org.ec\/webantigua\/wp-json\/wp\/v2\/categories?post=5742"},{"taxonomy":"post_tag","embeddable":true,"href":"https:\/\/cdes.org.ec\/webantigua\/wp-json\/wp\/v2\/tags?post=5742"}],"curies":[{"name":"wp","href":"https:\/\/api.w.org\/{rel}","templated":true}]}}