{"id":5755,"date":"2020-03-23T20:44:19","date_gmt":"2020-03-24T01:44:19","guid":{"rendered":"https:\/\/cdes.org.ec\/webantigua\/?p=5755"},"modified":"2020-03-23T20:44:19","modified_gmt":"2020-03-24T01:44:19","slug":"pedimos-a-la-corte-constitucional-que-ordene-no-pagar-la-deuda-externa","status":"publish","type":"post","link":"https:\/\/cdes.org.ec\/webantigua\/pedimos-a-la-corte-constitucional-que-ordene-no-pagar-la-deuda-externa\/","title":{"rendered":"Pedimos a la Corte Constitucional que ordene no pagar la deuda externa"},"content":{"rendered":"\n<p>Presentamos acci\u00f3n de incumplimiento ante la Corte Constitucional por la no dotaci\u00f3n de recursos extraordinarios para la salud de la poblaci\u00f3n y la seguridad del personal de la fuerza p\u00fablica y de salud en el estado de excepci\u00f3n por calamidad p\u00fablica (cornavirus). <\/p>\n\n\n\n<p>Como medida cautelar, pedimos a la Corte Constitucional que ordene al Gobierno el no pago de la deuda externa hasta que pase la emergencia y se dediquen estos recursos para atender la poblaci\u00f3n. Los jueces constitucionales deben pronunciarse responsablemente ante el pa\u00eds.<\/p>\n\n\n\n<p>Firman: Acci\u00f3n Jur\u00eddica Popular, Centro de Derechos Econ\u00f3micos y Sociales- CDES, Foro de Economistas Heterodoxos.<br><\/p>\n\n\n\n<div class=\"wp-block-file\"><a href=\"https:\/\/cdes.org.ec\/webantigua\/wp-content\/uploads\/2020\/03\/documento.pdf\"> Revisar escrito<\/a><a href=\"https:\/\/cdes.org.ec\/webantigua\/wp-content\/uploads\/2020\/03\/documento.pdf\" class=\"fusion-button-default fusion-button-default-size wp-block-file__button\" download>Descarga<\/a><\/div>\n\n\n\n<p><\/p>\n    \t","protected":false},"excerpt":{"rendered":"<p>Presentamos acci\u00f3n de incumplimiento ante la Corte Constitucional por la [&hellip;]<\/p>\n","protected":false},"author":1,"featured_media":5758,"comment_status":"open","ping_status":"open","sticky":false,"template":"","format":"standard","meta":{"_siteseo_robots_primary_cat":"","_joinchat":[],"footnotes":""},"categories":[9],"tags":[50],"class_list":["post-5755","post","type-post","status-publish","format-standard","has-post-thumbnail","hentry","category-justiciafiscal","tag-covid-19"],"_links":{"self":[{"href":"https:\/\/cdes.org.ec\/webantigua\/wp-json\/wp\/v2\/posts\/5755","targetHints":{"allow":["GET"]}}],"collection":[{"href":"https:\/\/cdes.org.ec\/webantigua\/wp-json\/wp\/v2\/posts"}],"about":[{"href":"https:\/\/cdes.org.ec\/webantigua\/wp-json\/wp\/v2\/types\/post"}],"author":[{"embeddable":true,"href":"https:\/\/cdes.org.ec\/webantigua\/wp-json\/wp\/v2\/users\/1"}],"replies":[{"embeddable":true,"href":"https:\/\/cdes.org.ec\/webantigua\/wp-json\/wp\/v2\/comments?post=5755"}],"version-history":[{"count":0,"href":"https:\/\/cdes.org.ec\/webantigua\/wp-json\/wp\/v2\/posts\/5755\/revisions"}],"wp:featuredmedia":[{"embeddable":true,"href":"https:\/\/cdes.org.ec\/webantigua\/wp-json\/wp\/v2\/media\/5758"}],"wp:attachment":[{"href":"https:\/\/cdes.org.ec\/webantigua\/wp-json\/wp\/v2\/media?parent=5755"}],"wp:term":[{"taxonomy":"category","embeddable":true,"href":"https:\/\/cdes.org.ec\/webantigua\/wp-json\/wp\/v2\/categories?post=5755"},{"taxonomy":"post_tag","embeddable":true,"href":"https:\/\/cdes.org.ec\/webantigua\/wp-json\/wp\/v2\/tags?post=5755"}],"curies":[{"name":"wp","href":"https:\/\/api.w.org\/{rel}","templated":true}]}}