{"id":5887,"date":"2020-05-13T21:33:08","date_gmt":"2020-05-14T02:33:08","guid":{"rendered":"https:\/\/cdes.org.ec\/webantigua\/?p=5887"},"modified":"2020-05-13T21:33:08","modified_gmt":"2020-05-14T02:33:08","slug":"ultimo-momento-gana-demanda-de-sociedad-civil-para-evitar-la-reduccion-del-presupuesto-universitario","status":"publish","type":"post","link":"https:\/\/cdes.org.ec\/webantigua\/ultimo-momento-gana-demanda-de-sociedad-civil-para-evitar-la-reduccion-del-presupuesto-universitario\/","title":{"rendered":"\u00daltimo momento: gana demanda de sociedad civil para evitar la reducci\u00f3n del presupuesto universitario"},"content":{"rendered":"\n<p>Corte Constitucional resuelve a favor de demanda de los estudiantes universitarios y sociedad civil movilizada que ingresaron una demanda de inconstitucionalidad para evitar la reducci\u00f3n del presupuesto para universidades en 300 millones d\u00f3lares.<br \/><br \/>La resoluci\u00f3n de 12 de mayo de 2020 emitida dentro de la causa 34-20-IS, dice: \u00abLa Corte Constitucional del Ecuador resolvi\u00f3 emitir la resoluci\u00f3n sobre medidas cautelares en la cual dispone que las autoridades del Ministerio de Econom\u00eda y Finanzas, as\u00ed c\u00f3mo las dem\u00e1s autoridades de la funci\u00f3n ejecutiva que corresponda, que suspenda y se abstenga de realizar modificaciones presupuestarias que puedan tener un impacto negativo en el presupuesto de las instituciones de educaci\u00f3n superior\u00bb<\/p>\n<p>Consulte el dictamen completo aqu\u00ed. <a href=\"https:\/\/cdes.org.ec\/webantigua\/wp-content\/uploads\/2020\/05\/34-20-IS-CCP-resolucion-medidas-cautelares-12-05-2020.pdf\">34-20-IS (CCP) resoluci\u00f3n medidas cautelares 12-05-2020<\/a><\/p>\n<p>\u00a0<\/p>\n    \t","protected":false},"excerpt":{"rendered":"","protected":false},"author":1,"featured_media":0,"comment_status":"open","ping_status":"open","sticky":false,"template":"","format":"standard","meta":{"_siteseo_robots_primary_cat":"","_joinchat":[],"footnotes":""},"categories":[9],"tags":[50],"class_list":["post-5887","post","type-post","status-publish","format-standard","hentry","category-justiciafiscal","tag-covid-19"],"_links":{"self":[{"href":"https:\/\/cdes.org.ec\/webantigua\/wp-json\/wp\/v2\/posts\/5887","targetHints":{"allow":["GET"]}}],"collection":[{"href":"https:\/\/cdes.org.ec\/webantigua\/wp-json\/wp\/v2\/posts"}],"about":[{"href":"https:\/\/cdes.org.ec\/webantigua\/wp-json\/wp\/v2\/types\/post"}],"author":[{"embeddable":true,"href":"https:\/\/cdes.org.ec\/webantigua\/wp-json\/wp\/v2\/users\/1"}],"replies":[{"embeddable":true,"href":"https:\/\/cdes.org.ec\/webantigua\/wp-json\/wp\/v2\/comments?post=5887"}],"version-history":[{"count":0,"href":"https:\/\/cdes.org.ec\/webantigua\/wp-json\/wp\/v2\/posts\/5887\/revisions"}],"wp:attachment":[{"href":"https:\/\/cdes.org.ec\/webantigua\/wp-json\/wp\/v2\/media?parent=5887"}],"wp:term":[{"taxonomy":"category","embeddable":true,"href":"https:\/\/cdes.org.ec\/webantigua\/wp-json\/wp\/v2\/categories?post=5887"},{"taxonomy":"post_tag","embeddable":true,"href":"https:\/\/cdes.org.ec\/webantigua\/wp-json\/wp\/v2\/tags?post=5887"}],"curies":[{"name":"wp","href":"https:\/\/api.w.org\/{rel}","templated":true}]}}