{"id":5901,"date":"2020-05-22T08:42:49","date_gmt":"2020-05-22T13:42:49","guid":{"rendered":"https:\/\/cdes.org.ec\/webantigua\/?p=5901"},"modified":"2020-05-22T08:42:49","modified_gmt":"2020-05-22T13:42:49","slug":"pedimos-a-corte-constitucional-que-haga-cumplir-su-prohibicion-sobre-la-reduccion-del-presupuesto-universitario","status":"publish","type":"post","link":"https:\/\/cdes.org.ec\/webantigua\/pedimos-a-corte-constitucional-que-haga-cumplir-su-prohibicion-sobre-la-reduccion-del-presupuesto-universitario\/","title":{"rendered":"Pedimos a Corte Constitucional que haga cumplir su prohibici\u00f3n sobre la reducci\u00f3n del presupuesto universitario"},"content":{"rendered":"\n<h2><strong>Acci\u00f3n de Incumplimiento de Dictamen Constitucional No. 34-20-IS<\/strong><br \/><br \/><strong>Doctora<\/strong><br \/><br \/><strong>Carmen Corral<\/strong><br \/><br \/><strong>Jueza Constitucional Sustanciadora y<\/strong><br \/><br \/><strong>Se\u00f1ores y Se\u00f1oras <\/strong><br \/><br \/><strong>Jueces y Juezas de la Corte Constitucional<\/strong><br \/><br \/><strong>I<\/strong><br \/><br \/><strong>Generales de Ley<\/strong><\/h2>\n<p><strong>1.1.<\/strong> Nosotros: <strong>Pablo D\u00e1valos Aguilar,<\/strong> con c\u00e9dula de ciudadan\u00eda No. 1706488408, <strong>Director del Foro de Econom\u00eda Alternativa y Heterodoxa,<\/strong> <strong>Pablo Jos\u00e9 Iturralde Ruiz, <\/strong>con c\u00e9dula de identidad 1719943779, <strong>Director del Centro de Derechos Econ\u00f3micos Sociales y Culturales (CDES); <\/strong><strong>Ang\u00e9lica Ximena Porras Velasco, <\/strong>con c\u00e9dula de ciudadan\u00eda No. 1711160612,<strong> Luis Fernando \u00c1vila Linz\u00e1n, <\/strong>con c\u00e9dula de ciudadan\u00eda No. 1305728550,<strong> Santiago Esteban Machuca Lozano, <\/strong>con c\u00e9dula de ciudadan\u00eda No. 0104146121,<strong> Felipe Ogaz Oviedo, <\/strong>con c\u00e9dula de ciudadan\u00eda No. 1103601512 y<strong> Richard Gonz\u00e1lez D\u00e1vila, <\/strong>con c\u00e9dula de ciudadan\u00eda No. 1103916969,<strong> miembros del Colectivo Acci\u00f3n Jur\u00eddica Popular (AJP)<\/strong><strong>,<\/strong> comparecemos ante el Ustedes y decimos:<\/p>\n<p><strong>II<\/strong><\/p>\n<p><strong>Antecedentes:<\/strong><\/p>\n<p><strong>2.1.<\/strong> El 13 de mayo de 2020 se nos notific\u00f3 la providencia de medidas cautelares, mediante la que el Pleno de la Corte dispuso:<\/p>\n<p><a href=\"https:\/\/cdes.org.ec\/webantigua\/wp-content\/uploads\/2020\/05\/1.png\"><img decoding=\"async\" class=\"aligncenter size-full wp-image-5903\" src=\"https:\/\/cdes.org.ec\/webantigua\/wp-content\/uploads\/2020\/05\/1.png\" alt=\"\" width=\"1165\" height=\"318\" srcset=\"https:\/\/cdes.org.ec\/webantigua\/wp-content\/uploads\/2020\/05\/1-200x55.png 200w, https:\/\/cdes.org.ec\/webantigua\/wp-content\/uploads\/2020\/05\/1-300x82.png 300w, https:\/\/cdes.org.ec\/webantigua\/wp-content\/uploads\/2020\/05\/1-400x109.png 400w, https:\/\/cdes.org.ec\/webantigua\/wp-content\/uploads\/2020\/05\/1-600x164.png 600w, https:\/\/cdes.org.ec\/webantigua\/wp-content\/uploads\/2020\/05\/1-768x210.png 768w, https:\/\/cdes.org.ec\/webantigua\/wp-content\/uploads\/2020\/05\/1-800x218.png 800w, https:\/\/cdes.org.ec\/webantigua\/wp-content\/uploads\/2020\/05\/1-1024x280.png 1024w, https:\/\/cdes.org.ec\/webantigua\/wp-content\/uploads\/2020\/05\/1.png 1165w\" sizes=\"(max-width: 1165px) 100vw, 1165px\" \/><\/a><\/p>\n<p><a href=\"https:\/\/cdes.org.ec\/webantigua\/wp-content\/uploads\/2020\/05\/2.png\"><img decoding=\"async\" class=\"aligncenter size-full wp-image-5902\" src=\"https:\/\/cdes.org.ec\/webantigua\/wp-content\/uploads\/2020\/05\/2.png\" alt=\"\" width=\"1097\" height=\"136\" srcset=\"https:\/\/cdes.org.ec\/webantigua\/wp-content\/uploads\/2020\/05\/2-200x25.png 200w, https:\/\/cdes.org.ec\/webantigua\/wp-content\/uploads\/2020\/05\/2-300x37.png 300w, https:\/\/cdes.org.ec\/webantigua\/wp-content\/uploads\/2020\/05\/2-400x50.png 400w, https:\/\/cdes.org.ec\/webantigua\/wp-content\/uploads\/2020\/05\/2-600x74.png 600w, https:\/\/cdes.org.ec\/webantigua\/wp-content\/uploads\/2020\/05\/2-768x95.png 768w, https:\/\/cdes.org.ec\/webantigua\/wp-content\/uploads\/2020\/05\/2-800x99.png 800w, https:\/\/cdes.org.ec\/webantigua\/wp-content\/uploads\/2020\/05\/2-1024x127.png 1024w, https:\/\/cdes.org.ec\/webantigua\/wp-content\/uploads\/2020\/05\/2.png 1097w\" sizes=\"(max-width: 1097px) 100vw, 1097px\" \/><\/a><\/p>\n<p>Sin embargo, se ha hecho p\u00fablico que el Ministro de Econom\u00eda y Finanzas, Richard Mart\u00ednez, se\u00f1al\u00f3 que de todas formas, a pesar de la vigencia de las medidas cautelares dictadas, disminuir\u00e1 el 10% del presupuesto de las universidades. V\u00e9ase en: <a href=\"https:\/\/twitter.com\/lahistoriaec\/status\/1262249693570048001\">https:\/\/twitter.com\/lahistoriaec\/status\/1262249693570048001<\/a><\/p>\n<p><a href=\"https:\/\/cdes.org.ec\/webantigua\/wp-content\/uploads\/2020\/05\/3.png\"><img decoding=\"async\" class=\"aligncenter size-full wp-image-5904\" src=\"https:\/\/cdes.org.ec\/webantigua\/wp-content\/uploads\/2020\/05\/3.png\" alt=\"\" width=\"589\" height=\"772\" srcset=\"https:\/\/cdes.org.ec\/webantigua\/wp-content\/uploads\/2020\/05\/3-200x262.png 200w, https:\/\/cdes.org.ec\/webantigua\/wp-content\/uploads\/2020\/05\/3-229x300.png 229w, https:\/\/cdes.org.ec\/webantigua\/wp-content\/uploads\/2020\/05\/3-400x524.png 400w, https:\/\/cdes.org.ec\/webantigua\/wp-content\/uploads\/2020\/05\/3.png 589w\" sizes=\"(max-width: 589px) 100vw, 589px\" \/><\/a><\/p>\n<p><strong>III<\/strong><\/p>\n<p><strong>Petici\u00f3n<\/strong><\/p>\n<p><strong>3.1. <\/strong>Con los antecedentes expuestos, solicitamos que se disponga que el Presidente de la Rep\u00fablica Lenin Moreno quien representa la Funci\u00f3n Ejecutiva y el Ministro de Econom\u00eda y Finanzas Richard Mart\u00ednez a quien est\u00e1 dirigido el primer punto de las medidas cautelares, en el t\u00e9rmino de 48 horas informen a la Corte Constitucional sobre el cumplimiento de tales medidas dictadas por el m\u00e1ximo ente constitucional. En caso de existir desacato, es decir no se hayan cumplido o no se presente la informaci\u00f3n requerida, el art\u00edculo 86 numeral 4 de la Constituci\u00f3n de la Rep\u00fablica ordena:<\/p>\n<p><strong> <a href=\"https:\/\/cdes.org.ec\/webantigua\/wp-content\/uploads\/2020\/05\/4.png\"><img decoding=\"async\" class=\"aligncenter size-full wp-image-5905\" src=\"https:\/\/cdes.org.ec\/webantigua\/wp-content\/uploads\/2020\/05\/4.png\" alt=\"\" width=\"1190\" height=\"131\" srcset=\"https:\/\/cdes.org.ec\/webantigua\/wp-content\/uploads\/2020\/05\/4-200x22.png 200w, https:\/\/cdes.org.ec\/webantigua\/wp-content\/uploads\/2020\/05\/4-300x33.png 300w, https:\/\/cdes.org.ec\/webantigua\/wp-content\/uploads\/2020\/05\/4-400x44.png 400w, https:\/\/cdes.org.ec\/webantigua\/wp-content\/uploads\/2020\/05\/4-600x66.png 600w, https:\/\/cdes.org.ec\/webantigua\/wp-content\/uploads\/2020\/05\/4-768x85.png 768w, https:\/\/cdes.org.ec\/webantigua\/wp-content\/uploads\/2020\/05\/4-800x88.png 800w, https:\/\/cdes.org.ec\/webantigua\/wp-content\/uploads\/2020\/05\/4-1024x113.png 1024w, https:\/\/cdes.org.ec\/webantigua\/wp-content\/uploads\/2020\/05\/4.png 1190w\" sizes=\"(max-width: 1190px) 100vw, 1190px\" \/><\/a><\/strong><\/p>\n<p><strong>\u00a0 <\/strong>En consecuencia, <strong>pedimos que la Corte Constitucional destituya al Ministro de Econom\u00eda y Finanzas Richard Mart\u00ednez o al mismo Presidente de la Rep\u00fablica Lenin Moreno,<\/strong> luego de corroborar el incumplimiento de las medidas cautelares o si no le informan a la Corte.<\/p>\n<p>Si la Corte no usa las facultades que le ha otorgado la Constituci\u00f3n para hacer cumplir sus decisiones, lo derechos y sus resoluciones ser\u00e1n de papel, como dec\u00eda Ferdinand Lasalle y el Estado Constitucional no estar\u00e1 vigente, siendo responsabilidad de los jueces constitucionales tal situaci\u00f3n.<\/p>\n<p><strong>3.2. <\/strong>Por otra parte, solicitamos se notifique el auto de sustanciaci\u00f3n de 15 de mayo de 2020 mediante el que se convoca a audiencia en este proceso para el 28 de mayo de 2020, puesto que a los correos de los comparecientes no se ha notificado dicho auto y nos enteramos por redes sociales. Se\u00f1alamos que esta pr\u00e1ctica se vuelve a repetir por parte de la Corte Constitucional, puesto que en la fase de seguimiento del Dictamen Constitucional 1-20-EE\/20, a la que tambi\u00e9n hemos concurrido, tampoco se nos notific\u00f3 el auto dictado por el Pleno\u00a0 de la Corte el 12 de mayo de 2020. A continuaci\u00f3n tal Auto:<\/p>\n<p><a href=\"https:\/\/cdes.org.ec\/webantigua\/wp-content\/uploads\/2020\/05\/5.png\"><img decoding=\"async\" class=\"aligncenter size-full wp-image-5906\" src=\"https:\/\/cdes.org.ec\/webantigua\/wp-content\/uploads\/2020\/05\/5.png\" alt=\"\" width=\"1156\" height=\"422\" srcset=\"https:\/\/cdes.org.ec\/webantigua\/wp-content\/uploads\/2020\/05\/5-200x73.png 200w, https:\/\/cdes.org.ec\/webantigua\/wp-content\/uploads\/2020\/05\/5-300x110.png 300w, https:\/\/cdes.org.ec\/webantigua\/wp-content\/uploads\/2020\/05\/5-400x146.png 400w, https:\/\/cdes.org.ec\/webantigua\/wp-content\/uploads\/2020\/05\/5-600x219.png 600w, https:\/\/cdes.org.ec\/webantigua\/wp-content\/uploads\/2020\/05\/5-768x280.png 768w, https:\/\/cdes.org.ec\/webantigua\/wp-content\/uploads\/2020\/05\/5-800x292.png 800w, https:\/\/cdes.org.ec\/webantigua\/wp-content\/uploads\/2020\/05\/5-1024x374.png 1024w, https:\/\/cdes.org.ec\/webantigua\/wp-content\/uploads\/2020\/05\/5.png 1156w\" sizes=\"(max-width: 1156px) 100vw, 1156px\" \/><\/a><\/p>\n<p>Atentamente,<\/p>\n<p>\u00a0<\/p>\n<p>\u00a0<\/p>\n<p>\u00a0<\/p>\n<p>\u00a0<\/p>\n<p>\u00a0<\/p>\n<p>\u00a0<\/p>\n    \t","protected":false},"excerpt":{"rendered":"","protected":false},"author":1,"featured_media":5903,"comment_status":"open","ping_status":"open","sticky":false,"template":"","format":"standard","meta":{"_siteseo_robots_primary_cat":"","_joinchat":[],"footnotes":""},"categories":[9],"tags":[50],"class_list":["post-5901","post","type-post","status-publish","format-standard","has-post-thumbnail","hentry","category-justiciafiscal","tag-covid-19"],"_links":{"self":[{"href":"https:\/\/cdes.org.ec\/webantigua\/wp-json\/wp\/v2\/posts\/5901","targetHints":{"allow":["GET"]}}],"collection":[{"href":"https:\/\/cdes.org.ec\/webantigua\/wp-json\/wp\/v2\/posts"}],"about":[{"href":"https:\/\/cdes.org.ec\/webantigua\/wp-json\/wp\/v2\/types\/post"}],"author":[{"embeddable":true,"href":"https:\/\/cdes.org.ec\/webantigua\/wp-json\/wp\/v2\/users\/1"}],"replies":[{"embeddable":true,"href":"https:\/\/cdes.org.ec\/webantigua\/wp-json\/wp\/v2\/comments?post=5901"}],"version-history":[{"count":0,"href":"https:\/\/cdes.org.ec\/webantigua\/wp-json\/wp\/v2\/posts\/5901\/revisions"}],"wp:featuredmedia":[{"embeddable":true,"href":"https:\/\/cdes.org.ec\/webantigua\/wp-json\/wp\/v2\/media\/5903"}],"wp:attachment":[{"href":"https:\/\/cdes.org.ec\/webantigua\/wp-json\/wp\/v2\/media?parent=5901"}],"wp:term":[{"taxonomy":"category","embeddable":true,"href":"https:\/\/cdes.org.ec\/webantigua\/wp-json\/wp\/v2\/categories?post=5901"},{"taxonomy":"post_tag","embeddable":true,"href":"https:\/\/cdes.org.ec\/webantigua\/wp-json\/wp\/v2\/tags?post=5901"}],"curies":[{"name":"wp","href":"https:\/\/api.w.org\/{rel}","templated":true}]}}