{"id":5914,"date":"2020-05-26T23:46:19","date_gmt":"2020-05-27T04:46:19","guid":{"rendered":"https:\/\/cdes.org.ec\/webantigua\/?p=5914"},"modified":"2020-05-26T23:46:19","modified_gmt":"2020-05-27T04:46:19","slug":"notas-sobre-el-coronacoma-wonkish-esta-no-es-una-recesion-convencional-y-el-pib-no-es-el-objetivo","status":"publish","type":"post","link":"https:\/\/cdes.org.ec\/webantigua\/notas-sobre-el-coronacoma-wonkish-esta-no-es-una-recesion-convencional-y-el-pib-no-es-el-objetivo\/","title":{"rendered":"Notas sobre el coronacoma (wonkish) Esta no es una recesi\u00f3n convencional, y el PIB no es el objetivo"},"content":{"rendered":"\n<div><header class=\"css-144n2m euiyums2\">\n<div class=\"css-79elbk\" data-testid=\"photoviewer-wrapper\">\n<div class=\"css-1a48zt4 ehw59r15\" data-testid=\"photoviewer-children\">\n<figure class=\"sizeMedium layoutHorizontal css-1ox9jel\" role=\"group\" aria-label=\"medios de comunicaci\u00f3n\">\n<div class=\"css-bsn42l\"><picture><img decoding=\"async\" class=\"css-11cwn6f\" src=\"https:\/\/static01.nyt.com\/images\/2020\/04\/01\/opinion\/01krrug2\/merlin_171121674_7f8b0a56-e7cc-45bd-8c87-f602612be128-articleLarge.jpg?quality=75&amp;auto=webp&amp;disable=upscale\" sizes=\"((min-width: 600px) and (max-width: 1004px)) 84vw, (min-width: 1005px) 60vw, 100vw\" srcset=\"https:\/\/static01.nyt.com\/images\/2020\/04\/01\/opinion\/01krrug2\/merlin_171121674_7f8b0a56-e7cc-45bd-8c87-f602612be128-articleLarge.jpg?quality=90&amp;auto=webp 600w,https:\/\/static01.nyt.com\/images\/2020\/04\/01\/opinion\/01krrug2\/merlin_171121674_7f8b0a56-e7cc-45bd-8c87-f602612be128-jumbo.jpg?quality=90&amp;auto=webp 1024w,https:\/\/static01.nyt.com\/images\/2020\/04\/01\/opinion\/01krrug2\/merlin_171121674_7f8b0a56-e7cc-45bd-8c87-f602612be128-superJumbo.jpg?quality=90&amp;auto=webp 2048w\" alt=\"La contracci\u00f3n econ\u00f3mica que estamos experimentando es la m\u00e1s r\u00e1pida registrada.\" \/><\/picture><\/div>\n<figcaption class=\"css-17ai7jg e18f7pbr0\"><span class=\"css-16f3y1r e13ogyst0\" aria-hidden=\"true\"><span>La contracci\u00f3n econ\u00f3mica que estamos experimentando es la m\u00e1s r\u00e1pida registrada.<\/span><\/span><span class=\"css-cnj6d5 e1z0qqy90\"><span class=\"css-1ly73wi e1tej78p0\"><span>Cr\u00e9dito&#8230;<\/span><\/span><span>Spencer Platt \/ Getty Images<\/span><\/span><\/figcaption>\n<\/figure>\n<\/div>\n<\/div>\n<\/header><\/div>\n<section class=\"meteredContent css-1r7ky0e\">\n<div class=\"css-1fanzo5 StoryBodyCompanionColumn\">\n<div class=\"css-53u6y8\">\n<p><em>Para el debate compartimos en espa\u00f1ol este <a href=\"https:\/\/www.nytimes.com\/2020\/04\/01\/opinion\/notes-on-the-coronacoma-wonkish.html?fbclid=IwAR3A8uBViRZOmkuKUdUwMa0CR0dpOwJ7X43z-uZa1OucLtwBBMs-kXYsRhA\">art\u00edculo<\/a> de Paul Krugman.<\/em><\/p>\n<p class=\"css-158dogj evys1bk0\"><span>La contracci\u00f3n econ\u00f3mica que estamos experimentando es la m\u00e1s r\u00e1pida registrada, por un amplio margen;\u00a0Probablemente hemos perdido tantos trabajos en las \u00faltimas dos semanas como lo hicimos en toda la Gran Recesi\u00f3n.\u00a0La respuesta de la pol\u00edtica tambi\u00e9n es gigantesca, varias veces m\u00e1s del PIB que el\u00a0<\/span><a class=\"css-1g7m0tk\" title=\"\" href=\"https:\/\/fred.stlouisfed.org\/series\/NLEBORQ027SBEA\" target=\"_blank\" rel=\"noopener noreferrer\"><span>est\u00edmulo de Obama<\/span><\/a><span>\u00a0.<\/span><\/p>\n<\/div>\n<aside class=\"css-ew4tgv\" aria-label=\"columna compa\u00f1era\"><\/aside>\n<\/div>\n<div class=\"css-1fanzo5 StoryBodyCompanionColumn\">\n<div class=\"css-53u6y8\">\n<p class=\"css-158dogj evys1bk0\"><span>Pero me parece que todav\u00eda no tenemos una discusi\u00f3n muy clara sobre la econom\u00eda de lo que est\u00e1 sucediendo, por qu\u00e9 lo estamos haciendo y qu\u00e9 implicaciones tendr\u00e1 todo esto a largo plazo, una vez que termine la pandemia.\u00a0As\u00ed que he estado tratando de pensarlo en t\u00e9rminos de un modelo simple, ni siquiera uno que implique ecuaciones expl\u00edcitas, aunque no creo que sea dif\u00edcil de hacer.<\/span><\/p>\n<\/div>\n<aside class=\"css-ew4tgv\" aria-label=\"columna compa\u00f1era\"><\/aside>\n<\/div>\n<div class=\"css-1fanzo5 StoryBodyCompanionColumn\">\n<div class=\"css-53u6y8\">\n<p class=\"css-158dogj evys1bk0\"><span>La moraleja principal de este an\u00e1lisis es que lo que deber\u00edamos estar haciendo, y hasta cierto punto lo que estamos haciendo, se parece m\u00e1s al alivio de desastres que al est\u00edmulo fiscal normal, aunque tambi\u00e9n hay un elemento de est\u00edmulo.\u00a0Este alivio puede y debe ser financiado con deuda.\u00a0Puede haber una leve resaca de este pr\u00e9stamo, pero no deber\u00eda plantear ning\u00fan problema importante.<\/span><\/p>\n<\/div>\n<aside class=\"css-ew4tgv\" aria-label=\"columna compa\u00f1era\"><\/aside>\n<\/div>\n<div class=\"css-1fanzo5 StoryBodyCompanionColumn\">\n<div class=\"css-53u6y8\">\n<p class=\"css-158dogj evys1bk0\"><em class=\"css-2fg4z9 e1gzwzxm0\"><span>La naturaleza del problema.<\/span><\/em><\/p>\n<p class=\"css-158dogj evys1bk0\"><span>Lo que estamos experimentando\u00a0<\/span><em class=\"css-2fg4z9 e1gzwzxm0\"><span>no<\/span><\/em><span>\u00a0es\u00a0una recesi\u00f3n convencional provocada por una ca\u00edda de la demanda agregada.\u00a0En cambio, estamos entrando en el equivalente econ\u00f3mico de un coma inducido m\u00e9dicamente, en el que algunas funciones cerebrales se cierran deliberadamente para darle al paciente tiempo para sanar.<\/span><\/p>\n<\/div>\n<\/div>\n<div class=\"css-1fanzo5 StoryBodyCompanionColumn\">\n<div class=\"css-53u6y8\">\n<p class=\"css-158dogj evys1bk0\"><span>Para simplificar las cosas, piense en la econom\u00eda como dos sectores, servicios no esenciales (N) que podemos cerrar para limitar las interacciones humanas y, por lo tanto, la propagaci\u00f3n de la enfermedad, y servicios esenciales (E) que no podemos (o quiz\u00e1s no es necesario, porque no involucran interacci\u00f3n personal.) Podemos y debemos cerrar el sector N hasta que haya una combinaci\u00f3n de inmunidad creciente, pruebas generalizadas para encontrar y aislar casos r\u00e1pidamente y, si tenemos mucha suerte, Una vacuna nos permite volver a la vida normal.<\/span><\/p>\n<\/div>\n<aside class=\"css-ew4tgv\" aria-label=\"columna compa\u00f1era\"><\/aside>\n<\/div>\n<div class=\"css-1fanzo5 StoryBodyCompanionColumn\">\n<div class=\"css-53u6y8\">\n<p class=\"css-158dogj evys1bk0\"><span>Para aquellos (como yo) que todav\u00eda reciben sus cheques de pago regulares, este per\u00edodo de cierre, llamado coronacoma, ser\u00e1 molesto pero no grave.\u00a0Echo de menos cafeter\u00edas y conciertos, pero puedo vivir sin ellos durante el tiempo que sea necesario.<\/span><\/p>\n<\/div>\n<\/div>\n<div class=\"css-1fanzo5 StoryBodyCompanionColumn\">\n<div class=\"css-53u6y8\">\n<p class=\"css-158dogj evys1bk0\"><span>Sin embargo, las cosas ser\u00e1n muy diferentes y terribles para aquellos que se ven privados de sus ingresos regulares mientras dure el coronacoma.\u00a0Este grupo incluye muchos trabajadores y peque\u00f1as empresas;\u00a0Tambi\u00e9n incluye a los gobiernos estatales y locales, que est\u00e1n obligados a equilibrar sus presupuestos, pero est\u00e1n viendo colapsar los ingresos y aumentar los gastos.<\/span><\/p>\n<\/div>\n<\/div>\n<div class=\"css-1fanzo5 StoryBodyCompanionColumn\">\n<div class=\"css-53u6y8\">\n<p class=\"css-158dogj evys1bk0\"><span>\u00bfQu\u00e9 tan grande es el sector N?\u00a0Miguel Faria-e-Castro, de la Fed de San Luis,\u00a0<\/span><a class=\"css-1g7m0tk\" title=\"\" href=\"https:\/\/www.stlouisfed.org\/on-the-economy\/2020\/march\/back-envelope-estimates-next-quarters-unemployment-rate\" target=\"_blank\" rel=\"noopener noreferrer\"><span>resume estimaciones<\/span><\/a><span>\u00a0que son tan buenas como cualquiera: 27 a 67 millones de personas, que promedia a 47 millones.\u00a0Eso es mucho;\u00a0Podr\u00edamos estar viendo una disminuci\u00f3n temporal en el PIB real de 30 por ciento o m\u00e1s.\u00a0Pero esa disminuci\u00f3n del PIB no es el problema, ya que es una contrapartida necesaria del distanciamiento social que debemos estar haciendo.<\/span><\/p>\n<\/div>\n<aside class=\"css-ew4tgv\" aria-label=\"columna compa\u00f1era\"><\/aside>\n<\/div>\n<div class=\"css-1fanzo5 StoryBodyCompanionColumn\">\n<div class=\"css-53u6y8\">\n<p class=\"css-158dogj evys1bk0\"><span>En cambio, el problema es c\u00f3mo limitar las dificultades que enfrentan aquellos cuyos ingresos normales se han cortado.<\/span><\/p>\n<\/div>\n<\/div>\n<div class=\"css-1fanzo5 StoryBodyCompanionColumn\">\n<div class=\"css-53u6y8\">\n<p class=\"css-158dogj evys1bk0\"><em class=\"css-2fg4z9 e1gzwzxm0\"><span>Alivio de desastres con una pizca de est\u00edmulo<\/span><\/em><\/p>\n<p class=\"css-158dogj evys1bk0\"><span>\u00bfQu\u00e9 se puede hacer para ayudar a los que se quedan sin ingresos normales durante este per\u00edodo de cierre nacional?\u00a0No necesitan trabajos, no\u00a0<\/span><em class=\"css-2fg4z9 e1gzwzxm0\"><span>queremos<\/span><\/em><span>\u00a0que trabajen en un momento en que las rutinas normales de trabajo pueden propagar una enfermedad mortal.\u00a0Lo que necesitan, en cambio, es dinero.\u00a0Es decir, lo que se necesita ahora es ayuda en caso de desastre, no est\u00edmulo econ\u00f3mico.<\/span><\/p>\n<\/div>\n<aside class=\"css-ew4tgv\" aria-label=\"columna compa\u00f1era\"><\/aside>\n<\/div>\n<div class=\"css-1fanzo5 StoryBodyCompanionColumn\">\n<div class=\"css-53u6y8\">\n<p class=\"css-158dogj evys1bk0\"><span>OK, algunas calificaciones.\u00a0Algunos trabajadores inactivos pueden cambiar a hacer otras cosas con poca anticipaci\u00f3n, por ejemplo, los conductores de Uber hacen entregas para Amazon.\u00a0Pero eso no puede absorber m\u00e1s que una peque\u00f1a fracci\u00f3n de la fuerza laboral inactiva.<\/span><\/p>\n<\/div>\n<aside class=\"css-ew4tgv\" aria-label=\"columna compa\u00f1era\"><\/aside>\n<\/div>\n<div class=\"css-1fanzo5 StoryBodyCompanionColumn\">\n<div class=\"css-53u6y8\">\n<p class=\"css-158dogj evys1bk0\"><span>Un punto m\u00e1s importante es que si no proporcionamos suficiente ayuda a los afectados por esta crisis, se ver\u00e1n obligados a reducir dr\u00e1sticamente sus gastos incluso en bienes y servicios que todav\u00eda podemos producir, lo que conducir\u00e1 a un aumento adicional gratuito del desempleo (y un proceso multiplicador, ya que los trabajadores despedidos reducen el gasto a\u00fan m\u00e1s.) Por lo tanto, la ayuda a los que est\u00e1n en el sector de cierre en realidad incluye un elemento de est\u00edmulo fiscal convencional, aunque ese no es su objetivo central.<\/span><\/p>\n<\/div>\n<aside class=\"css-ew4tgv\" aria-label=\"columna compa\u00f1era\"><\/aside>\n<\/div>\n<div class=\"css-1fanzo5 StoryBodyCompanionColumn\">\n<div class=\"css-53u6y8\">\n<p class=\"css-158dogj evys1bk0\"><span>Finalmente, el cierre repentino de las fuentes de ingresos para muchas empresas est\u00e1 creando tensiones financieras que se asemejan a las de 2008-2009, con el desplome de los precios de los activos de riesgo y los inversores que intentan acumular bonos del gobierno.\u00a0Por lo tanto, la Fed tiene raz\u00f3n al hacer todo lo posible, haciendo \u00ablo que sea necesario\u00bb, para estabilizar los mercados financieros.<\/span><\/p>\n<\/div>\n<\/div>\n<div class=\"css-1fanzo5 StoryBodyCompanionColumn\">\n<div class=\"css-53u6y8\">\n<p class=\"css-158dogj evys1bk0\"><span>En otras palabras, hay partes de esta crisis que se asemejan a la lucha convencional contra la recesi\u00f3n.\u00a0Pero el problema central sigue siendo el socorro en casos de desastre para los m\u00e1s afectados por el bloqueo.<\/span><\/p>\n<\/div>\n<aside class=\"css-ew4tgv\" aria-label=\"columna compa\u00f1era\"><\/aside>\n<\/div>\n<div class=\"css-1fanzo5 StoryBodyCompanionColumn\">\n<div class=\"css-53u6y8\">\n<p class=\"css-158dogj evys1bk0\"><em class=\"css-2fg4z9 e1gzwzxm0\"><span>\u00bfC\u00f3mo pagamos el alivio?<\/span><\/em><\/p>\n<p class=\"css-158dogj evys1bk0\"><span>\u00bfDe d\u00f3nde obtendr\u00e1 el gobierno el dinero para el proyecto de ley de $ 2 billones que el Congreso ya aprob\u00f3, un proyecto de ley que es mucho mejor que nada pero que est\u00e1 muy por debajo de lo que deber\u00edamos estar haciendo?\u00a0La respuesta es, pedir prestado.\u00a0<\/span><a class=\"css-1g7m0tk\" title=\"\" href=\"https:\/\/www.treasury.gov\/resource-center\/data-chart-center\/interest-rates\/Pages\/TextView.aspx?data=realyieldYear&amp;year=2020\" target=\"_blank\" rel=\"noopener noreferrer\"><span>Las tasas de inter\u00e9s reales<\/span><\/a><span>\u00a0sobre los pr\u00e9stamos federales son negativas;\u00a0Los mercados b\u00e1sicamente est\u00e1n rogando a los federales que se lleven su dinero.<\/span><\/p>\n<\/div>\n<\/div>\n<div class=\"css-1fanzo5 StoryBodyCompanionColumn\">\n<div class=\"css-53u6y8\">\n<p class=\"css-158dogj evys1bk0\"><span>Pero, \u00bfpor qu\u00e9 los pr\u00e9stamos son tan baratos?\u00a0\u00bfDe d\u00f3nde viene el dinero?\u00a0La respuesta es un ahorro privado que no tiene a d\u00f3nde ir.\u00a0Cuando finalmente obtengamos datos sobre lo que est\u00e1 sucediendo ahora, seguramente veremos un fuerte aumento en el ahorro privado, ya que las personas dejar\u00e1n de comprar lo que no pueden y una ca\u00edda en la inversi\u00f3n privada, porque qui\u00e9n va a construir casas o parques de oficinas en un \u00bfPlaga?<\/span><\/p>\n<\/div>\n<aside class=\"css-ew4tgv\" aria-label=\"columna compa\u00f1era\"><\/aside>\n<\/div>\n<div class=\"css-1fanzo5 StoryBodyCompanionColumn\">\n<div class=\"css-53u6y8\">\n<p class=\"css-158dogj evys1bk0\"><span>Entonces, el sector privado tendr\u00e1 un enorme super\u00e1vit financiero disponible para pr\u00e9stamos del gobierno.\u00a0Y este no es momento de preocuparse, aunque sea un poco, sobre el nivel de deuda del gobierno.<\/span><\/p>\n<\/div>\n<aside class=\"css-ew4tgv\" aria-label=\"columna compa\u00f1era\"><\/aside>\n<\/div>\n<div class=\"css-1fanzo5 StoryBodyCompanionColumn\">\n<div class=\"css-53u6y8\">\n<p class=\"css-158dogj evys1bk0\"><span>A\u00fan as\u00ed, la pandemia finalmente terminar\u00e1.\u00a0\u00bfHabr\u00e1 una resaca de deuda?<\/span><\/p>\n<p class=\"css-158dogj evys1bk0\"><span>Desde el punto de vista de la solvencia del gobierno, ninguno en absoluto.\u00a0Vivimos en un mundo en el que las tasas de inter\u00e9s son consistentemente inferiores a la tasa de crecimiento, por lo que la deuda del gobierno se\u00a0<\/span><a class=\"css-1g7m0tk\" title=\"\" href=\"https:\/\/www.nytimes.com\/2019\/01\/09\/opinion\/melting-snowballs-and-the-winter-of-debt.html\"><span>derrite en lugar de aumentar<\/span><\/a><span>\u00a0.\u00a0El gobierno no tendr\u00e1 que devolver el dinero que est\u00e1 pidiendo prestado, solo volver\u00e1 a un nivel sostenible de d\u00e9ficit (\u00a0<\/span><em class=\"css-2fg4z9 e1gzwzxm0\"><span>no<\/span><\/em><span>\u00a0cero) y dejar\u00e1 que la relaci\u00f3n deuda \/ PIB disminuya con el tiempo.<\/span><\/p>\n<\/div>\n<aside class=\"css-ew4tgv\" aria-label=\"columna compa\u00f1era\"><\/aside>\n<\/div>\n<div class=\"css-1fanzo5 StoryBodyCompanionColumn\">\n<div class=\"css-53u6y8\">\n<p class=\"css-158dogj evys1bk0\"><span>Sin embargo, podr\u00eda haber un ligero problema macroecon\u00f3mico cuando termine la pandemia.\u00a0El sector privado habr\u00e1 agregado varios billones de d\u00f3lares a su riqueza a trav\u00e9s de un ahorro m\u00e1s o menos forzado;\u00a0entre ese aumento de la riqueza y, tal vez, la demanda acumulada, podr\u00eda, podr\u00eda haber, un sobrecalentamiento inflacionario cuando las cosas vuelvan a ser algo normal.<\/span><\/p>\n<\/div>\n<aside class=\"css-ew4tgv\" aria-label=\"columna compa\u00f1era\"><\/aside>\n<\/div>\n<div class=\"css-1fanzo5 StoryBodyCompanionColumn\">\n<div class=\"css-53u6y8\">\n<p class=\"css-158dogj evys1bk0\"><span>Esto puede no ser un problema en una era de\u00a0<\/span><a class=\"css-1g7m0tk\" title=\"\" href=\"http:\/\/larrysummers.com\/2016\/02\/17\/the-age-of-secular-stagnation\/\" target=\"_blank\" rel=\"noopener noreferrer\"><span>estancamiento secular<\/span><\/a><span>\u00a0, cuando podr\u00edamos agradecer la demanda adicional.\u00a0Sin embargo, incluso si es un problema, es poco probable, dados los n\u00fameros, ser algo que la Fed no pueda contener con tasas de inter\u00e9s moderadamente m\u00e1s altas.\u00a0Se podr\u00eda imaginar un mundo en el que los costos de la crisis inmediata eventualmente requieran alguna austeridad fiscal futura, pero no creo que estemos viviendo en ese mundo.<\/span><\/p>\n<\/div>\n<aside class=\"css-ew4tgv\" aria-label=\"columna compa\u00f1era\"><\/aside>\n<\/div>\n<div class=\"css-1fanzo5 StoryBodyCompanionColumn\">\n<div class=\"css-53u6y8\">\n<p class=\"css-158dogj evys1bk0\"><span>D\u00e9jame resumir d\u00f3nde estamos.\u00a0Nos enfrentamos a un per\u00edodo de duraci\u00f3n desconocida cuando gran parte de la econom\u00eda puede y debe cerrarse.\u00a0El objetivo principal de la pol\u00edtica durante este per\u00edodo no debe ser aumentar el PIB, sino aliviar las dificultades que enfrentan las personas privadas de sus ingresos normales.\u00a0Y el gobierno simplemente puede pedir prestado el dinero que necesita para hacer eso.<\/span><\/p>\n<p class=\"css-pncxxs etfikam0\"><em class=\"css-2fg4z9 e1gzwzxm0\"><span>The Times se compromete a publicar\u00a0<\/span><\/em><a class=\"css-1g7m0tk\" title=\"\" href=\"https:\/\/www.nytimes.com\/2019\/01\/31\/opinion\/letters\/letters-to-editor-new-york-times-women.html\"><em class=\"css-2fg4z9 e1gzwzxm0\"><span>una diversidad de cartas<\/span><\/em><\/a><em class=\"css-2fg4z9 e1gzwzxm0\"><span>\u00a0al editor.\u00a0Nos gustar\u00eda saber su opini\u00f3n sobre este o cualquiera de nuestros art\u00edculos.\u00a0Aqu\u00ed hay algunos\u00a0<\/span><\/em><a class=\"css-1g7m0tk\" title=\"\" href=\"https:\/\/help.nytimes.com\/hc\/en-us\/articles\/115014925288-How-to-submit-a-letter-to-the-editor\"><em class=\"css-2fg4z9 e1gzwzxm0\"><span>consejos<\/span><\/em><\/a><em class=\"css-2fg4z9 e1gzwzxm0\"><span>\u00a0.\u00a0Y aqu\u00ed est\u00e1 nuestro correo electr\u00f3nico:\u00a0<\/span><\/em><a class=\"css-1g7m0tk\" title=\"\" href=\"mailto:letters@nytimes.com\"><em class=\"css-2fg4z9 e1gzwzxm0\"><span>letters@nytimes.com<\/span><\/em><\/a><em class=\"css-2fg4z9 e1gzwzxm0\"><span>\u00a0.<\/span><\/em><\/p>\n<p class=\"css-pncxxs etfikam0\"><em class=\"css-2fg4z9 e1gzwzxm0\"><span>Siga la secci\u00f3n de opini\u00f3n del New York Times en\u00a0<\/span><\/em><a class=\"css-1g7m0tk\" title=\"\" href=\"https:\/\/www.facebook.com\/nytopinion\" target=\"_blank\" rel=\"noopener noreferrer\"><em class=\"css-2fg4z9 e1gzwzxm0\"><span>Facebook<\/span><\/em><\/a><em class=\"css-2fg4z9 e1gzwzxm0\"><span>\u00a0,\u00a0<\/span><\/em><a class=\"css-1g7m0tk\" title=\"\" href=\"http:\/\/twitter.com\/NYTOpinion\" target=\"_blank\" rel=\"noopener noreferrer\"><em class=\"css-2fg4z9 e1gzwzxm0\"><span>Twitter (@NYTopinion)<\/span><\/em><\/a><em class=\"css-2fg4z9 e1gzwzxm0\"><span>\u00a0e\u00a0<\/span><\/em><a class=\"css-1g7m0tk\" title=\"\" href=\"https:\/\/www.instagram.com\/nytopinion\/\" target=\"_blank\" rel=\"noopener noreferrer\"><em class=\"css-2fg4z9 e1gzwzxm0\"><span>Instagram<\/span><\/em><\/a><em class=\"css-2fg4z9 e1gzwzxm0\"><span>\u00a0.<\/span><\/em><\/p>\n<\/div>\n<aside class=\"css-ew4tgv\" aria-label=\"columna compa\u00f1era\"><\/aside>\n<\/div>\n<\/section>\n<div class=\"bottom-of-article\">\n<div class=\"css-1ubp8k9\">\u00a0<\/div>\n<div class=\"css-1jp38cr\">\n<div class=\"css-19hdyf3 e1e7j8ap0\">\n<div>\n<p><span>Paul Krugman ha sido columnista de opini\u00f3n desde 2000 y tambi\u00e9n es profesor distinguido en el Centro de Graduados de la Universidad de la Ciudad de Nueva York.\u00a0Gan\u00f3 el Premio Nobel de Ciencias Econ\u00f3micas 2008 por su trabajo en comercio internacional y geograf\u00eda econ\u00f3mica.<\/span><span class=\"css-4w91ra\"><a class=\"css-1rj8to8\" href=\"https:\/\/twitter.com\/PaulKrugman\" target=\"_blank\" rel=\"noopener noreferrer\"><span class=\"css-0\"><span>@ @<\/span><\/span><span>PaulKrugman<\/span><\/a><\/span><\/p>\n<\/div>\n<\/div>\n<\/div>\n<\/div>\n\n\n    \t","protected":false},"excerpt":{"rendered":"","protected":false},"author":1,"featured_media":5915,"comment_status":"open","ping_status":"open","sticky":false,"template":"","format":"standard","meta":{"_siteseo_robots_primary_cat":"","_joinchat":[],"footnotes":""},"categories":[9],"tags":[50],"class_list":["post-5914","post","type-post","status-publish","format-standard","has-post-thumbnail","hentry","category-justiciafiscal","tag-covid-19"],"_links":{"self":[{"href":"https:\/\/cdes.org.ec\/webantigua\/wp-json\/wp\/v2\/posts\/5914","targetHints":{"allow":["GET"]}}],"collection":[{"href":"https:\/\/cdes.org.ec\/webantigua\/wp-json\/wp\/v2\/posts"}],"about":[{"href":"https:\/\/cdes.org.ec\/webantigua\/wp-json\/wp\/v2\/types\/post"}],"author":[{"embeddable":true,"href":"https:\/\/cdes.org.ec\/webantigua\/wp-json\/wp\/v2\/users\/1"}],"replies":[{"embeddable":true,"href":"https:\/\/cdes.org.ec\/webantigua\/wp-json\/wp\/v2\/comments?post=5914"}],"version-history":[{"count":0,"href":"https:\/\/cdes.org.ec\/webantigua\/wp-json\/wp\/v2\/posts\/5914\/revisions"}],"wp:featuredmedia":[{"embeddable":true,"href":"https:\/\/cdes.org.ec\/webantigua\/wp-json\/wp\/v2\/media\/5915"}],"wp:attachment":[{"href":"https:\/\/cdes.org.ec\/webantigua\/wp-json\/wp\/v2\/media?parent=5914"}],"wp:term":[{"taxonomy":"category","embeddable":true,"href":"https:\/\/cdes.org.ec\/webantigua\/wp-json\/wp\/v2\/categories?post=5914"},{"taxonomy":"post_tag","embeddable":true,"href":"https:\/\/cdes.org.ec\/webantigua\/wp-json\/wp\/v2\/tags?post=5914"}],"curies":[{"name":"wp","href":"https:\/\/api.w.org\/{rel}","templated":true}]}}