{"id":5920,"date":"2020-06-02T13:58:26","date_gmt":"2020-06-02T13:58:26","guid":{"rendered":"https:\/\/cdes.org.ec\/webantigua\/?p=5920"},"modified":"2021-06-07T16:26:57","modified_gmt":"2021-06-07T16:26:57","slug":"llamamos-a-la-conformacion-d-veedurias-populares-para-controlar-el-plan-de-austeridad","status":"publish","type":"post","link":"https:\/\/cdes.org.ec\/webantigua\/llamamos-a-la-conformacion-d-veedurias-populares-para-controlar-el-plan-de-austeridad\/","title":{"rendered":"Llamamos a veedur\u00edas populares para controlar el plan de austeridad"},"content":{"rendered":"\r\n<p>Distintos colectivos sociales <a href=\"https:\/\/cdes.org.ec\/webantigua\/wp-content\/uploads\/2020\/06\/Informe-de-Factibilidad.pdf\">conseguimos<\/a> la convocatoria de ocho veedur\u00edas ciudadanas en el Consejo de Participaci\u00f3n Ciudadana y Control Social, para vigilar acciones p\u00fablicas que se realizan en el marco del plan de austeridad acordado entre el gobierno del Ecuador y el FMI.<\/p>\r\n<p>Invitamos a inscribirse como veedores a organizaciones sociales, gremios de trabajadores, ciudadanas y ciudadanos que puedan realizar actividades de control de la acci\u00f3n p\u00fablica, con la intenci\u00f3n de promover la garant\u00eda de los derechos econ\u00f3micos y sociales de los ecuatorianos.\u00a0<\/p>\r\n<p>Consideramos que estas veedur\u00edas contribuir\u00e1n al control popular de algunas acciones del Estado en torno a la deuda externa, privatizaciones, Corte Constitucional y contrataci\u00f3n p\u00fablica.<\/p>\r\n<p>Puedes registrar tu organizaci\u00f3n como veedor hasta este 8 de junio, en una o m\u00e1s de las siguientes veedur\u00edas (abre el link):<\/p>\r\n<table>\r\n<tbody>\r\n<tr>\r\n<td width=\"24\">\r\n<p><strong>Ord.<\/strong><\/p>\r\n<\/td>\r\n<td width=\"122\">\r\n<p><strong><em>Veedur\u00eda Ciudadana para:<\/em><\/strong><\/p>\r\n<\/td>\r\n<td width=\"383\">\r\n<p><strong><em>Objeto<\/em><\/strong><\/p>\r\n<\/td>\r\n<\/tr>\r\n<tr>\r\n<td width=\"24\">\r\n<p>\u00a0<\/p>\r\n<p><em>01<\/em><\/p>\r\n<\/td>\r\n<td width=\"122\">\r\n<p>\u00a0<\/p>\r\n<p><em>Banco del Pac\u00edfico<\/em><\/p>\r\n<\/td>\r\n<td width=\"383\">\r\n<p><em>Vigilar el proceso de privatizaci\u00f3n, monetizaci\u00f3n o venta que p\u00fablicamente se ha anunciado y que se ha conocido que se encuentra implement\u00e1ndose por parte del gobierno nacional respecto de este importante activo del Estado ecuatoriano.<\/em><\/p>\r\n<\/td>\r\n<\/tr>\r\n<tr>\r\n<td width=\"24\">\r\n<p>\u00a0<\/p>\r\n<p>\u00a0<\/p>\r\n<p><em>02<\/em><\/p>\r\n<\/td>\r\n<td width=\"122\">\r\n<p>\u00a0<\/p>\r\n<p><em><a href=\"http:\/\/www.cpccs.gob.ec\/2020\/06\/abiertas-inscripciones-para-integrar-veeduria-ciudadana-a-la-venta-de-la-corporacion-nacional-de-telecomunicaciones\/\">Corporaci\u00f3n Nacional de Telecomunicaciones \u2013 CNT E.P<\/a>.<\/em><\/p>\r\n<\/td>\r\n<td width=\"383\">\r\n<p><em>Vigilar la implementaci\u00f3n de un esquema de negocios y eventual selecci\u00f3n de un operador privado para esta empresa p\u00fablica de telecomunicaciones. -Revisar los presupuestos sobre los que se fundamenta convocar a un concurso para entregar la Empresa P\u00fablica v\u00eda concesi\u00f3n a un operador privado. Se torna imprescindible y necesario supervisar el proceso de privatizaci\u00f3n que se<\/em><\/p>\r\n<p><em>pretende realizar respecto de esta Empresa P\u00fablica.<\/em><\/p>\r\n<\/td>\r\n<\/tr>\r\n<tr>\r\n<td width=\"24\">\r\n<p><em>03<\/em><\/p>\r\n<\/td>\r\n<td width=\"122\">\r\n<p><a href=\"https:\/\/www.cpccs.gob.ec\/2020\/06\/inscribete-e-integra-la-veeduria-ciudadana-para-vigilar-el-cierre-y-liquidacion-de-correos-del-ecuador\/\"><em>Correos del Ecuador EP, <\/em><em>en liquidaci\u00f3n.<\/em><\/a><\/p>\r\n<\/td>\r\n<td width=\"383\">\r\n<p><em>Vigilar el proceso de cierre y liquidaci\u00f3n de esta empresa p\u00fablica dispuesta por<\/em><\/p>\r\n<p><em>el Presidente de la Rep\u00fablica Lenin Moreno.<\/em><\/p>\r\n<\/td>\r\n<\/tr>\r\n<tr>\r\n<td width=\"24\">\r\n<p><em>04<\/em><\/p>\r\n<\/td>\r\n<td width=\"122\">\r\n<p><a href=\"https:\/\/www.cpccs.gob.ec\/2020\/06\/inscripciones-para-la-veeduria-ciudadana-que-vigilara-el-cierre-y-liquidacion-de-tame-ep\/\"><em>TAME EP, en <\/em><em>liquidaci\u00f3n.<\/em><\/a><\/p>\r\n<\/td>\r\n<td width=\"383\">\r\n<p><em>Vigilar el proceso de cierre y liquidaci\u00f3n de la Empresa P\u00fablica TAME dispuesta por el Presidente de la Rep\u00fablica Lenin Moreno.<\/em><\/p>\r\n<\/td>\r\n<\/tr>\r\n<tr>\r\n<td width=\"24\">\r\n<p>\u00a0<\/p>\r\n<p><em>05<\/em><\/p>\r\n<\/td>\r\n<td width=\"122\">\r\n<p><a href=\"http:\/\/www.cpccs.gob.ec\/2020\/06\/inscribete-en-la-veeduria-ciudadana-para-vigilar-el-cierre-y-liquidacion-de-ferrocarriles-de-ecuador\/\"><em>Ferrocarriles del Ecuador EP, en <\/em><em>liquidaci\u00f3n<\/em><\/a><\/p>\r\n<\/td>\r\n<td width=\"383\">\r\n<p><em>Vigilar el proceso de cierre y liquidaci\u00f3n de la Empresa Ferrocarriles del Ecuador, dispuesta por el Presidente de la Rep\u00fablica Lenin Moreno.<\/em><\/p>\r\n<\/td>\r\n<\/tr>\r\n<tr>\r\n<td width=\"24\">\r\n<p>\u00a0<\/p>\r\n<p>\u00a0<\/p>\r\n<p><em>06<\/em><\/p>\r\n<\/td>\r\n<td width=\"122\">\r\n<p>\u00a0<\/p>\r\n<p><a href=\"https:\/\/www.cpccs.gob.ec\/2020\/06\/veeduria-ciudadana-para-vigilar-el-proceso-de-seguimiento-de-dictamenes-constitucionales\/\"><em>Corte Constitucional del Ecuador<\/em><\/a><\/p>\r\n<\/td>\r\n<td width=\"383\">\r\n<p><em>Vigilar el proceso de seguimiento del Dictamen Constitucional 1-20-EE\/20; 120A-EE\/20 y 2-20-EE\/20; as\u00ed como el Proceso de<\/em><\/p>\r\n<p><em>Incumplimiento de Dictamen Constitucional 0059-19-IS, que ped\u00eda verificar el<\/em><\/p>\r\n<p><em>uso de la fuerza p\u00fablica en las manifestaciones de octubre de 2019, cuya sustanciaci\u00f3n ha sido asignada al juez constitucional, Agust\u00edn Grijalva.<\/em><\/p>\r\n<\/td>\r\n<\/tr>\r\n<tr>\r\n<td width=\"24\">\r\n<p>\u00a0<\/p>\r\n<p>\u00a0<\/p>\r\n<p><em>07<\/em><\/p>\r\n<\/td>\r\n<td width=\"122\">\r\n<p>\u00a0<\/p>\r\n<p><a href=\"https:\/\/www.cpccs.gob.ec\/2020\/06\/veeduria-ciudadana-a-la-deuda-externa-con-organismos-multilaterales-y-otros-tenedores-privados\/\"><em>Comit\u00e9 de Deuda y Financiamiento<\/em><\/a><\/p>\r\n<\/td>\r\n<td width=\"383\">\r\n<p><em>Vigilar y revisar los t\u00e9rminos y condiciones en los que el Estado ecuatoriano ha contra\u00eddo deuda externa con organismos de cr\u00e9dito multilaterales y m\u00e1s tenedores privados durante los a\u00f1os 2019 y 2020, evidenciando el destino de dichos valores, en relaci\u00f3n con el cumplimiento del art\u00edculo 290 de la<\/em><\/p>\r\n<p><em>Constituci\u00f3n de la Rep\u00fablica.<\/em><\/p>\r\n<\/td>\r\n<\/tr>\r\n<tr>\r\n<td width=\"24\">\r\n<p><em>08<\/em><\/p>\r\n<\/td>\r\n<td width=\"122\">\r\n<p><a href=\"https:\/\/www.cpccs.gob.ec\/2020\/06\/abiertas-inscripciones-para-veeduria-ciudadana-que-revisara-contrataciones-del-ministerio-de-gobierno\/\"><em>Ministerio de Gobierno<\/em><\/a><\/p>\r\n<\/td>\r\n<td width=\"383\">\u00a0<\/td>\r\n<\/tr>\r\n<\/tbody>\r\n<\/table>\r\n<p>Si necesitas m\u00e1s informaci\u00f3n lee las instrucciones del Consejo de Participaci\u00f3n Ciudadana <a href=\"https:\/\/www.cpccs.gob.ec\/participacion-ciudadana-y-control-social\/control-social\/veedurias-ciudadanas\/\">aqu\u00ed<\/a>.\u00a0<\/p>\r\n<p>Organ\u00edzate y conforma veedur\u00edas ciudadanas, sigue en redes sociales con el <em>hashtag <\/em>#veedur\u00edapopular.<\/p>\r\n    \t","protected":false},"excerpt":{"rendered":"","protected":false},"author":1,"featured_media":5937,"comment_status":"open","ping_status":"open","sticky":false,"template":"","format":"standard","meta":{"_siteseo_robots_primary_cat":"","_joinchat":[],"footnotes":""},"categories":[46,8],"tags":[55],"class_list":["post-5920","post","type-post","status-publish","format-standard","has-post-thumbnail","hentry","category-deuda","category-tnc","tag-privatizacion"],"_links":{"self":[{"href":"https:\/\/cdes.org.ec\/webantigua\/wp-json\/wp\/v2\/posts\/5920","targetHints":{"allow":["GET"]}}],"collection":[{"href":"https:\/\/cdes.org.ec\/webantigua\/wp-json\/wp\/v2\/posts"}],"about":[{"href":"https:\/\/cdes.org.ec\/webantigua\/wp-json\/wp\/v2\/types\/post"}],"author":[{"embeddable":true,"href":"https:\/\/cdes.org.ec\/webantigua\/wp-json\/wp\/v2\/users\/1"}],"replies":[{"embeddable":true,"href":"https:\/\/cdes.org.ec\/webantigua\/wp-json\/wp\/v2\/comments?post=5920"}],"version-history":[{"count":1,"href":"https:\/\/cdes.org.ec\/webantigua\/wp-json\/wp\/v2\/posts\/5920\/revisions"}],"predecessor-version":[{"id":7130,"href":"https:\/\/cdes.org.ec\/webantigua\/wp-json\/wp\/v2\/posts\/5920\/revisions\/7130"}],"wp:featuredmedia":[{"embeddable":true,"href":"https:\/\/cdes.org.ec\/webantigua\/wp-json\/wp\/v2\/media\/5937"}],"wp:attachment":[{"href":"https:\/\/cdes.org.ec\/webantigua\/wp-json\/wp\/v2\/media?parent=5920"}],"wp:term":[{"taxonomy":"category","embeddable":true,"href":"https:\/\/cdes.org.ec\/webantigua\/wp-json\/wp\/v2\/categories?post=5920"},{"taxonomy":"post_tag","embeddable":true,"href":"https:\/\/cdes.org.ec\/webantigua\/wp-json\/wp\/v2\/tags?post=5920"}],"curies":[{"name":"wp","href":"https:\/\/api.w.org\/{rel}","templated":true}]}}