{"id":5940,"date":"2020-06-16T15:59:51","date_gmt":"2020-06-16T15:59:51","guid":{"rendered":"https:\/\/cdes.org.ec\/webantigua\/?p=5940"},"modified":"2021-09-09T23:20:00","modified_gmt":"2021-09-09T23:20:00","slug":"marco-normativo-1","status":"publish","type":"post","link":"https:\/\/cdes.org.ec\/webantigua\/marco-normativo-1\/","title":{"rendered":"Marco Normativo"},"content":{"rendered":"<div class=\"cdes_dynamic_table\">\r\n<h2 style=\"text-transform: uppercase; color: #992626 !important; font-size: 45px !important; margin-bottom: 25px !important;\"><span style=\"vertical-align: inherit;\"><span style=\"vertical-align: inherit;\"><span style=\"vertical-align: inherit;\"><span style=\"vertical-align: inherit;\">Marco Normativo<\/span><\/span><\/span><\/span><\/h2>\r\n<\/div>\r\n\r\n<p style=\"text-align: left;\"><strong><span style=\"vertical-align: inherit;\"><span style=\"vertical-align: inherit;\"><span style=\"vertical-align: inherit;\"><span style=\"vertical-align: inherit;\">Pacto internacional sobre los derechos econ\u00f3micos, sociales y culturales<\/span><\/span><\/span><\/span><\/strong><\/p>\r\n<p style=\"text-align: left;\"><span style=\"vertical-align: inherit;\"><span style=\"vertical-align: inherit;\"><span style=\"vertical-align: inherit;\"><span style=\"vertical-align: inherit;\">En el marco de la defensa de los derechos humanos universales, se ofrecen el Pacto internacional sobre los derechos econ\u00f3micos, sociales y culturales el 16 de diciembre de 1966. Este documento, junto con la \u201cDeclaraci\u00f3n Universal de los derechos humanos\u201d y \u201cEl Pacto Internacional de los Derechos Civiles y Pol\u00edticos \u201dconforme a la Carta Internacional de Derechos Humanos. <\/span><\/span><\/span><span style=\"vertical-align: inherit;\"><span style=\"vertical-align: inherit;\"><span style=\"vertical-align: inherit;\">El pacto internacional dispone de obligaciones a los 160 Estados suscritos, muchos de ellos articulando este compromiso por medio de constituciones y legislaciones nacionales.<\/span><\/span><\/span><\/span><\/p>\r\n<p><span style=\"vertical-align: inherit;\"><span style=\"vertical-align: inherit;\"><span style=\"vertical-align: inherit;\"><span style=\"vertical-align: inherit;\">Los derechos econ\u00f3micos, sociales y culturales, son derechos colectivos e individuales. <\/span><\/span><\/span><span style=\"vertical-align: inherit;\"><span style=\"vertical-align: inherit;\"><span style=\"vertical-align: inherit;\">Se consagra en este pacto el derecho al trabajo en condiciones dignas, el derecho a sindicalizarse, a la seguridad social, a la alimentaci\u00f3n, a la vivienda, a la salud, a la educaci\u00f3n, y el derecho a participar de la vida cultural.<\/span><\/span><\/span><\/span><\/p>\r\n<p><a href=\"https:\/\/cdes.org.ec\/webantigua\/wp-content\/uploads\/2020\/06\/Pacto-Internacional-de-Derechos-Economicos-Sociales-y-Culturales.pdf\"><span style=\"vertical-align: inherit;\"><span style=\"vertical-align: inherit;\"><span style=\"vertical-align: inherit;\"><span style=\"vertical-align: inherit;\">Pacto Internacional de Derechos Econ\u00f3micos Sociales y Culturales<\/span><\/span><\/span><\/span><\/a><\/p>\r\n<p><strong><span style=\"vertical-align: inherit;\"><span style=\"vertical-align: inherit;\"><span style=\"vertical-align: inherit;\"><span style=\"vertical-align: inherit;\">Pacto Internacional sobre los derechos civiles y pol\u00edticos<\/span><\/span><\/span><\/span><\/strong><\/p>\r\n<p><span style=\"vertical-align: inherit;\"><span style=\"vertical-align: inherit;\"><span style=\"vertical-align: inherit;\"><span style=\"vertical-align: inherit;\">El pacto internacional de los derechos civiles y pol\u00edticos fue adoptado por la Organizaci\u00f3n de las Naciones Unidas el 16 de diciembre de 1966. Este documento, junto con la Declaraci\u00f3n Universal de los derechos humanos y El pacto Internacional de los Derechos Civiles y Pol\u00edticos conforman la Carta Internacional de Derechos Humanos. <\/span><\/span><\/span><span style=\"vertical-align: inherit;\"><span style=\"vertical-align: inherit;\"><span style=\"vertical-align: inherit;\">Este pacto internacional es legalmente vinculante y ha sido ratificada por 167 Estados. <\/span><\/span><\/span><span style=\"vertical-align: inherit;\"><span style=\"vertical-align: inherit;\"><span style=\"vertical-align: inherit;\">En \u00e9l se recogen los derechos y libertades promulgadas en la declaraci\u00f3n universal de los Derechos Humanos.<\/span><\/span><\/span><\/span><\/p>\r\n<p><span style=\"vertical-align: inherit;\"><span style=\"vertical-align: inherit;\"><span style=\"vertical-align: inherit;\"><span style=\"vertical-align: inherit;\">Se promulgan derechos como la igualdad entre hombres y mujeres en el disfrute de sus derechos civiles y pol\u00edticos, el derecho a la vida, al trato digno, la igualdad ante la ley, la libertad de expresi\u00f3n, la libertad de asociaci\u00f3n, la libertad de movimiento y de pensamiento.<\/span><\/span><\/span><\/span><\/p>\r\n<p><a href=\"https:\/\/cdes.org.ec\/webantigua\/wp-content\/uploads\/2020\/06\/Pacto-Internacional-de-los-Derechos-Civiles-y-Politicos.pdf\"><span style=\"vertical-align: inherit;\"><span style=\"vertical-align: inherit;\"><span style=\"vertical-align: inherit;\"><span style=\"vertical-align: inherit;\">Pacto Internacional de los Derechos Civiles y Pol\u00edticos<\/span><\/span><\/span><\/span><\/a><\/p>\r\n<p><strong><span style=\"vertical-align: inherit;\"><span style=\"vertical-align: inherit;\"><span style=\"vertical-align: inherit;\"><span style=\"vertical-align: inherit;\">Declaraci\u00f3n sobre el derecho al desarrollo<\/span><\/span><\/span><\/span><\/strong><\/p>\r\n<p><span style=\"vertical-align: inherit;\"><span style=\"vertical-align: inherit;\"><span style=\"vertical-align: inherit;\"><span style=\"vertical-align: inherit;\">La declaraci\u00f3n sobre el derecho al Desarrollo es un documento adoptado por la Asamblea General de Naciones Unidas el 4 de diciembre de 1986. Surge de la Carta Internacional de Derechos Humanos donde se busca que todo ser humano tiene derecho a un sistema social que permite el pleno goce de los derechos y libertades, El desarrollo como un derecho solo es posible si se garantiza la base fundamental que son los derechos civiles, pol\u00edticos, econ\u00f3micos, sociales y culturales.<\/span><\/span><\/span><\/span><\/p>\r\n<p><span style=\"vertical-align: inherit;\"><span style=\"vertical-align: inherit;\"><span style=\"vertical-align: inherit;\"><span style=\"vertical-align: inherit;\">En la declaraci\u00f3n se reconoce el derecho al desarrollo como un proceso global que parte del respeto y el cumplimiento de los derechos humanos, que son indivisibles e interdependientes. <\/span><\/span><\/span><span style=\"vertical-align: inherit;\"><span style=\"vertical-align: inherit;\"><span style=\"vertical-align: inherit;\">Y por tanto exige a los Estados la creaci\u00f3n de condiciones favorables al desarrollo de los pueblos y de las personas.\u00a0<\/span><\/span><\/span><\/span><\/p>\r\n<p><a href=\"https:\/\/cdes.org.ec\/webantigua\/wp-content\/uploads\/2020\/06\/Declaracion-sobre-el-derecho-al-desarrollo.pdf\"><span style=\"vertical-align: inherit;\"><span style=\"vertical-align: inherit;\"><span style=\"vertical-align: inherit;\"><span style=\"vertical-align: inherit;\">Declaraci\u00f3n sobre el derecho al desarrollo<\/span><\/span><\/span><\/span><\/a><\/p>\r\n<p><strong><span style=\"vertical-align: inherit;\"><span style=\"vertical-align: inherit;\"><span style=\"vertical-align: inherit;\"><span style=\"vertical-align: inherit;\">Declaraci\u00f3n de los derechos de los pueblos ind\u00edgenas<\/span><\/span><\/span><\/span><\/strong><\/p>\r\n<p><span style=\"vertical-align: inherit;\"><span style=\"vertical-align: inherit;\"><span style=\"vertical-align: inherit;\"><span style=\"vertical-align: inherit;\">La declaraci\u00f3n de los derechos de los pueblos ind\u00edgenas es un documento aprobado por parte de las Naciones Unidas el 13 de septiembre de 2007 con el objetivo de proveer un manual para fortalecer a las instituciones nacionales de derechos humanos dot\u00e1ndole de herramientas para la promoci\u00f3n, la protecci\u00f3n , y el ejercicio de los derechos de los pueblos ind\u00edgenas.<\/span><\/span><\/span><\/span><\/p>\r\n<p><span style=\"vertical-align: inherit;\"><span style=\"vertical-align: inherit;\"><span style=\"vertical-align: inherit;\"><span style=\"vertical-align: inherit;\">La Declaraci\u00f3n precisa los derechos colectivos e individuales de los pueblos ind\u00edgenas, especialmente el derecho a sus tierras, a sus bienes, el derecho a sus recursos vitales, a sus territorios, a su cultura, identidad y lengua, al empleo, la salud, la educaci\u00f3n ya determinar libremente su condici\u00f3n pol\u00edtica y su desarrollo econ\u00f3mico.<\/span><\/span><\/span><\/span><\/p>\r\n<p><a href=\"https:\/\/cdes.org.ec\/webantigua\/wp-content\/uploads\/2020\/06\/Declaracion-sobre-los-derechos-de-los-pueblos-indigenas-ONU.pdf\"><span style=\"vertical-align: inherit;\"><span style=\"vertical-align: inherit;\"><span style=\"vertical-align: inherit;\"><span style=\"vertical-align: inherit;\">Declaraci\u00f3n sobre los derechos de los pueblos ind\u00edgenas<\/span><\/span><\/span><\/span><\/a><\/p>\r\n<p><strong><span style=\"vertical-align: inherit;\"><span style=\"vertical-align: inherit;\"><span style=\"vertical-align: inherit;\"><span style=\"vertical-align: inherit;\">Principios rectores sobre las empresas y los derechos humanos<\/span><\/span><\/span><\/span><\/strong><\/p>\r\n<p><span style=\"vertical-align: inherit;\"><span style=\"vertical-align: inherit;\"><span style=\"vertical-align: inherit;\"><span style=\"vertical-align: inherit;\">Los principios rectores sobre las empresas y los derechos humanos es un documento aprobado por consenso por el Consejo de Derechos Humanos de las Naciones Unidas en el 2011. Es un instrumento internacional que busca proporcionar un marco legal con los est\u00e1ndares de responsabilidad que las empresas multinacionales deben cumplir con el fin de respetar los derechos humanos.<\/span><\/span><\/span><\/span><\/p>\r\n<p><span style=\"vertical-align: inherit;\"><span style=\"vertical-align: inherit;\"><span style=\"vertical-align: inherit;\"><span style=\"vertical-align: inherit;\">El documento lo componen 31 principios, entre los cuales se obtuvieron obligaciones de los Estados para proteger a las personas frente a las empresas, establece la responsabilidad empresarial para respetar los derechos humanos, y promueve la remediaci\u00f3n efectiva a quienes hayan sido violentado sus derechos.<\/span><\/span><\/span><\/span><\/p>\r\n<p><a href=\"https:\/\/cdes.org.ec\/webantigua\/wp-content\/uploads\/2020\/06\/Principios-rectores-sobre-empresas-y-derechos-humanos.pdf\"><span style=\"vertical-align: inherit;\"><span style=\"vertical-align: inherit;\"><span style=\"vertical-align: inherit;\"><span style=\"vertical-align: inherit;\">Principios rectores sobre empresas y derechos humanos<\/span><\/span><\/span><\/span><\/a><\/p>\r\n<p><strong><span style=\"vertical-align: inherit;\"><span style=\"vertical-align: inherit;\"><span style=\"vertical-align: inherit;\"><span style=\"vertical-align: inherit;\">Declaraci\u00f3n de las Naciones Unidas sobre los Derechos de los Campesinos y de Otras Personas que Trabajan en las Zonas Rurales<\/span><\/span><\/span><\/span><\/strong><\/p>\r\n<p><span style=\"vertical-align: inherit;\"><span style=\"vertical-align: inherit;\"><span style=\"vertical-align: inherit;\"><span style=\"vertical-align: inherit;\">La declaraci\u00f3n sobre los Derechos de los campesinos y de otras personas que trabajan en las zonas rurales es un documento aprobado por el Consejo de Derechos Humanos de las Naciones Unidas en septiembre del 2018.<\/span><\/span><\/span><\/span><\/p>\r\n<p><span style=\"vertical-align: inherit;\"><span style=\"vertical-align: inherit;\"><span style=\"vertical-align: inherit;\"><span style=\"vertical-align: inherit;\">Es una herramienta de la legislaci\u00f3n internacional que permite a las personas campesinas y que trabajan en zonas rurales, defender el cumplimiento de sus derechos. <\/span><\/span><\/span><span style=\"vertical-align: inherit;\"><span style=\"vertical-align: inherit;\"><span style=\"vertical-align: inherit;\">As\u00ed como exigir a sus Estados pol\u00edticas p\u00fablicas que respeten y fomenten su agricultura, su forma de producci\u00f3n y que promuevan la soberan\u00eda alimentaria, y todas las herramientas que empleen habitar sus territorios con dignidad.<\/span><\/span><\/span><\/span><\/p>\r\n<p><a href=\"https:\/\/cdes.org.ec\/webantigua\/wp-content\/uploads\/2020\/06\/Declaracion-de-las-Naciones-Unidas-sobre-los-Derechos-de-los-Campesinos.pdf\"><span style=\"vertical-align: inherit;\"><span style=\"vertical-align: inherit;\"><span style=\"vertical-align: inherit;\"><span style=\"vertical-align: inherit;\">Declaraci\u00f3n de las Naciones Unidas sobre los Derechos de los Campesinos<\/span><\/span><\/span><\/span><\/a><\/p>\r\n<p><strong><span style=\"vertical-align: inherit;\"><span style=\"vertical-align: inherit;\"><span style=\"vertical-align: inherit;\"><span style=\"vertical-align: inherit;\">Principios Rectores Relativos a las Evaluaciones de los Efectos de las Reformas Econ\u00f3micas sobre los Derechos Humanos. <\/span><\/span><\/span><\/span><\/strong><\/p>\r\n<p><span style=\"vertical-align: inherit;\"><span style=\"vertical-align: inherit;\"><span style=\"vertical-align: inherit;\"><span style=\"vertical-align: inherit;\">Estos principios fueron adoptados por el Alto Comisionado de Naciones Unidas en diciembre del 2018 para evaluar el efecto de las reformas econ\u00f3micas en los derechos humanos, y los derechos econ\u00f3micos, sociales y culturales. <\/span><\/span><\/span><span style=\"vertical-align: inherit;\"><span style=\"vertical-align: inherit;\"><span style=\"vertical-align: inherit;\">Son la base de las obligaciones y las responsabilidades que tienen los Estados, las instituciones financieras internacionales, y las organizaciones econ\u00f3micas cuando formulan y proponen reformas econ\u00f3micas.<\/span><\/span><\/span><\/span><\/p>\r\n<p><span style=\"vertical-align: inherit;\"><span style=\"vertical-align: inherit;\"><span style=\"vertical-align: inherit;\"><span style=\"vertical-align: inherit;\">Surge a ra\u00edz de la reciente crisis financiera (2007-2008) que provoc\u00f3 el deterioro de las condiciones de vida de gran parte de la poblaci\u00f3n y el resquebrajamiento del tejido social y cultural a ra\u00edz de la adopci\u00f3n de medidas de ajuste y de austeridad. <\/span><\/span><\/span><span style=\"vertical-align: inherit;\"><span style=\"vertical-align: inherit;\"><span style=\"vertical-align: inherit;\">Por ello es deber de los Estados y las instituciones financieras y econ\u00f3micas evaluar las consecuencias de las reformas econ\u00f3micas en materia de derechos humanos, econ\u00f3micos, sociales y culturales, civiles y pol\u00edticos. \u00a0<\/span><\/span><\/span><\/span><\/p>\r\n<p><span style=\"vertical-align: inherit;\"><span style=\"vertical-align: inherit;\"><span style=\"vertical-align: inherit;\"><span style=\"vertical-align: inherit;\">El primer principio establece las obligaciones de los Estados de proteger a la poblaci\u00f3n de los efectos perjudiciales que pueden producir los agentes econ\u00f3micos bajo su jurisdicci\u00f3n.<\/span><\/span><\/span><\/span><\/p>\r\n<p><span style=\"vertical-align: inherit;\"><span style=\"vertical-align: inherit;\"><span style=\"vertical-align: inherit;\"><span style=\"vertical-align: inherit;\">El segundo principio establece las responsabilidades de las empresas de respetar los derechos humanos, econ\u00f3micos, sociales y culturales<\/span><\/span><\/span><\/span><\/p>\r\n<p><span style=\"vertical-align: inherit;\"><span style=\"vertical-align: inherit;\"><span style=\"vertical-align: inherit;\"><span style=\"vertical-align: inherit;\">Finalmente, el tercer principio estipula la remediaci\u00f3n de las v\u00edctimas de violaciones de los derechos humanos causadas por las decisiones econ\u00f3micas.<\/span><\/span><\/span><\/span><\/p>\r\n<p><a href=\"https:\/\/cdes.org.ec\/webantigua\/wp-content\/uploads\/2020\/06\/Principios-rectores-relativos-a-las-evaluaciones-de-los-efectos-de-las-reformas-economicas-en-los-derechos-humanos.pdf\"><span style=\"vertical-align: inherit;\"><span style=\"vertical-align: inherit;\"><span style=\"vertical-align: inherit;\"><span style=\"vertical-align: inherit;\">Principios rectores relativos a las evaluaciones de los efectos de las reformas econ\u00f3micas en los derechos humanos<\/span><\/span><\/span><\/span><\/a><\/p>\r\n<p><strong><span style=\"vertical-align: inherit;\"><span style=\"vertical-align: inherit;\"><span style=\"vertical-align: inherit;\"><span style=\"vertical-align: inherit;\">Tratado Vinculante de las Naciones Unidas para Empresas Transnacionales en materia de Derechos Humanos<\/span><\/span><\/span><\/span><\/strong><\/p>\r\n<p><span style=\"vertical-align: inherit;\"><span style=\"vertical-align: inherit;\"><span style=\"vertical-align: inherit;\"><span style=\"vertical-align: inherit;\">Este documento es todav\u00eda un borrador en construcci\u00f3n que han impulsado diversas organizaciones sociales y pol\u00edticas en el Consejo de Derechos Humanos de las Naciones Unidas con la intenci\u00f3n de establecer un instrumento internacional jur\u00eddicamente vinculante que regule las actividades de las empresas trasnacionales en materia de derechos humanos, con \u00e9nfasis en los derechos econ\u00f3micos, sociales y culturales.<\/span><\/span><\/span><\/span><\/p>\r\n<p><a href=\"https:\/\/cdes.org.ec\/webantigua\/wp-content\/uploads\/2020\/06\/Tratado-internacional-sobre-trasnacionales-y-derechos-humanos.pdf\"><span style=\"vertical-align: inherit;\"><span style=\"vertical-align: inherit;\"><span style=\"vertical-align: inherit;\"><span style=\"vertical-align: inherit;\">Tratado internacional sobre trasnacionales y derechos humanos<\/span><\/span><\/span><\/span><\/a><\/p>\r\n<p><strong><span style=\"vertical-align: inherit;\"><span style=\"vertical-align: inherit;\"><span style=\"vertical-align: inherit;\"><span style=\"vertical-align: inherit;\">Empresas y Derechos Humanos: Est\u00e1ndares Interamericanos<\/span><\/span><\/span><\/span><\/strong><\/p>\r\n<p><span style=\"vertical-align: inherit;\"><span style=\"vertical-align: inherit;\"><span style=\"vertical-align: inherit;\"><span style=\"vertical-align: inherit;\">El informe de la Comisi\u00f3n Interamericana de Derechos Humanos de la Relator\u00eda especial sobre los Derechos Econ\u00f3micos, Sociales, Culturales y Ambientales es un documento publicado en noviembre del 2019, con el objetivo de plantear las discusiones sobre los est\u00e1ndares que deben cumplir las empresas en relaci\u00f3n a la promoci\u00f3n de los derechos econ\u00f3micos, sociales y culturales.<\/span><\/span><\/span><\/span><\/p>\r\n<p><span style=\"vertical-align: inherit;\"><span style=\"vertical-align: inherit;\"><span style=\"vertical-align: inherit;\"><span style=\"vertical-align: inherit;\">El informe plantea las obligaciones que tiene los Estados de ser actores que establecen el cumplimiento de los derechos humanos como un marco de referencia para guiar las \u00e9ticas empresariales, incluyendo un enfoque de, un sistema tributario transparente y acciones de protecci\u00f3n ambiental y contra el cambio clim\u00e1tico .<\/span><\/span><\/span><\/span><\/p>\r\n<p><a href=\"https:\/\/cdes.org.ec\/webantigua\/wp-content\/uploads\/2020\/06\/Empresas-y-Derechos-Humanos-CIDH-1.pdf\"><span style=\"vertical-align: inherit;\"><span style=\"vertical-align: inherit;\"><span style=\"vertical-align: inherit;\"><span style=\"vertical-align: inherit;\">Empresas y Derechos Humanos CIDH<\/span><\/span><\/span><\/span><\/a><\/p>\r\n<p><strong><span style=\"vertical-align: inherit;\"><span style=\"vertical-align: inherit;\"><span style=\"vertical-align: inherit;\"><span style=\"vertical-align: inherit;\">Deuda privada y Derechos Humanos:<\/span><\/span><\/span><\/span><\/strong><\/p>\r\n<p><span style=\"vertical-align: inherit;\"><span style=\"vertical-align: inherit;\"><span style=\"vertical-align: inherit;\"><span style=\"vertical-align: inherit;\">El informe Deuda privada y Derechos humanos es un documento publicado por el Consejo de Derechos Humanos de las Naciones Unidas en marzo del a\u00f1o 2020 en el que se analizan las consecuencias de la deuda externa y las obligaciones financieras internacionales de los Estados en el cumplimiento de la protecci\u00f3n y promoci\u00f3n de los derechos humanos, con \u00e9nfasis en los derechos econ\u00f3micos, sociales y culturales.<\/span><\/span><\/span><\/span><\/p>\r\n<p><span style=\"vertical-align: inherit;\"><span style=\"vertical-align: inherit;\"><span style=\"vertical-align: inherit;\"><span style=\"vertical-align: inherit;\">En \u00e9l se detallan las causas y los motivos por los que los Estados y los hogares recurren a la deuda y se describen de qu\u00e9 formas estos lazos de dependencia a las obligaciones financieras socavan las oportunidades del pleno goce de los derechos econ\u00f3micos, sociales y culturales.<\/span><\/span><\/span><\/span><\/p>\r\n<p><a href=\"https:\/\/cdes.org.ec\/webantigua\/wp-content\/uploads\/2020\/06\/Deudas-privadas-y-derechos-humanos.pdf\"><span style=\"vertical-align: inherit;\"><span style=\"vertical-align: inherit;\"><span style=\"vertical-align: inherit;\"><span style=\"vertical-align: inherit;\">Deudas privadas y derechos humanos<\/span><\/span><\/span><\/span><\/a><\/p>\r\n<p><strong><\/strong><\/p>\r\n<p><strong><span style=\"vertical-align: inherit;\"><span style=\"vertical-align: inherit;\"><span style=\"vertical-align: inherit;\"><span style=\"vertical-align: inherit;\">Sumak Kawsay <\/span><\/span><\/span><\/span><\/strong><\/p>\r\n<p><span style=\"vertical-align: inherit;\"><span style=\"vertical-align: inherit;\"><span style=\"vertical-align: inherit;\"><span style=\"vertical-align: inherit;\">Sumak Kawsay es un principio de buena vida de los pueblos ind\u00edgenas del Abya Yala, su contenido est\u00e1 en debate. <\/span><\/span><\/span><span style=\"vertical-align: inherit;\"><span style=\"vertical-align: inherit;\"><span style=\"vertical-align: inherit;\">Podr\u00eda entenderse como el modelo de desarrollo con protecci\u00f3n de los derechos econ\u00f3micos, sociales, culturales y ambientales; <\/span><\/span><\/span><span style=\"vertical-align: inherit;\"><span style=\"vertical-align: inherit;\"><span style=\"vertical-align: inherit;\">o como una alternativa al desarrollo limitado al crecimiento econ\u00f3mico y la productividad. <\/span><\/span><\/span><span style=\"vertical-align: inherit;\"><span style=\"vertical-align: inherit;\"><span style=\"vertical-align: inherit;\">El sumak kawsay es una pr\u00e1ctica actual entre las comunidades ind\u00edgenas, no hegem\u00f3nica, que se basa en los principios: (1) relacionalidad, (2) reciprocidad, (3) complementariedad, (4) correspondencia, (5) afectividad, (6) ciclicidad y (7) comunitarismo. <\/span><\/span><\/span><span style=\"vertical-align: inherit;\"><span style=\"vertical-align: inherit;\"><span style=\"vertical-align: inherit;\">El expandir pr\u00e1cticas comunitarias hasta niveles nacionales, es un reto complejo pero expl\u00edcito en el proyecto de plurinacionalidad de organizaciones ind\u00edgenas.\u00a0<\/span><\/span><\/span><\/span><\/p>\r\n<p><span style=\"vertical-align: inherit;\"><span style=\"vertical-align: inherit;\"><span style=\"vertical-align: inherit;\"><span style=\"vertical-align: inherit;\">La Constituci\u00f3n de la Rep\u00fablica del Ecuador (2008) ha incorporado el principio del sumak kawsay como una \u00abnueva forma de convivencia ciudadana, en diversidad y armon\u00eda con la naturaleza, para alcanzar el buen vivir, el sumak kawsay (&#8230;) una sociedad que respeta, en todas sus dimensiones, la dignidad de las personas y las colectividades. \u00bb <\/span><\/span><\/span><span style=\"vertical-align: inherit;\"><span style=\"vertical-align: inherit;\"><span style=\"vertical-align: inherit;\">Este principio est\u00e1 presente como una inspiraci\u00f3n para el cumplimiento de los derechos econ\u00f3micos, sociales, culturales y ambientales de las personas y en su nivel de derechos colectivos. <\/span><\/span><\/span><span style=\"vertical-align: inherit;\"><span style=\"vertical-align: inherit;\"><span style=\"vertical-align: inherit;\">La Constituci\u00f3n del Ecuador reconoci\u00f3 por primera vez los derechos de la naturaleza, en su art\u00edculo 71.<\/span><\/span><\/span><\/span><\/p>\r\n<p><a href=\"https:\/\/www.oas.org\/juridico\/pdfs\/mesicic4_ecu_const.pdf\"><span style=\"vertical-align: inherit;\"><span style=\"vertical-align: inherit;\"><span style=\"vertical-align: inherit;\"><span style=\"vertical-align: inherit;\">Constituci\u00f3n de la Rep\u00fablica del Ecuador<\/span><\/span><\/span><\/span><\/a>\u00a0\u00a0<\/p>","protected":false},"excerpt":{"rendered":"<p>En el marco de la defensa de los derechos humanos universales, se constituy\u00f3 el Pacto internacional sobre los derechos econ\u00f3micos, sociales y culturales el 16 de diciembre de 1966.<\/p>\n","protected":false},"author":1,"featured_media":0,"comment_status":"open","ping_status":"open","sticky":false,"template":"marco-normativo-single.php","format":"standard","meta":{"_siteseo_robots_primary_cat":"","_joinchat":[],"footnotes":""},"categories":[56],"tags":[],"class_list":["post-5940","post","type-post","status-publish","format-standard","hentry","category-mandato"],"_links":{"self":[{"href":"https:\/\/cdes.org.ec\/webantigua\/wp-json\/wp\/v2\/posts\/5940","targetHints":{"allow":["GET"]}}],"collection":[{"href":"https:\/\/cdes.org.ec\/webantigua\/wp-json\/wp\/v2\/posts"}],"about":[{"href":"https:\/\/cdes.org.ec\/webantigua\/wp-json\/wp\/v2\/types\/post"}],"author":[{"embeddable":true,"href":"https:\/\/cdes.org.ec\/webantigua\/wp-json\/wp\/v2\/users\/1"}],"replies":[{"embeddable":true,"href":"https:\/\/cdes.org.ec\/webantigua\/wp-json\/wp\/v2\/comments?post=5940"}],"version-history":[{"count":9,"href":"https:\/\/cdes.org.ec\/webantigua\/wp-json\/wp\/v2\/posts\/5940\/revisions"}],"predecessor-version":[{"id":8316,"href":"https:\/\/cdes.org.ec\/webantigua\/wp-json\/wp\/v2\/posts\/5940\/revisions\/8316"}],"wp:attachment":[{"href":"https:\/\/cdes.org.ec\/webantigua\/wp-json\/wp\/v2\/media?parent=5940"}],"wp:term":[{"taxonomy":"category","embeddable":true,"href":"https:\/\/cdes.org.ec\/webantigua\/wp-json\/wp\/v2\/categories?post=5940"},{"taxonomy":"post_tag","embeddable":true,"href":"https:\/\/cdes.org.ec\/webantigua\/wp-json\/wp\/v2\/tags?post=5940"}],"curies":[{"name":"wp","href":"https:\/\/api.w.org\/{rel}","templated":true}]}}