{"id":5955,"date":"2020-06-20T22:51:50","date_gmt":"2020-06-20T22:51:50","guid":{"rendered":"https:\/\/cdes.org.ec\/webantigua\/?p=5955"},"modified":"2021-03-30T14:39:25","modified_gmt":"2021-03-30T14:39:25","slug":"despuntan-los-despidos-masivos-con-181-mil-casos","status":"publish","type":"post","link":"https:\/\/cdes.org.ec\/webantigua\/despuntan-los-despidos-masivos-con-181-mil-casos\/","title":{"rendered":"Monitoreo laboral: Despuntan despidos masivos con 181 mil casos"},"content":{"rendered":"\n<p>El pasado 17 de junio el ministro del trabajo, Luis Arturo Poveda, revel\u00f3 que los contratos terminados durante la emergencia sanitaria alcanzan 180 852 casos.\u00a0<\/p>\n<p>Solamente en cinco d\u00edas, entre el 12 y 18 de junio, los despidos habr\u00edan crecido en 7852. Estas cifras est\u00e1n tomadas seg\u00fan las declaraciones del Ministro de Trabajo en la Asamblea Nacional.<\/p>\n<p><strong>Ley de Ayuda Humanitaria se aprueba con disposici\u00f3n de despidos por fuerza mayor solamente se justificar\u00e1n por cese total de la empresa<\/strong><\/p>\n<p>Como <a href=\"https:\/\/cdes.org.ec\/webantigua\/proyecto-de-ley-organica-interpretativa-del-articulo-169-numeral-6-del-codigo-del-trabajo\/\">hab\u00edamos sugerido varios colectivos sociales<\/a>, finalmente se aprob\u00f3 mediante una disposici\u00f3n interpretativa que el numeral 6 del art\u00edculo 169, del C\u00f3digo del Trabajo, quede en el siguiente sentido:<\/p>\n<blockquote>\n<p>\u201cEn estos casos, la imposibilidad de realizar el trabajo por caso fortuito o fuerza mayor estar\u00e1 ligada al cese total y definitivo de la actividad econ\u00f3mica del empleador, sea persona natural o jur\u00eddica. Esto quiere decir, que habr\u00e1 imposibilidad cuando el trabajo no se pueda llevar a cabo tanto por los medios f\u00edsicos habituales como por medios alternativos que permitan su ejecuci\u00f3n, ni a\u00fan por medios telem\u00e1ticos.\u201d<\/p>\n<\/blockquote>\n<p><strong>Se cometieron abusos aplicando despidos de fuerza mayor<\/strong><\/p>\n<p>Del total de despedidos, a 16 874 se les aplic\u00f3 la causal de \u201ccaso fortuito o fuerza mayor\u201d, bas\u00e1ndose en el numeral 6 del art\u00edculo 169 del C\u00f3digo de Trabajo. En estos casos el empleador no pag\u00f3 las indemnizaciones legales y cometi\u00f3 abusos.<\/p>\n<p>El propio ministro de trabajo, Luis Arturo Poveda, reconoci\u00f3 frente a la Asamblea Nacional que \u201cen estos tiempos de crisis nosotros hemos constado y verificado que si se ha hecho abuso; y tenemos registrado m\u00e1s de 17 000 contratos individuales de trabajo que ha terminado aplic\u00e1ndose esta norma del 169\u201d.<\/p>\n<p>\u00a0<\/p>\n\n\n    \t","protected":false},"excerpt":{"rendered":"","protected":false},"author":1,"featured_media":5956,"comment_status":"open","ping_status":"open","sticky":false,"template":"","format":"standard","meta":{"_siteseo_robots_primary_cat":"","_joinchat":[],"footnotes":""},"categories":[52],"tags":[50],"class_list":["post-5955","post","type-post","status-publish","format-standard","has-post-thumbnail","hentry","category-trabajo","tag-covid-19"],"_links":{"self":[{"href":"https:\/\/cdes.org.ec\/webantigua\/wp-json\/wp\/v2\/posts\/5955","targetHints":{"allow":["GET"]}}],"collection":[{"href":"https:\/\/cdes.org.ec\/webantigua\/wp-json\/wp\/v2\/posts"}],"about":[{"href":"https:\/\/cdes.org.ec\/webantigua\/wp-json\/wp\/v2\/types\/post"}],"author":[{"embeddable":true,"href":"https:\/\/cdes.org.ec\/webantigua\/wp-json\/wp\/v2\/users\/1"}],"replies":[{"embeddable":true,"href":"https:\/\/cdes.org.ec\/webantigua\/wp-json\/wp\/v2\/comments?post=5955"}],"version-history":[{"count":1,"href":"https:\/\/cdes.org.ec\/webantigua\/wp-json\/wp\/v2\/posts\/5955\/revisions"}],"predecessor-version":[{"id":7028,"href":"https:\/\/cdes.org.ec\/webantigua\/wp-json\/wp\/v2\/posts\/5955\/revisions\/7028"}],"wp:featuredmedia":[{"embeddable":true,"href":"https:\/\/cdes.org.ec\/webantigua\/wp-json\/wp\/v2\/media\/5956"}],"wp:attachment":[{"href":"https:\/\/cdes.org.ec\/webantigua\/wp-json\/wp\/v2\/media?parent=5955"}],"wp:term":[{"taxonomy":"category","embeddable":true,"href":"https:\/\/cdes.org.ec\/webantigua\/wp-json\/wp\/v2\/categories?post=5955"},{"taxonomy":"post_tag","embeddable":true,"href":"https:\/\/cdes.org.ec\/webantigua\/wp-json\/wp\/v2\/tags?post=5955"}],"curies":[{"name":"wp","href":"https:\/\/api.w.org\/{rel}","templated":true}]}}