{"id":5966,"date":"2020-07-30T11:11:55","date_gmt":"2020-07-30T16:11:55","guid":{"rendered":"https:\/\/cdes.org.ec\/webantigua\/?p=5966"},"modified":"2021-06-04T17:12:07","modified_gmt":"2021-06-04T17:12:07","slug":"comunicado-al-pais-renegociacion-de-la-deuda-externa","status":"publish","type":"post","link":"https:\/\/cdes.org.ec\/webantigua\/comunicado-al-pais-renegociacion-de-la-deuda-externa\/","title":{"rendered":"COMUNICADO AL PA\u00cdS: RENEGOCIACI\u00d3N DE LA DEUDA EXTERNA"},"content":{"rendered":"\r\n<p>Suscribimos el siguiente comunicado de la Plataforma: Va Por Ti Ecuador <\/p>\r\n\r\n\r\n\r\n<p>El d\u00eda de hoy martes 28 de Julio 2020, el Defensor del Pueblo Dr. Freddy Carri\u00f3n recibi\u00f3 en audiencia a representantes de organizaciones de la sociedad civil ecuatoriana, en la que escuch\u00f3 nuestra preocupaci\u00f3n ante la renegociaci\u00f3n de la deuda externa que est\u00e1 en marcha por parte del Ministro de Econom\u00eda y Finanzas, Richard Mart\u00ednez.<\/p>\r\n\r\n\r\n\r\n<p>Manifestamos al se\u00f1or Defensor que esta \u201crenegociaci\u00f3n\u201d, antes de ser beneficiosa para el pa\u00eds, constituir\u00eda un atentado contra los intereses y derechos de la poblaci\u00f3n ecuatoriana, as\u00ed como incumplir\u00eda la Constituci\u00f3n y el Pacto Internacional de Derechos Econ\u00f3micos Sociales y Culturales firmado por el Ecuador.&nbsp;<\/p>\r\n\r\n\r\n\r\n<ul class=\"wp-block-list\"><li>El acuerdo ofrece el pago de intereses atrasados a trav\u00e9s de la emisi\u00f3n de un nuevo bono, lo que t\u00e9cnicamente transformar\u00eda el inter\u00e9s impago en capital principal. Este ofrecimiento implica el potencial cobro de intereses sobre intereses por un monto de m\u00e1s de USD 1.000 millones \u2013 entre intereses e \u201cincentivos\u201d \u2013 a favor de los tenedores de deuda, incurriendo en anatocismo y violando flagrantemente nuestra Constituci\u00f3n en el Art. 290 numeral 4.<\/li><li>El nuevo acuerdo plantea la renegociaci\u00f3n de los bonos de deuda a su valor de emisi\u00f3n nominal anterior a la pandemia y no al valor actual de mercado. A pesar de que este \u00faltimo sea 3 veces menor y que podr\u00eda utilizarse como valor referencial. Se busca garantizar \u201cun buen precio\u201d a quienes poseen deuda ecuatoriana. Esto favorecer\u00e1&nbsp;a los tenedores de deuda, pues se comprometer\u00edan miles de millones de d\u00f3lares.<\/li><\/ul>\r\n\r\n\r\n\r\n<p>Consideramos imperioso comunicar y manifestar al pa\u00eds la condena que significa una renegociaci\u00f3n bajo estas condiciones, en t\u00e9rminos de regresividad de derechos para la poblaci\u00f3n. Adicionalmente, es preciso sumar esta negociaci\u00f3n a los nuevos acuerdos con el Fondo Monetario Internacional, p\u00fablicamente anunciados por el gobierno, que traer\u00e1n m\u00e1s recortes, m\u00e1s subida de servicios b\u00e1sicos, de combustibles, m\u00e1s despidos, m\u00e1s desempleo\u2026 m\u00e1s pobreza y precariedad.<\/p>\r\n\r\n\r\n\r\n<p>El Defensor del Pueblo Dr. Freddy Carri\u00f3n ha escuchado nuestra preocupaci\u00f3n, indignaci\u00f3n y argumentos, a lo que se ha comprometido en explorar las acciones que pueda realizar de manera urgente en defensa de los intereses del pa\u00eds.<\/p>\r\n\r\n\r\n\r\n<p>Nuestro \u00fanico inter\u00e9s es defender nuestro futuro, los derechos econ\u00f3micos, sociales y culturales en general, como pueblo libre y soberano que&nbsp;somos.<\/p>\r\n\r\n\r\n\r\n<p>Observatorio de la Dolarizaci\u00f3n<br>Plataforma Va por Ti Ecuador<br>Jubileo 2000 Ecuador<br>Foro de Econom\u00eda Alternativa y Heterodoxa<br>Centro de Derechos Econ\u00f3micos y Sociales<br>Desborde<\/p>\r\n    \t","protected":false},"excerpt":{"rendered":"<p>Suscribimos el siguiente comunicado de la Plataforma: Va Por Ti [&hellip;]<\/p>\n","protected":false},"author":1,"featured_media":0,"comment_status":"open","ping_status":"open","sticky":false,"template":"","format":"standard","meta":{"_siteseo_robots_primary_cat":"","_joinchat":[],"footnotes":""},"categories":[46],"tags":[],"class_list":["post-5966","post","type-post","status-publish","format-standard","hentry","category-deuda"],"_links":{"self":[{"href":"https:\/\/cdes.org.ec\/webantigua\/wp-json\/wp\/v2\/posts\/5966","targetHints":{"allow":["GET"]}}],"collection":[{"href":"https:\/\/cdes.org.ec\/webantigua\/wp-json\/wp\/v2\/posts"}],"about":[{"href":"https:\/\/cdes.org.ec\/webantigua\/wp-json\/wp\/v2\/types\/post"}],"author":[{"embeddable":true,"href":"https:\/\/cdes.org.ec\/webantigua\/wp-json\/wp\/v2\/users\/1"}],"replies":[{"embeddable":true,"href":"https:\/\/cdes.org.ec\/webantigua\/wp-json\/wp\/v2\/comments?post=5966"}],"version-history":[{"count":1,"href":"https:\/\/cdes.org.ec\/webantigua\/wp-json\/wp\/v2\/posts\/5966\/revisions"}],"predecessor-version":[{"id":7881,"href":"https:\/\/cdes.org.ec\/webantigua\/wp-json\/wp\/v2\/posts\/5966\/revisions\/7881"}],"wp:attachment":[{"href":"https:\/\/cdes.org.ec\/webantigua\/wp-json\/wp\/v2\/media?parent=5966"}],"wp:term":[{"taxonomy":"category","embeddable":true,"href":"https:\/\/cdes.org.ec\/webantigua\/wp-json\/wp\/v2\/categories?post=5966"},{"taxonomy":"post_tag","embeddable":true,"href":"https:\/\/cdes.org.ec\/webantigua\/wp-json\/wp\/v2\/tags?post=5966"}],"curies":[{"name":"wp","href":"https:\/\/api.w.org\/{rel}","templated":true}]}}