{"id":6024,"date":"2020-08-26T17:30:54","date_gmt":"2020-08-26T17:30:54","guid":{"rendered":"https:\/\/cdes.org.ec\/webantigua\/?p=6024"},"modified":"2021-04-25T09:39:06","modified_gmt":"2021-04-25T09:39:06","slug":"organizaciones-de-derechos-humanos-rechazamos-a-luis-almagro","status":"publish","type":"post","link":"https:\/\/cdes.org.ec\/webantigua\/organizaciones-de-derechos-humanos-rechazamos-a-luis-almagro\/","title":{"rendered":"Organizaciones de Derechos Humanos rechazamos a Luis Almagro"},"content":{"rendered":"\n<p><b>PRONUNCIAMIENTO DE ORGANIZACIONES DE DERECHOS HUMANOS EN RECHAZO A LOS INTENTOS DEL SECRETARIO DE LA OEA DE MANIPULAR LOS MECANISMOS INTERAMERICANOS DE PROTECCI\u00d3N DE LOS DERECHOS HUMANOS<\/b><\/p>\n<p><b>26 agosto 2020<\/b><\/p>\n<p><span style=\"font-weight: 400;\">Las organizaciones firmantes rechazamos de manera en\u00e9rgica el accionar del se\u00f1or Luis Almagro, direccionado a manipular la designaci\u00f3n del Secretario Ejecutivo de la Comisi\u00f3n Interamericana de Derechos Humanos (CIDH), a trav\u00e9s de la utilizaci\u00f3n de procesos administrativos y contractuales.<\/span><\/p>\n<p><span style=\"font-weight: 400;\">De acuerdo al pronunciamiento del 10 de enero de la CIDH,\u00a0 en cumplimiento con los estipulado en el art\u00edculo 11 de su Reglamento, la Comisi\u00f3n por unanimidad decidi\u00f3 renovar el mandato del se\u00f1or Paulo Abr\u00e3o como\u00a0 Secretario Ejecutivo de este \u00d3rgano Interamericano.\u00a0<\/span><\/p>\n<p><span style=\"font-weight: 400;\">Al emitir su decisi\u00f3n, la CIDH se\u00f1al\u00f3 que: <\/span><i><span style=\"font-weight: 400;\">agradece al Secretario Ejecutivo su disposici\u00f3n para aceptar un segundo mandato. En los primeros 4 a\u00f1os de mandato de la Secretar\u00eda Ejecutiva de la CIDH ha logrado enfrentar la grave crisis que vivi\u00f3 la instituci\u00f3n y fortalecer la gesti\u00f3n institucional con sostenibilidad financiera e incremento de sus capacidades, agilizar las decisiones en el sistema de peticiones y casos con resultados hist\u00f3ricos en la aprobaci\u00f3n de informes, ampliar la capacidad de monitoreo y de coordinaci\u00f3n de respuestas relevantes y oportunas respecto a violaciones de derechos humanos, ampliar la presencia p\u00fablica de la CIDH en la regi\u00f3n con m\u00e1s visitas, promoci\u00f3n, cooperaci\u00f3n y sesiones afuera de la sede, mejorar la coordinaci\u00f3n con otros sistemas de protecci\u00f3n de derechos humanos y fortalecer el di\u00e1logo con los Estados y las organizaciones de la sociedad civil en la regi\u00f3n.<\/span><\/i><\/p>\n<p><span style=\"font-weight: 400;\">En este sentido, se debe resaltar adem\u00e1s el importante rol del Secretario Ejecutivo de la CIDH,\u00a0 para facilitar las visitas inmediatas de la Comisi\u00f3n a Ecuador y Chile, en el mes de octubre de 2019 y enero 2020 respectivamente, para documentar las graves violaciones a los Derechos Humanos ocurridas como consecuencia de la represi\u00f3n de la protesta social.<\/span><\/p>\n<p><span style=\"font-weight: 400;\">En el caso ecuatoriano, se trat\u00f3 de una de las represiones m\u00e1s graves de la historia del pa\u00eds, dirigida por el Gobierno del se\u00f1or Len\u00edn Moreno, y como responsables de su ejecuci\u00f3n directa, su Ministra de Gobierno, Mar\u00eda Paula Romo, y su Ministro de Defensa, General (SP) Oswaldo Jarr\u00edn. Esta represi\u00f3n estaba dirigida a silenciar a todo el pueblo que se manifestaba en las calles para exigir que se garanticen los Derechos Humanos de toda la poblaci\u00f3n.<\/span><\/p>\n<p><span style=\"font-weight: 400;\">Mientras la CIDH, emiti\u00f3 un informe completo el 14 de enero sobre su visita a Ecuador,\u00a0 document\u00f3 serias vulneraciones a los derechos humanos y realiz\u00f3 recomendaciones al Estado ecuatoriano,<\/span><span style=\"font-weight: 400;\"> que han sido totalmente ignoradas por el Gobierno; el Secretario General de la OEA, Luis Almagro, en su visita a\u00a0 Ecuador el 30 de octubre\u00a0 Luis Almagro, felicit\u00f3<\/span><span style=\"font-weight: 400;\"> al Presidente por: <\/span><i><span style=\"font-weight: 400;\">las sabias decisiones tomadas durante la reciente etapa de manifestaciones vividas en el pa\u00eds y gracias a las cuales Ecuador volvi\u00f3 a la calma.<\/span><\/i><span style=\"font-weight: 400;\">\u00a0<\/span><\/p>\n<p><span style=\"font-weight: 400;\">En ese marco, entendemos que, el comportamiento del se\u00f1or Almagro, obedece a un intento de limitar el trabajo de la CIDH, y especialmente de su Secretario Ejecutivo. No es la primera vez que el se\u00f1or Almagro busca evadir procedimientos, violar los instrumentos de derechos humanos, y alinearse a los intereses de los pa\u00edses que vulneran los derechos humanos y a sus aliados, que son quienes mantienen su mandato.<\/span><\/p>\n<p><span style=\"font-weight: 400;\">Adicionalmente, el d\u00eda 25 de agosto, trascendi\u00f3 en medios ecuatorianos, que el accionar del se\u00f1or Almagro tambi\u00e9n estar\u00eda relacionado con la posibilidad de nombrar, fuera del reglamento, a\u00a0 la se\u00f1ora Mar\u00eda Paula Romo, actual Ministra de Gobierno de Ecuador, como Secretaria Ejecutiva de la CIDH.\u00a0 Rechazamos enf\u00e1ticamente esta posibilidad\u00a0 debido a que viola los procedimientos, y a que la se\u00f1ora Romo se encuentra inhabilitada moralmente para ejercer este cargo y legalmente, ya que el reglamento de la CIDH se\u00f1ala en su art\u00edculo 11, numeral 4 que no puede existir conflicto de intereses con el desempe\u00f1o del cargo, y la se\u00f1ora Romo se encuentra se\u00f1alada como responsable directa de varios hechos de violaciones a los Derechos Humanos en Ecuador, algunos de ellos en este momento en an\u00e1lisis de la CIDH.<\/span><\/p>\n<p><span style=\"font-weight: 400;\">En tal sentido, requerimos:<\/span><\/p>\n<ul>\n<li style=\"font-weight: 400;\"><span style=\"font-weight: 400;\">Que el Secretario General de la OEA se abstenga de intervenir en las funciones de la CIDH, y garantice que las decisiones tomadas por el \u00d3rgano Interamericano sean respetadas.<\/span><\/li>\n<li style=\"font-weight: 400;\"><span style=\"font-weight: 400;\">Que los Gobiernos de la regi\u00f3n, comprometidos con la democracia y los Derechos Humanos, se pronuncien en contra de esta vulneraci\u00f3n de los instrumentos interamericanos y de la posible designaci\u00f3n de la se\u00f1ora Romo.<\/span><\/li>\n<li style=\"font-weight: 400;\"><span style=\"font-weight: 400;\">Que el Gobierno de Ecuador se abstenga de promover la postulaci\u00f3n de una persona se\u00f1alada por serias vulneraciones a los Derechos Humanos.<\/span><\/li>\n<li style=\"font-weight: 400;\"><span style=\"font-weight: 400;\">Una urgente reforma del Sistema Interamericano de Derechos Humanos, para que el mismo pueda funcionar fuera de la influencia de una organizaci\u00f3n tan cuestionada como la OEA, y de su Secretario General.<\/span><\/li>\n<\/ul>\n<p><span style=\"font-weight: 400;\">Hacemos un llamado a todas las organizaciones sociales, organizaciones de derechos humanos y redes continentales, a movilizarse contra este nuevo ataque a los mecanismos interamericanos de protecci\u00f3n de los derechos humanos.<\/span><\/p>\n<p><span style=\"font-weight: 400;\">Firmamos:<\/span><\/p>\n<p><span style=\"font-weight: 400;\">Comit\u00e9 de Familiares de las V\u00edctimas de Octubre Marco Oto<\/span><\/p>\n<p><span style=\"font-weight: 400;\">Centro de Derechos Econ\u00f3micos y Sociales &#8211; CDES<\/span><\/p>\n<p><span style=\"font-weight: 400;\">Jubileo 2000 Red Guayaquil<\/span><\/p>\n<p><span style=\"font-weight: 400;\">Comit\u00e9 Permanente por la Defensa de los Derechos Humanos<\/span><\/p>\n<p><span style=\"font-weight: 400;\">Red Latinoamericana por Justicia Econ\u00f3mica y Social &#8211; Latindadd<\/span><\/p>\n<p><span style=\"font-weight: 400;\">Para adherirse a este comunicado comunicarse con <\/span><a href=\"mailto:carola.iniguez@cdes.org.ec\"><span style=\"font-weight: 400;\">carola.iniguez@cdes.org.ec<\/span><\/a><span style=\"font-weight: 400;\"> o <\/span><a href=\"mailto:piturralde@cdes.org.ec\"><span style=\"font-weight: 400;\">piturralde@cdes.org.ec<\/span><\/a><span style=\"font-weight: 400;\">.<\/span><\/p>\n    \t","protected":false},"excerpt":{"rendered":"","protected":false},"author":1,"featured_media":6026,"comment_status":"open","ping_status":"open","sticky":false,"template":"","format":"standard","meta":{"_siteseo_robots_primary_cat":"","_joinchat":[],"footnotes":""},"categories":[20],"tags":[45],"class_list":["post-6024","post","type-post","status-publish","format-standard","has-post-thumbnail","hentry","category-tratadosdeinversion","tag-cidh"],"_links":{"self":[{"href":"https:\/\/cdes.org.ec\/webantigua\/wp-json\/wp\/v2\/posts\/6024","targetHints":{"allow":["GET"]}}],"collection":[{"href":"https:\/\/cdes.org.ec\/webantigua\/wp-json\/wp\/v2\/posts"}],"about":[{"href":"https:\/\/cdes.org.ec\/webantigua\/wp-json\/wp\/v2\/types\/post"}],"author":[{"embeddable":true,"href":"https:\/\/cdes.org.ec\/webantigua\/wp-json\/wp\/v2\/users\/1"}],"replies":[{"embeddable":true,"href":"https:\/\/cdes.org.ec\/webantigua\/wp-json\/wp\/v2\/comments?post=6024"}],"version-history":[{"count":1,"href":"https:\/\/cdes.org.ec\/webantigua\/wp-json\/wp\/v2\/posts\/6024\/revisions"}],"predecessor-version":[{"id":7268,"href":"https:\/\/cdes.org.ec\/webantigua\/wp-json\/wp\/v2\/posts\/6024\/revisions\/7268"}],"wp:featuredmedia":[{"embeddable":true,"href":"https:\/\/cdes.org.ec\/webantigua\/wp-json\/wp\/v2\/media\/6026"}],"wp:attachment":[{"href":"https:\/\/cdes.org.ec\/webantigua\/wp-json\/wp\/v2\/media?parent=6024"}],"wp:term":[{"taxonomy":"category","embeddable":true,"href":"https:\/\/cdes.org.ec\/webantigua\/wp-json\/wp\/v2\/categories?post=6024"},{"taxonomy":"post_tag","embeddable":true,"href":"https:\/\/cdes.org.ec\/webantigua\/wp-json\/wp\/v2\/tags?post=6024"}],"curies":[{"name":"wp","href":"https:\/\/api.w.org\/{rel}","templated":true}]}}