{"id":6033,"date":"2020-09-04T12:25:06","date_gmt":"2020-09-04T17:25:06","guid":{"rendered":"https:\/\/cdes.org.ec\/webantigua\/?p=6033"},"modified":"2021-06-04T18:17:28","modified_gmt":"2021-06-04T18:17:28","slug":"compartimos-la-carta-enviada-al-papa-francisco-enviada-por-el-comite-de-familiares-victimas-de-la-represion-de-octubre-marco-otto","status":"publish","type":"post","link":"https:\/\/cdes.org.ec\/webantigua\/compartimos-la-carta-enviada-al-papa-francisco-enviada-por-el-comite-de-familiares-victimas-de-la-represion-de-octubre-marco-otto\/","title":{"rendered":"Compartimos la carta enviada al Papa Francisco por el Comit\u00e9 de Familiares V\u00edctimas de la Represi\u00f3n de Octubre \u00abMarco Otto\u00bb"},"content":{"rendered":"\r\n<p>Quito, 3 de Septiembre de 2020<\/p>\r\n<p><strong>\u00a0<\/strong><strong>Querido Padre Francisco:<\/strong><\/p>\r\n<p>Reciba nuestro abrazo latinoamericano y solidario. Nos dirigimos a usted desde el Comit\u00e9 de Familiares de las V\u00edctimas de Octubre \u201cMarco Oto\u201d de Ecuador, constituido en noviembre de 2019 luego que el Estado llevara a cabo una violenta represi\u00f3n que quedar\u00e1 registrada en la memoria de nuestro Pueblo como una de las m\u00e1s atroces. \u00a0Como familias, unidas por el amor y\u00a0 la solidaridad, caminamos juntos en la lucha por\u00a0 la DIGNIDAD, JUSTICIA, \u00a0LIBERTAD y REPARACION.<\/p>\r\n<p>Aunque el Estado sigue sin investigar a fondo los hechos, existen denuncias sobre al menos 11 muertos, 1192 detenidos, m\u00e1s de 1340 heridos, decenas de ciudadanos que perdieron un ojo, allanamientos y torturas. Todas estas personas son v\u00edctimas de un Estado opresor, por el \u00fanico hecho de expresarse contra las medidas econ\u00f3micas, acordadas con el Fondo Monetario Internacional, que est\u00e1n dejando una huella de hambre, violencia y desesperaci\u00f3n en muchas familias.<\/p>\r\n<p>Nuestros hijos, hijas, padres, madres, esposos, esposas, hermanos, hermanas, primos, primas, son personas que hist\u00f3ricamente han luchado por una sociedad m\u00e1s justa, \u00a0como dignos hermanos de Jes\u00fas, que anunciaba un Reino de justicia esperanza y amor, y fue perseguido y asesinado por denunciar un sistema injusto, que generaba hambre, enfermedades y pobreza.<\/p>\r\n<p>Conoce usted bien los tiempos que vivimos en Latinoam\u00e9rica, y en este caso particularmente en Ecuador, en donde desde la pol\u00edtica se utiliza la justicia como un arma de guerra, para imponerse sobre la vida de las personas y los pueblos.<\/p>\r\n<p>Denunciamos ante usted, Santo Padre, que en el marco de la represi\u00f3n de octubre del 2019, tres familiares nuestros, Paola Pab\u00f3n, Cristian Gonz\u00e1lez y Virgilio Hern\u00e1ndez, \u00a0han sido enjuiciados por el delito de rebeli\u00f3n armada sin que exista ninguna prueba para ello, y han debido afrontar prisi\u00f3n preventiva y un proceso plagado de irregularidades, en el que se ha vulnerado el debido proceso.<\/p>\r\n<p>El pr\u00f3ximo d\u00eda lunes 7 de septiembre, nuestra hermana\u00a0 Paola Pab\u00f3n, Prefecta de la Provincia de Pichincha, deber\u00e1 confrontarse una vez m\u00e1s con la justicia ecuatoriana. Buscan privarla ileg\u00edtimamente de su libertad,\u00a0 y ejercer violencia pol\u00edtica contra ella.<\/p>\r\n<p>Mientras otros tres de nuestros familiares contin\u00faan detenidos: Carlos Cacha, Gonzalo Villamil y Roberto Pachacama; y nuestros familiares v\u00edctimas de ejecuciones extrajudiciales, de lesiones oculares y torturas, contin\u00faan sin poder acceder a la justicia y reparaci\u00f3n.<\/p>\r\n<p>Hoy acudimos a usted, porque en su mensaje encontramos sinton\u00eda, y sabemos que su respaldo a nuestra causa, ser\u00e1 el aliento que necesitamos para seguir caminando y luchando. Le pedimos que como nuestro Pastor abrace tambi\u00e9n esta causa, y con su palabra y su oraci\u00f3n camine a nuestro lado, por la libertad de Paola y de nuestros dem\u00e1s hermanos y hermanas, y la justicia y reparaci\u00f3n para todas las v\u00edctimas de octubre.<\/p>\r\n<p>\u00a0<\/p>\r\n<p>\u00a0<\/p>\r\n<p>\u00a0<\/p>\r\n<p>\u00a0<\/p>\r\n<p>\u00a0<\/p>\r\n<p>Nuestro compromiso, de orar por usted, y de seguir construyendo junto a usted la Iglesia que Jes\u00fas so\u00f1\u00f3, una Iglesia de justicia, de paz, de esperanza y amor.<\/p>\r\n<p>\u00a0<\/p>\r\n<p>Saludos fraternos,<\/p>\r\n<p>Mar\u00eda Hern\u00e1ndez<\/p>\r\n<p>Vocera del Comit\u00e9<\/p>\r\n<p>Mail: <a href=\"mailto:mariahe66@yahoo.com\">mariahe66@yahoo.com<\/a><\/p>\r\n<p>Adjunto resumen del Caso de Paola Pab\u00f3n<\/p>\r\n<p>\u00a0<\/p>\r\n<p>\u00a0<\/p>\r\n    \t","protected":false},"excerpt":{"rendered":"","protected":false},"author":1,"featured_media":6034,"comment_status":"open","ping_status":"open","sticky":false,"template":"","format":"standard","meta":{"_siteseo_robots_primary_cat":"","_joinchat":[],"footnotes":""},"categories":[79],"tags":[63,64],"class_list":["post-6033","post","type-post","status-publish","format-standard","has-post-thumbnail","hentry","category-derechos-politicos-y-civiles","tag-marcootto","tag-paronacionaloctubre2019"],"_links":{"self":[{"href":"https:\/\/cdes.org.ec\/webantigua\/wp-json\/wp\/v2\/posts\/6033","targetHints":{"allow":["GET"]}}],"collection":[{"href":"https:\/\/cdes.org.ec\/webantigua\/wp-json\/wp\/v2\/posts"}],"about":[{"href":"https:\/\/cdes.org.ec\/webantigua\/wp-json\/wp\/v2\/types\/post"}],"author":[{"embeddable":true,"href":"https:\/\/cdes.org.ec\/webantigua\/wp-json\/wp\/v2\/users\/1"}],"replies":[{"embeddable":true,"href":"https:\/\/cdes.org.ec\/webantigua\/wp-json\/wp\/v2\/comments?post=6033"}],"version-history":[{"count":1,"href":"https:\/\/cdes.org.ec\/webantigua\/wp-json\/wp\/v2\/posts\/6033\/revisions"}],"predecessor-version":[{"id":7902,"href":"https:\/\/cdes.org.ec\/webantigua\/wp-json\/wp\/v2\/posts\/6033\/revisions\/7902"}],"wp:featuredmedia":[{"embeddable":true,"href":"https:\/\/cdes.org.ec\/webantigua\/wp-json\/wp\/v2\/media\/6034"}],"wp:attachment":[{"href":"https:\/\/cdes.org.ec\/webantigua\/wp-json\/wp\/v2\/media?parent=6033"}],"wp:term":[{"taxonomy":"category","embeddable":true,"href":"https:\/\/cdes.org.ec\/webantigua\/wp-json\/wp\/v2\/categories?post=6033"},{"taxonomy":"post_tag","embeddable":true,"href":"https:\/\/cdes.org.ec\/webantigua\/wp-json\/wp\/v2\/tags?post=6033"}],"curies":[{"name":"wp","href":"https:\/\/api.w.org\/{rel}","templated":true}]}}