{"id":6038,"date":"2020-09-18T11:40:30","date_gmt":"2020-09-18T11:40:30","guid":{"rendered":"https:\/\/cdes.org.ec\/webantigua\/?p=6038"},"modified":"2021-04-22T15:17:57","modified_gmt":"2021-04-22T15:17:57","slug":"lanzamiento-del-informe-spotlight-2020-politicas-cambiantes-para-el-cambio-sistemico-lecciones-de-la-crisis-global-de-covid-19","status":"publish","type":"post","link":"https:\/\/cdes.org.ec\/webantigua\/lanzamiento-del-informe-spotlight-2020-politicas-cambiantes-para-el-cambio-sistemico-lecciones-de-la-crisis-global-de-covid-19\/","title":{"rendered":"Lanzamiento del informe SPOTLIGHT 2020: pol\u00edticas cambiantes para el cambio sist\u00e9mico. Lecciones de la crisis global de COVID-19"},"content":{"rendered":"\n<pre id=\"tw-target-text\" class=\"wp-block-preformatted\"><\/pre>\n\n\n\n<pre id=\"tw-target-text\" class=\"wp-block-preformatted\">La pandemia del COVID-19 tiene un impacto masivo en la implementaci\u00f3n de los Objetivos de Desarrollo Sostenible y el cumplimiento de los derechos humanos. La recesi\u00f3n mundial que se avecina aumentar\u00e1 dr\u00e1sticamente el desempleo, la pobreza y el hambre en todo el mundo. Adem\u00e1s, la crisis amenaza con profundizar a\u00fan m\u00e1s la discriminaci\u00f3n y las desigualdades. Con este evento de lanzamiento virtual, presentaremos los hallazgos clave del informe.\n\nViernes, 18 de septiembre de 2020, 9: 00-10: 00 am EDT\n<a href=\"https:\/\/www.fes.de\/veranstaltungen\/?Veranummer=249815\">Reg\u00edstrese aqu\u00ed<\/a>\n\nEn la Declaraci\u00f3n sobre la Conmemoraci\u00f3n del 75 \u00b0 Aniversario de las Naciones Unidas, que se aprobar\u00e1 el 21 de septiembre de 2020, los Jefes de Estado y de Gobierno prometer\u00e1n \"movilizar recursos, fortalecer nuestros esfuerzos y mostrar una voluntad pol\u00edtica y un liderazgo sin precedentes\" en respuesta a la crisis actual.\nEl llamado a \"reconstruir mejor\" se ha convertido en un lema de las respuestas intergubernamentales a la crisis. Pero, \u00bfla \"reconstrucci\u00f3n\" conduce realmente al cambio sist\u00e9mico que se necesita con urgencia? \u00bfQu\u00e9 tipo de pol\u00edticas, estrategias y cambios estructurales son necesarios para garantizar la primac\u00eda de los derechos humanos, la justicia de g\u00e9nero y los objetivos de sostenibilidad en todas las \u00e1reas pol\u00edticas?\n\nEstas cuestiones se analizan en el informe Spotlight on Sustainable Development 2020 de este a\u00f1o. Su mensaje fundamental es que las m\u00faltiples crisis solo pueden superarse si se pueden reducir las enormes asimetr\u00edas de poder dentro y entre sociedades.\n\n\nCon este evento de lanzamiento virtual, presentaremos los hallazgos clave del informe.\n\n<strong>Breves instant\u00e1neas<\/strong> de: \n*Roberto Bissio, coordinador de Social Watch Ziad Abdel Samad, director ejecutivo de la Red de ONG \u00e1rabes para el desarrollo (ANND) \n\n*Vanita Mukherjee, miembro del Comit\u00e9 Ejecutivo de Alternativas de Desarrollo con Mujeres para una Nueva Era (DAWN) \n\n<strong>Conclusiones de pol\u00edtica<\/strong> de:\n*Ignacio Saiz, director ejecutivo del Centro de Derechos Econ\u00f3micos y Sociales \n\n*Barbara Adams, presidenta de Global Policy Forum Moderador  \n\n<strong>Facilitador: <\/strong>\n*Bodo Ellmers, Director de Finanzas para el Desarrollo Sostenible, Global Policy Forum Europe Elisabeth Bollrich, experta en econom\u00eda global en Friedrich-Ebert-Stiftung<\/pre>\n    \t","protected":false},"excerpt":{"rendered":"<p>La pandemia del COVID-19 tiene un impacto masivo en la [&hellip;]<\/p>\n","protected":false},"author":1,"featured_media":6042,"comment_status":"open","ping_status":"open","sticky":false,"template":"","format":"standard","meta":{"_siteseo_robots_primary_cat":"","_joinchat":[],"footnotes":""},"categories":[20],"tags":[50,37],"class_list":["post-6038","post","type-post","status-publish","format-standard","has-post-thumbnail","hentry","category-tratadosdeinversion","tag-covid-19","tag-onu"],"_links":{"self":[{"href":"https:\/\/cdes.org.ec\/webantigua\/wp-json\/wp\/v2\/posts\/6038","targetHints":{"allow":["GET"]}}],"collection":[{"href":"https:\/\/cdes.org.ec\/webantigua\/wp-json\/wp\/v2\/posts"}],"about":[{"href":"https:\/\/cdes.org.ec\/webantigua\/wp-json\/wp\/v2\/types\/post"}],"author":[{"embeddable":true,"href":"https:\/\/cdes.org.ec\/webantigua\/wp-json\/wp\/v2\/users\/1"}],"replies":[{"embeddable":true,"href":"https:\/\/cdes.org.ec\/webantigua\/wp-json\/wp\/v2\/comments?post=6038"}],"version-history":[{"count":1,"href":"https:\/\/cdes.org.ec\/webantigua\/wp-json\/wp\/v2\/posts\/6038\/revisions"}],"predecessor-version":[{"id":7128,"href":"https:\/\/cdes.org.ec\/webantigua\/wp-json\/wp\/v2\/posts\/6038\/revisions\/7128"}],"wp:featuredmedia":[{"embeddable":true,"href":"https:\/\/cdes.org.ec\/webantigua\/wp-json\/wp\/v2\/media\/6042"}],"wp:attachment":[{"href":"https:\/\/cdes.org.ec\/webantigua\/wp-json\/wp\/v2\/media?parent=6038"}],"wp:term":[{"taxonomy":"category","embeddable":true,"href":"https:\/\/cdes.org.ec\/webantigua\/wp-json\/wp\/v2\/categories?post=6038"},{"taxonomy":"post_tag","embeddable":true,"href":"https:\/\/cdes.org.ec\/webantigua\/wp-json\/wp\/v2\/tags?post=6038"}],"curies":[{"name":"wp","href":"https:\/\/api.w.org\/{rel}","templated":true}]}}