{"id":6137,"date":"2020-10-12T12:23:16","date_gmt":"2020-10-12T12:23:16","guid":{"rendered":"https:\/\/cdes.org.ec\/webantigua\/?p=6137"},"modified":"2021-06-07T15:49:34","modified_gmt":"2021-06-07T15:49:34","slug":"dia-de-la-resistencia-indigena-fmi-y-pandemia-afectan-a-pueblos","status":"publish","type":"post","link":"https:\/\/cdes.org.ec\/webantigua\/dia-de-la-resistencia-indigena-fmi-y-pandemia-afectan-a-pueblos\/","title":{"rendered":"D\u00eda de la resistencia ind\u00edgena: FMI y pandemia afectan a pueblos"},"content":{"rendered":"\r\n<p>La austeridad fiscal del FMI y la pandemia profundizar\u00e1n las desigualdades que enfrentan los pueblos ind\u00edgenas. Este 12 de octubre, D\u00eda Internacional de la Pluriculturalidad y Multiculturalidad, visibilizamos la situaci\u00f3n de los derechos econ\u00f3micos y sociales de los pueblos ind\u00edgenas.<\/p>\r\n<p>Revisa nuestras proyecciones y nuestras citas de pol\u00edtica econ\u00f3mica y derechos humanos.<\/p>\r\n<p><a href=\"https:\/\/cdes.org.ec\/webantigua\/wp-content\/uploads\/2020\/10\/12Oct_CDES_3.png\"><img decoding=\"async\" class=\"aligncenter size-full wp-image-6140\" src=\"https:\/\/cdes.org.ec\/webantigua\/wp-content\/uploads\/2020\/10\/12Oct_CDES_3.png\" alt=\"\" width=\"1200\" height=\"1200\" srcset=\"https:\/\/cdes.org.ec\/webantigua\/wp-content\/uploads\/2020\/10\/12Oct_CDES_3-66x66.png 66w, https:\/\/cdes.org.ec\/webantigua\/wp-content\/uploads\/2020\/10\/12Oct_CDES_3-150x150.png 150w, https:\/\/cdes.org.ec\/webantigua\/wp-content\/uploads\/2020\/10\/12Oct_CDES_3-200x200.png 200w, https:\/\/cdes.org.ec\/webantigua\/wp-content\/uploads\/2020\/10\/12Oct_CDES_3-300x300.png 300w, https:\/\/cdes.org.ec\/webantigua\/wp-content\/uploads\/2020\/10\/12Oct_CDES_3-400x400.png 400w, https:\/\/cdes.org.ec\/webantigua\/wp-content\/uploads\/2020\/10\/12Oct_CDES_3-600x600.png 600w, https:\/\/cdes.org.ec\/webantigua\/wp-content\/uploads\/2020\/10\/12Oct_CDES_3-768x768.png 768w, https:\/\/cdes.org.ec\/webantigua\/wp-content\/uploads\/2020\/10\/12Oct_CDES_3-800x800.png 800w, https:\/\/cdes.org.ec\/webantigua\/wp-content\/uploads\/2020\/10\/12Oct_CDES_3-1024x1024.png 1024w, https:\/\/cdes.org.ec\/webantigua\/wp-content\/uploads\/2020\/10\/12Oct_CDES_3.png 1200w\" sizes=\"(max-width: 1200px) 100vw, 1200px\" \/><\/a><\/p>\r\n<p><span class=\"css-901oao css-16my406 r-1qd0xha r-ad9z0x r-bcqeeo r-qvutc0\">Las medidas acordadas con el FMI, impactaron negativamente en los derechos de los ecuatorianos y de manera desproporcionada en los <\/span><span class=\"r-18u37iz\">Pueblos Ind\u00edgenas<\/span><span class=\"css-901oao css-16my406 r-1qd0xha r-ad9z0x r-bcqeeo r-qvutc0\">, tanto m\u00e1s no han logrado detener el deterioro generado por el <\/span><span class=\"r-18u37iz\">COVID19.<\/span><\/p>\r\n<p><a href=\"https:\/\/cdes.org.ec\/webantigua\/wp-content\/uploads\/2020\/10\/12Oct_CDES_2.png\"><img decoding=\"async\" class=\"aligncenter size-full wp-image-6139\" src=\"https:\/\/cdes.org.ec\/webantigua\/wp-content\/uploads\/2020\/10\/12Oct_CDES_2.png\" alt=\"\" width=\"1200\" height=\"1200\" srcset=\"https:\/\/cdes.org.ec\/webantigua\/wp-content\/uploads\/2020\/10\/12Oct_CDES_2-66x66.png 66w, https:\/\/cdes.org.ec\/webantigua\/wp-content\/uploads\/2020\/10\/12Oct_CDES_2-150x150.png 150w, https:\/\/cdes.org.ec\/webantigua\/wp-content\/uploads\/2020\/10\/12Oct_CDES_2-200x200.png 200w, https:\/\/cdes.org.ec\/webantigua\/wp-content\/uploads\/2020\/10\/12Oct_CDES_2-300x300.png 300w, https:\/\/cdes.org.ec\/webantigua\/wp-content\/uploads\/2020\/10\/12Oct_CDES_2-400x400.png 400w, https:\/\/cdes.org.ec\/webantigua\/wp-content\/uploads\/2020\/10\/12Oct_CDES_2-600x600.png 600w, https:\/\/cdes.org.ec\/webantigua\/wp-content\/uploads\/2020\/10\/12Oct_CDES_2-768x768.png 768w, https:\/\/cdes.org.ec\/webantigua\/wp-content\/uploads\/2020\/10\/12Oct_CDES_2-800x800.png 800w, https:\/\/cdes.org.ec\/webantigua\/wp-content\/uploads\/2020\/10\/12Oct_CDES_2-1024x1024.png 1024w, https:\/\/cdes.org.ec\/webantigua\/wp-content\/uploads\/2020\/10\/12Oct_CDES_2.png 1200w\" sizes=\"(max-width: 1200px) 100vw, 1200px\" \/><\/a><\/p>\r\n<p><span class=\"css-901oao css-16my406 r-1qd0xha r-ad9z0x r-bcqeeo r-qvutc0\">El Estado no cumpli\u00f3 con consultas y evaluaciones de las medidas de austeridad <\/span><span class=\"css-901oao css-16my406 r-1qd0xha r-ad9z0x r-bcqeeo r-qvutc0\">para impedir discriminaci\u00f3n de pueblos en situaci\u00f3n hist\u00f3rica de vulnerabilidad, tal como recomend\u00f3 CIDH, el Comit\u00e9 de Derechos Econ\u00f3micos, Sociales y Culturales de Naciones Unidas y otros organismos de Derechos Humanos.<\/span><\/p>\r\n<p><a href=\"https:\/\/cdes.org.ec\/webantigua\/wp-content\/uploads\/2020\/10\/12Oct_CDES_5.png\"><img decoding=\"async\" class=\"aligncenter size-full wp-image-6141\" src=\"https:\/\/cdes.org.ec\/webantigua\/wp-content\/uploads\/2020\/10\/12Oct_CDES_5.png\" alt=\"\" width=\"1200\" height=\"1200\" srcset=\"https:\/\/cdes.org.ec\/webantigua\/wp-content\/uploads\/2020\/10\/12Oct_CDES_5-66x66.png 66w, https:\/\/cdes.org.ec\/webantigua\/wp-content\/uploads\/2020\/10\/12Oct_CDES_5-150x150.png 150w, https:\/\/cdes.org.ec\/webantigua\/wp-content\/uploads\/2020\/10\/12Oct_CDES_5-200x200.png 200w, https:\/\/cdes.org.ec\/webantigua\/wp-content\/uploads\/2020\/10\/12Oct_CDES_5-300x300.png 300w, https:\/\/cdes.org.ec\/webantigua\/wp-content\/uploads\/2020\/10\/12Oct_CDES_5-400x400.png 400w, https:\/\/cdes.org.ec\/webantigua\/wp-content\/uploads\/2020\/10\/12Oct_CDES_5-600x600.png 600w, https:\/\/cdes.org.ec\/webantigua\/wp-content\/uploads\/2020\/10\/12Oct_CDES_5-768x768.png 768w, https:\/\/cdes.org.ec\/webantigua\/wp-content\/uploads\/2020\/10\/12Oct_CDES_5-800x800.png 800w, https:\/\/cdes.org.ec\/webantigua\/wp-content\/uploads\/2020\/10\/12Oct_CDES_5-1024x1024.png 1024w, https:\/\/cdes.org.ec\/webantigua\/wp-content\/uploads\/2020\/10\/12Oct_CDES_5.png 1200w\" sizes=\"(max-width: 1200px) 100vw, 1200px\" \/><\/a><\/p>\r\n<p><span class=\"css-901oao css-16my406 r-1qd0xha r-ad9z0x r-bcqeeo r-qvutc0\">Las medidas de austeridad, acordadas con el FMI, <\/span><span class=\"css-901oao css-16my406 r-1qd0xha r-ad9z0x r-bcqeeo r-qvutc0\">son discriminatorias porque profundizan la desigualdad de oportunidades. La pandemia podr\u00eda desaparecer el empleo adecuado entre los pueblos ind\u00edgenas.<\/span><\/p>\r\n\r\n\r\n\r\n<p><a href=\"https:\/\/cdes.org.ec\/webantigua\/wp-content\/uploads\/2020\/10\/12Oct_CDES_4.png\"><img decoding=\"async\" class=\"aligncenter size-full wp-image-6142\" src=\"https:\/\/cdes.org.ec\/webantigua\/wp-content\/uploads\/2020\/10\/12Oct_CDES_4.png\" alt=\"\" width=\"1200\" height=\"1200\" srcset=\"https:\/\/cdes.org.ec\/webantigua\/wp-content\/uploads\/2020\/10\/12Oct_CDES_4-66x66.png 66w, https:\/\/cdes.org.ec\/webantigua\/wp-content\/uploads\/2020\/10\/12Oct_CDES_4-150x150.png 150w, https:\/\/cdes.org.ec\/webantigua\/wp-content\/uploads\/2020\/10\/12Oct_CDES_4-200x200.png 200w, https:\/\/cdes.org.ec\/webantigua\/wp-content\/uploads\/2020\/10\/12Oct_CDES_4-300x300.png 300w, https:\/\/cdes.org.ec\/webantigua\/wp-content\/uploads\/2020\/10\/12Oct_CDES_4-400x400.png 400w, https:\/\/cdes.org.ec\/webantigua\/wp-content\/uploads\/2020\/10\/12Oct_CDES_4-600x600.png 600w, https:\/\/cdes.org.ec\/webantigua\/wp-content\/uploads\/2020\/10\/12Oct_CDES_4-768x768.png 768w, https:\/\/cdes.org.ec\/webantigua\/wp-content\/uploads\/2020\/10\/12Oct_CDES_4-800x800.png 800w, https:\/\/cdes.org.ec\/webantigua\/wp-content\/uploads\/2020\/10\/12Oct_CDES_4-1024x1024.png 1024w, https:\/\/cdes.org.ec\/webantigua\/wp-content\/uploads\/2020\/10\/12Oct_CDES_4.png 1200w\" sizes=\"(max-width: 1200px) 100vw, 1200px\" \/><\/a><\/p>\r\n<p>El subempleo ind\u00edgena podr\u00eda elevarse hasta el 35% en el contexto de austeridad fiscal y la pandemia.<\/p>\r\n<p><a href=\"https:\/\/cdes.org.ec\/webantigua\/wp-content\/uploads\/2020\/10\/12Oct_CDES_1.png\"><img decoding=\"async\" class=\"aligncenter size-full wp-image-6143\" src=\"https:\/\/cdes.org.ec\/webantigua\/wp-content\/uploads\/2020\/10\/12Oct_CDES_1.png\" alt=\"\" width=\"1200\" height=\"1200\" srcset=\"https:\/\/cdes.org.ec\/webantigua\/wp-content\/uploads\/2020\/10\/12Oct_CDES_1-66x66.png 66w, https:\/\/cdes.org.ec\/webantigua\/wp-content\/uploads\/2020\/10\/12Oct_CDES_1-150x150.png 150w, https:\/\/cdes.org.ec\/webantigua\/wp-content\/uploads\/2020\/10\/12Oct_CDES_1-200x200.png 200w, https:\/\/cdes.org.ec\/webantigua\/wp-content\/uploads\/2020\/10\/12Oct_CDES_1-300x300.png 300w, https:\/\/cdes.org.ec\/webantigua\/wp-content\/uploads\/2020\/10\/12Oct_CDES_1-400x400.png 400w, https:\/\/cdes.org.ec\/webantigua\/wp-content\/uploads\/2020\/10\/12Oct_CDES_1-600x600.png 600w, https:\/\/cdes.org.ec\/webantigua\/wp-content\/uploads\/2020\/10\/12Oct_CDES_1-768x768.png 768w, https:\/\/cdes.org.ec\/webantigua\/wp-content\/uploads\/2020\/10\/12Oct_CDES_1-800x800.png 800w, https:\/\/cdes.org.ec\/webantigua\/wp-content\/uploads\/2020\/10\/12Oct_CDES_1-1024x1024.png 1024w, https:\/\/cdes.org.ec\/webantigua\/wp-content\/uploads\/2020\/10\/12Oct_CDES_1.png 1200w\" sizes=\"(max-width: 1200px) 100vw, 1200px\" \/><\/a><\/p>\r\n<p><span class=\"css-901oao css-16my406 r-1qd0xha r-ad9z0x r-bcqeeo r-qvutc0\">Desempleo ind\u00edgena presentar\u00e1 niveles hist\u00f3ricos por el <\/span><span class=\"r-18u37iz\">Covid 19<\/span><span class=\"css-901oao css-16my406 r-1qd0xha r-ad9z0x r-bcqeeo r-qvutc0\"> y debido a la ausencia de medidas laborales para proteger el trabajo digno.<\/span><\/p>\r\n<p>Comparte estas im\u00e1genes para visibilizar la situaci\u00f3n de los derechos econ\u00f3micos y sociales de los pueblos ind\u00edgenas:<\/p>\r\n<ul>\r\n<li>Desde aqu\u00ed <a href=\"https:\/\/www.facebook.com\/403513473008192\/posts\/5108512582508234\/?extid=0&amp;d=n\">comparte en Facebook<\/a>.\u00a0<\/li>\r\n<li>Desde aqu\u00ed <a href=\"https:\/\/twitter.com\/CdesEcuador\/status\/1315674229422129152\">comparte en Twitter<\/a>.<\/li>\r\n<\/ul>\r\n<p>\u00a0<\/p>\r\n<p>\u00a0<\/p>\r\n    \t","protected":false},"excerpt":{"rendered":"<p>La austeridad fiscal del FMI y la pandemia profundizar\u00e1n las [&hellip;]<\/p>\n","protected":false},"author":1,"featured_media":6146,"comment_status":"open","ping_status":"open","sticky":false,"template":"","format":"standard","meta":{"_siteseo_robots_primary_cat":"","_joinchat":[],"footnotes":""},"categories":[46,16],"tags":[50],"class_list":["post-6137","post","type-post","status-publish","format-standard","has-post-thumbnail","hentry","category-deuda","category-mujeres-indigenas","tag-covid-19"],"_links":{"self":[{"href":"https:\/\/cdes.org.ec\/webantigua\/wp-json\/wp\/v2\/posts\/6137","targetHints":{"allow":["GET"]}}],"collection":[{"href":"https:\/\/cdes.org.ec\/webantigua\/wp-json\/wp\/v2\/posts"}],"about":[{"href":"https:\/\/cdes.org.ec\/webantigua\/wp-json\/wp\/v2\/types\/post"}],"author":[{"embeddable":true,"href":"https:\/\/cdes.org.ec\/webantigua\/wp-json\/wp\/v2\/users\/1"}],"replies":[{"embeddable":true,"href":"https:\/\/cdes.org.ec\/webantigua\/wp-json\/wp\/v2\/comments?post=6137"}],"version-history":[{"count":1,"href":"https:\/\/cdes.org.ec\/webantigua\/wp-json\/wp\/v2\/posts\/6137\/revisions"}],"predecessor-version":[{"id":6903,"href":"https:\/\/cdes.org.ec\/webantigua\/wp-json\/wp\/v2\/posts\/6137\/revisions\/6903"}],"wp:featuredmedia":[{"embeddable":true,"href":"https:\/\/cdes.org.ec\/webantigua\/wp-json\/wp\/v2\/media\/6146"}],"wp:attachment":[{"href":"https:\/\/cdes.org.ec\/webantigua\/wp-json\/wp\/v2\/media?parent=6137"}],"wp:term":[{"taxonomy":"category","embeddable":true,"href":"https:\/\/cdes.org.ec\/webantigua\/wp-json\/wp\/v2\/categories?post=6137"},{"taxonomy":"post_tag","embeddable":true,"href":"https:\/\/cdes.org.ec\/webantigua\/wp-json\/wp\/v2\/tags?post=6137"}],"curies":[{"name":"wp","href":"https:\/\/api.w.org\/{rel}","templated":true}]}}