{"id":6149,"date":"2020-10-13T14:59:44","date_gmt":"2020-10-13T19:59:44","guid":{"rendered":"https:\/\/cdes.org.ec\/webantigua\/?p=6149"},"modified":"2020-10-13T14:59:44","modified_gmt":"2020-10-13T19:59:44","slug":"por-que-la-poblacion-indigena-tiene-mayor-probabilidad-de-ser-pobre","status":"publish","type":"post","link":"https:\/\/cdes.org.ec\/webantigua\/por-que-la-poblacion-indigena-tiene-mayor-probabilidad-de-ser-pobre\/","title":{"rendered":"\u00bfPor qu\u00e9 la poblaci\u00f3n ind\u00edgena tiene mayor probabilidad de ser pobre?"},"content":{"rendered":"\n<p>La poblaci\u00f3n ind\u00edgena presenta tasas de pobreza que son en promedio dos veces m\u00e1s altas que para el resto de latinoamericanos. Esto probablemente no sea una sorpresa para los lectores de este blog. M\u00e1s interesantes, sin embargo, son los recientes hallazgos de investigaciones sobre este tema.<br \/><br \/>Primero, hasta hace poco no cont\u00e1bamos con evidencia cuantitativa tan robusta sobre la brecha en tasas de pobreza como la presentada en el reciente informe del Banco Mundial \u201c<a href=\"http:\/\/documentos.bancomundial.org\/curated\/es\/2016\/02\/24863854\/indigenous-latin-america-twenty-first-century-first-decade\" rel=\"nofollow\"><em>Latinoam\u00e9rica Ind\u00edgena en el Siglo XXI<\/em><\/a>\u201d. De hecho, no todos los pa\u00edses de la regi\u00f3n cuentan con informaci\u00f3n de pobreza clasificada por etnicidad y, menos a\u00fan, con los\u00a0<a href=\"http:\/\/www.bancomundial.org\/es\/topic\/poverty\/lac-equity-lab1\/ethnicity\" rel=\"nofollow\">microdatos<\/a>\u00a0necesarios para entender los escollos que la poblaci\u00f3n ind\u00edgena enfrenta en el camino para salir de la condici\u00f3n de pobreza.<br \/><br \/>Segundo, la diferencia entre las tasas de pobreza de los ind\u00edgenas y el resto de la poblaci\u00f3n no se est\u00e1 reduciendo. En algunos pa\u00edses la brecha se mantiene invariable, mientras que en otros viene creciendo. \u00bfPor qu\u00e9 la poblaci\u00f3n ind\u00edgena se beneficia menos del crecimiento econ\u00f3mico y tiene mayor probabilidad de ser pobre? Una forma de responder a esta pregunta es analizar cu\u00e1nto de la brecha entre las tasas de pobreza de los ind\u00edgenas y el resto de la poblaci\u00f3n puede ser explicada por factores como que los ind\u00edgenas tienen una mayor tendencia a vivir en \u00e1reas rurales, tienen menores niveles educativos, etc. Los resultados de dicho an\u00e1lisis me llevan a mi \u00faltimo punto, ilustrado en el gr\u00e1fico a continuaci\u00f3n:<\/p>\n<p><a href=\"https:\/\/cdes.org.ec\/webantigua\/wp-content\/uploads\/2020\/10\/Captura-de-Pantalla-2020-10-13-a-las-14.53.42.png\"><img decoding=\"async\" class=\"aligncenter size-full wp-image-6150\" src=\"https:\/\/cdes.org.ec\/webantigua\/wp-content\/uploads\/2020\/10\/Captura-de-Pantalla-2020-10-13-a-las-14.53.42.png\" alt=\"\" width=\"1480\" height=\"870\" srcset=\"https:\/\/cdes.org.ec\/webantigua\/wp-content\/uploads\/2020\/10\/Captura-de-Pantalla-2020-10-13-a-las-14.53.42-200x118.png 200w, https:\/\/cdes.org.ec\/webantigua\/wp-content\/uploads\/2020\/10\/Captura-de-Pantalla-2020-10-13-a-las-14.53.42-300x176.png 300w, https:\/\/cdes.org.ec\/webantigua\/wp-content\/uploads\/2020\/10\/Captura-de-Pantalla-2020-10-13-a-las-14.53.42-400x235.png 400w, https:\/\/cdes.org.ec\/webantigua\/wp-content\/uploads\/2020\/10\/Captura-de-Pantalla-2020-10-13-a-las-14.53.42-600x353.png 600w, https:\/\/cdes.org.ec\/webantigua\/wp-content\/uploads\/2020\/10\/Captura-de-Pantalla-2020-10-13-a-las-14.53.42-768x451.png 768w, https:\/\/cdes.org.ec\/webantigua\/wp-content\/uploads\/2020\/10\/Captura-de-Pantalla-2020-10-13-a-las-14.53.42-800x470.png 800w, https:\/\/cdes.org.ec\/webantigua\/wp-content\/uploads\/2020\/10\/Captura-de-Pantalla-2020-10-13-a-las-14.53.42-1024x602.png 1024w, https:\/\/cdes.org.ec\/webantigua\/wp-content\/uploads\/2020\/10\/Captura-de-Pantalla-2020-10-13-a-las-14.53.42-1200x705.png 1200w, https:\/\/cdes.org.ec\/webantigua\/wp-content\/uploads\/2020\/10\/Captura-de-Pantalla-2020-10-13-a-las-14.53.42.png 1480w\" sizes=\"(max-width: 1480px) 100vw, 1480px\" \/><\/a><\/p>\n<p>Tercero, a\u00fan despu\u00e9s de tomar en consideraci\u00f3n las diferencias demogr\u00e1ficas y econ\u00f3micas entre los ind\u00edgenas y el resto de la poblaci\u00f3n \u2013por ejemplo, la probabilidad de vivir en \u00e1reas rurales y el nivel educativo- los ind\u00edgenas mantienen una mayor probabilidad de ser pobres. Cuando damos una mirada m\u00e1s profunda a los cinco pa\u00edses para los cu\u00e1les contamos con informaci\u00f3n detallada (Bolivia, Ecuador, Guatemala, M\u00e9xico y Per\u00fa) y realizamos el an\u00e1lisis arriba descrito, encontramos algo interesante.<br \/><br \/>Solo cerca de la mitad de la brecha en tasas de pobreza entre los ind\u00edgenas y el resto de la poblaci\u00f3n puede ser atribuida a diferencias en caracter\u00edsticas como el nivel de educaci\u00f3n del jefe de hogar, el sector de empleo, si la persona habita en el \u00e1rea urbana o rural,\u00a0 o el n\u00famero de dependientes de la familia. Esto deja una importante porci\u00f3n de la diferencia sin explicar. \u00bfC\u00f3mo puede ser esto posible? Una causa es que incluso si un ind\u00edgena alcanza determinado nivel de educaci\u00f3n, sus ingresos tienden a ser menores a aquellos obtenidos por una persona no ind\u00edgena con similar nivel educativo. Estos resultados sugieren que la poblaci\u00f3n ind\u00edgena enfrenta desaf\u00edos particulares para beneficiarse del crecimiento y salir de la pobreza.<\/p>\n<p>Oscar Calvo Gonzales<\/p>\n<p>Fuente: <a href=\"https:\/\/blogs.worldbank.org\/es\/opendata\/por-qu-la-poblaci-n-ind-gena-tiene-mayor-probabilidad-de-ser-pobre\">Banco Mundial<\/a><\/p>\n    \t","protected":false},"excerpt":{"rendered":"","protected":false},"author":1,"featured_media":6150,"comment_status":"open","ping_status":"open","sticky":false,"template":"","format":"standard","meta":{"_siteseo_robots_primary_cat":"","_joinchat":[],"footnotes":""},"categories":[8],"tags":[],"class_list":["post-6149","post","type-post","status-publish","format-standard","has-post-thumbnail","hentry","category-tnc"],"_links":{"self":[{"href":"https:\/\/cdes.org.ec\/webantigua\/wp-json\/wp\/v2\/posts\/6149","targetHints":{"allow":["GET"]}}],"collection":[{"href":"https:\/\/cdes.org.ec\/webantigua\/wp-json\/wp\/v2\/posts"}],"about":[{"href":"https:\/\/cdes.org.ec\/webantigua\/wp-json\/wp\/v2\/types\/post"}],"author":[{"embeddable":true,"href":"https:\/\/cdes.org.ec\/webantigua\/wp-json\/wp\/v2\/users\/1"}],"replies":[{"embeddable":true,"href":"https:\/\/cdes.org.ec\/webantigua\/wp-json\/wp\/v2\/comments?post=6149"}],"version-history":[{"count":0,"href":"https:\/\/cdes.org.ec\/webantigua\/wp-json\/wp\/v2\/posts\/6149\/revisions"}],"wp:featuredmedia":[{"embeddable":true,"href":"https:\/\/cdes.org.ec\/webantigua\/wp-json\/wp\/v2\/media\/6150"}],"wp:attachment":[{"href":"https:\/\/cdes.org.ec\/webantigua\/wp-json\/wp\/v2\/media?parent=6149"}],"wp:term":[{"taxonomy":"category","embeddable":true,"href":"https:\/\/cdes.org.ec\/webantigua\/wp-json\/wp\/v2\/categories?post=6149"},{"taxonomy":"post_tag","embeddable":true,"href":"https:\/\/cdes.org.ec\/webantigua\/wp-json\/wp\/v2\/tags?post=6149"}],"curies":[{"name":"wp","href":"https:\/\/api.w.org\/{rel}","templated":true}]}}