{"id":6186,"date":"2020-10-26T11:16:02","date_gmt":"2020-10-26T11:16:02","guid":{"rendered":"https:\/\/cdes.org.ec\/webantigua\/?p=6186"},"modified":"2021-03-30T14:19:42","modified_gmt":"2021-03-30T14:19:42","slug":"quien-es-dolores-cacuango-la-lider-ecuatoriana-a-la-que-google-le-dedica-su-doodle","status":"publish","type":"post","link":"https:\/\/cdes.org.ec\/webantigua\/quien-es-dolores-cacuango-la-lider-ecuatoriana-a-la-que-google-le-dedica-su-doodle\/","title":{"rendered":"Qui\u00e9n es Dolores Cacuango, la l\u00edder ecuatoriana a la que Google le dedica su doodle"},"content":{"rendered":"\r\n<div class=\"GridItemConstrainedMedium-sc-12lwanc-2 fVauYi\">\r\n<p class=\"Paragraph-k859h4-0 gvYoJ\"><b>Este 26 de octubre, Dolores Cacuango cumplir\u00eda 139 a\u00f1os. Y por esa raz\u00f3n Google decidi\u00f3 homenajear a esta activista ecuatoriana con uno de sus tradicionales doodles.<\/b><\/p>\r\n<\/div>\r\n<div class=\"GridItemConstrainedMedium-sc-12lwanc-2 fVauYi\">\r\n<p class=\"Paragraph-k859h4-0 gvYoJ\">El dibujo que el buscador exhibe en su portada muestra a una mujer ind\u00edgena rodeada de los picos nevados de los Andes y una l\u00ednea de casas, que posiblemente represente el centro de su lucha: la comunidad de Cayambe, ubicada en el norte de Ecuador.<\/p>\r\n<\/div>\r\n<div class=\"GridItemConstrainedMedium-sc-12lwanc-2 fVauYi\">\r\n<p class=\"Paragraph-k859h4-0 gvYoJ\">M\u00e1s all\u00e1 de los dibujos y los s\u00edmbolos, la historia se\u00f1ala a Cacuango como una de las pioneras en la lucha por los derechos humanos en Ecuador, adem\u00e1s de una de los art\u00edfices de la influyente Federaci\u00f3n Ecuatoriana de Indios afiliada al Partido Comunista Ecuatoriano.<\/p>\r\n<\/div>\r\n<div class=\"GridItemConstrainedMedium-sc-12lwanc-2 fVauYi\">\r\n<p class=\"Paragraph-k859h4-0 gvYoJ\">Pero tal vez uno de sus mayores m\u00e9ritos es haber instalado en su regi\u00f3n -y despu\u00e9s en Ecuador-\u00a0<b>las primeras escuelas biling\u00fces que ense\u00f1aron tanto en espa\u00f1ol como en qu<\/b><b>e<\/b><b>chua.<\/b><\/p>\r\n<\/div>\r\n<div class=\"GridItemConstrainedMedium-sc-12lwanc-2 fVauYi\">\r\n<p class=\"Paragraph-k859h4-0 gvYoJ\">Pero, \u00bfqui\u00e9n era Dolores Cacuango, tambi\u00e9n conocida como Mam\u00e1 Dulu?<\/p>\r\n<\/div>\r\n<div class=\"GridItemConstrainedMediumNoMargin-sc-12lwanc-3 ijtfss\">\r\n<div class=\"RecommendationsWrapper-sc-1p91yk0-0 fwOZeG\">\r\n<section class=\"StyledConstrainedLargeGrid-opyob2-0 dBGUrB\" role=\"region\" data-e2e=\"recommendations-heading\" aria-labelledby=\"recommendations-heading\">\r\n<div class=\"Wrapper-sc-1raf5kj-0 hgWAOX\"><span id=\"recommendations-heading\" class=\"Title-wx5kdp-4 ieYqXc\" dir=\"ltr\"><\/span><img decoding=\"async\" class=\"StyledImg-sc-7vx2mr-0 dQLeqZ\" src=\"https:\/\/ichef.bbci.co.uk\/news\/640\/cpsprodpb\/F95D\/production\/_115073836_biografa-7.jpg\" srcset=\"https:\/\/ichef.bbci.co.uk\/news\/240\/cpsprodpb\/F95D\/production\/_115073836_biografa-7.jpg 240w, https:\/\/ichef.bbci.co.uk\/news\/320\/cpsprodpb\/F95D\/production\/_115073836_biografa-7.jpg 320w, https:\/\/ichef.bbci.co.uk\/news\/480\/cpsprodpb\/F95D\/production\/_115073836_biografa-7.jpg 480w, https:\/\/ichef.bbci.co.uk\/news\/624\/cpsprodpb\/F95D\/production\/_115073836_biografa-7.jpg 624w, https:\/\/ichef.bbci.co.uk\/news\/675\/cpsprodpb\/F95D\/production\/_115073836_biografa-7.jpg 675w\" alt=\"Mama Dulu\" width=\"675\" \/><\/div>\r\n<\/section>\r\n<\/div>\r\n<\/div>\r\n<div class=\"GridItemConstrainedLargeNoMargin-sc-12lwanc-5 tOkbK\">\r\n<figure class=\"Figure-sc-6a3dhy-0 gJUCFc\">\r\n<div class=\"NestedGridParentLarge-sc-12lwanc-10 hfLVVX\">\r\n<div class=\"NestedGridParentLarge-sc-12lwanc-10 hfLVVX\">\r\n<div class=\"NestedGridItemChildLarge-sc-12lwanc-9 fkKpIa\">\r\n<div class=\"ImagePlaceholder-sc-11u25v2-0 _StyledImagePlaceholder-gu1fm2-0 drvGT\">\r\n<p class=\"Copyright-sc-11lgtw-0 hDvIfz\" role=\"text\"><span class=\"VisuallyHiddenText-sc-1yjwwa5-0 ldFJPH\">FUENTE DE LA IMAGEN,<\/span><span lang=\"en-GB\">GETTY IMAGES. <\/span><span class=\"VisuallyHiddenText-sc-1yjwwa5-0 ldFJPH\">Pie de foto, <\/span><span style=\"font-size: inherit;\">Dolores Cacuango era conocida como Mam\u00e1 Dulu.<\/span><\/p>\r\n<\/div>\r\n<\/div>\r\n<\/div>\r\n<\/div>\r\n<\/figure>\r\n<\/div>\r\n<div class=\"GridItemConstrainedMedium-sc-12lwanc-2 fVauYi\">\r\n<h2 id=\"Activista-de-coraz\u00f3n\" class=\"SubHeading-sc-1kh1qhu-1 nSlOl\" tabindex=\"-1\">Militante<\/h2>\r\n<\/div>\r\n<div class=\"GridItemConstrainedMedium-sc-12lwanc-2 fVauYi\">\r\n<p class=\"Paragraph-k859h4-0 gvYoJ\">Cacuango naci\u00f3 el 26 de octubre de 1881 en un terreno ubicado en San Pablo Urcu, cerca de Cayambe, en la provincia de Pichincha, en el norte de Ecuador.<\/p>\r\n<\/div>\r\n<div class=\"GridItemConstrainedMedium-sc-12lwanc-2 fVauYi\">\r\n<p class=\"Paragraph-k859h4-0 gvYoJ\">Sin embargo, como muchas de las mujeres ind\u00edgenas del pa\u00eds, a los 15 a\u00f1os tuvo que emigrar hacia la capital para buscarse el sustento. All\u00ed, trabaj\u00f3 en varias casas como empleada dom\u00e9stica.<\/p>\r\n<\/div>\r\n<div class=\"GridItemConstrainedMedium-sc-12lwanc-2 fVauYi\">\r\n<div class=\"Wrapper-e2169q-0 kopXQT\">\r\n<p>Nunca aprendi\u00f3 a leer y a escribir, aunque s\u00ed aprendi\u00f3 el espa\u00f1ol en sus trabajos. Y tambi\u00e9n, como lo se\u00f1alan varios relatos sobre su vida, fue all\u00ed donde comprendi\u00f3 la importancia de aprender este idioma para luchar por el bienestar de las comunidades ind\u00edgenas del pa\u00eds.<\/p>\r\n<\/div>\r\n<\/div>\r\n<div class=\"GridItemConstrainedMedium-sc-12lwanc-2 fVauYi\">\r\n<p class=\"Paragraph-k859h4-0 gvYoJ\"><b>Conoci\u00f3 por propia experiencia la discriminaci\u00f3n<\/b>\u00a0y el racismo reinante en Quito por esos a\u00f1os, especialmente contra los ind\u00edgenas. Pero tambi\u00e9n comprendi\u00f3, gracias a otro pionero del activismo ind\u00edgena, Juan Albamocho, que hab\u00eda leyes que proteg\u00edan a los suyos, y comenz\u00f3 a germinar su lucha.<\/p>\r\n<\/div>\r\n<div class=\"GridItemConstrainedMedium-sc-12lwanc-2 fVauYi\">\r\n<p class=\"Paragraph-k859h4-0 gvYoJ\"><b>A los pocos a\u00f1os decidi\u00f3 regresar a Cayambe.<\/b><\/p>\r\n<\/div>\r\n<div class=\"GridItemConstrainedLargeNoMargin-sc-12lwanc-5 tOkbK\">\r\n<figure class=\"Figure-sc-6a3dhy-0 gJUCFc\">\r\n<div class=\"NestedGridParentLarge-sc-12lwanc-10 hfLVVX\">\r\n<div class=\"NestedGridParentLarge-sc-12lwanc-10 hfLVVX\">\r\n<div class=\"NestedGridItemChildLarge-sc-12lwanc-9 fkKpIa\">\r\n<div class=\"ImagePlaceholder-sc-11u25v2-0 _StyledImagePlaceholder-gu1fm2-0 dWHIXb\">\r\n<div class=\"lazyload-wrapper\"><img decoding=\"async\" class=\"StyledImg-sc-7vx2mr-0 dQLeqZ\" src=\"https:\/\/ichef.bbci.co.uk\/news\/640\/cpsprodpb\/12E5\/production\/_115073840_gettyimages-1281731558.jpg\" srcset=\"https:\/\/ichef.bbci.co.uk\/news\/240\/cpsprodpb\/12E5\/production\/_115073840_gettyimages-1281731558.jpg 240w, https:\/\/ichef.bbci.co.uk\/news\/320\/cpsprodpb\/12E5\/production\/_115073840_gettyimages-1281731558.jpg 320w, https:\/\/ichef.bbci.co.uk\/news\/480\/cpsprodpb\/12E5\/production\/_115073840_gettyimages-1281731558.jpg 480w, https:\/\/ichef.bbci.co.uk\/news\/624\/cpsprodpb\/12E5\/production\/_115073840_gettyimages-1281731558.jpg 624w, https:\/\/ichef.bbci.co.uk\/news\/800\/cpsprodpb\/12E5\/production\/_115073840_gettyimages-1281731558.jpg 800w\" alt=\"Ecuador.\" width=\"976\" \/><\/div>\r\n<p class=\"Copyright-sc-11lgtw-0 hDvIfz\" role=\"text\"><span class=\"VisuallyHiddenText-sc-1yjwwa5-0 ldFJPH\">FUENTE DE LA IMAGEN,<\/span><span lang=\"en-GB\">GETTY IMAGES. <\/span><span class=\"VisuallyHiddenText-sc-1yjwwa5-0 ldFJPH\">Pie de foto, <\/span><span style=\"font-size: inherit;\">La lucha de Cacuango fue fundamental para la reivindicaci\u00f3n de los derechos ind\u00edgenas en Ecuador.<\/span><\/p>\r\n<\/div>\r\n<\/div>\r\n<\/div>\r\n<\/div>\r\n<\/figure>\r\n<\/div>\r\n<div class=\"GridItemConstrainedMedium-sc-12lwanc-2 fVauYi\">\r\n<p class=\"Paragraph-k859h4-0 gvYoJ\">All\u00ed se cas\u00f3 y tuvo nueve hijos, de los cuales solo sobrevivi\u00f3 uno. Los otros murieron por enfermedades asociadas por pobreza y la falta de atenci\u00f3n de salud.<\/p>\r\n<\/div>\r\n<div class=\"GridItemConstrainedMedium-sc-12lwanc-2 fVauYi\">\r\n<p class=\"Paragraph-k859h4-0 gvYoJ\">En medio de esta situaci\u00f3n, los abusos de los terratenientes en su regi\u00f3n desataron finalmente su activismo, que tuvo su primer punto culminante en 1931.<\/p>\r\n<\/div>\r\n<div class=\"GridItemConstrainedMedium-sc-12lwanc-2 fVauYi\">\r\n<p class=\"Paragraph-k859h4-0 gvYoJ\">Mam\u00e1 Dulu,\u00a0<b>Tr\u00e1nsito Amagua\u00f1a y otras activistas mujeres hicieron parte de lo que se conoci\u00f3 como la huelga agr\u00edcola en la localidad de Olmedo.<\/b><\/p>\r\n<\/div>\r\n<div class=\"GridItemConstrainedMedium-sc-12lwanc-2 fVauYi\">\r\n<h2 id=\"La-escuela\" class=\"SubHeading-sc-1kh1qhu-1 nSlOl\" tabindex=\"-1\">La escuela<\/h2>\r\n<\/div>\r\n<div class=\"GridItemConstrainedMedium-sc-12lwanc-2 fVauYi\">\r\n<p class=\"Paragraph-k859h4-0 gvYoJ\">A pesar de las fuertes represalias -por ejemplo, Amagua\u00f1a debi\u00f3 permanecer en la clandestinidad por m\u00e1s de 15 a\u00f1os- aquella huelga fue el detonante de un movimiento social ind\u00edgena que termin\u00f3 con la formaci\u00f3n de los primeros sindicatos ind\u00edgenas del pa\u00eds.<\/p>\r\n<\/div>\r\n<div class=\"GridItemConstrainedMedium-sc-12lwanc-2 fVauYi\">\r\n<p class=\"Paragraph-k859h4-0 gvYoJ\">Pero tal vez su mayor aporte fue cuando,\u00a0<b>en 1944, fund\u00f3 la primera escuela biling\u00fce de espa\u00f1ol y qu<\/b><b>e<\/b><b>chua, sin la aprobaci\u00f3n del gobierno ecuatoriano.<\/b><\/p>\r\n<\/div>\r\n<div class=\"GridItemConstrainedLargeNoMargin-sc-12lwanc-5 tOkbK\">\r\n<figure class=\"Figure-sc-6a3dhy-0 gJUCFc\">\r\n<div class=\"NestedGridParentLarge-sc-12lwanc-10 hfLVVX\">\r\n<div class=\"NestedGridParentLarge-sc-12lwanc-10 hfLVVX\">\r\n<div class=\"NestedGridItemChildLarge-sc-12lwanc-9 fkKpIa\">\r\n<div class=\"ImagePlaceholder-sc-11u25v2-0 _StyledImagePlaceholder-gu1fm2-0 dWHIXb\">\r\n<div class=\"lazyload-wrapper\"><img decoding=\"async\" class=\"StyledImg-sc-7vx2mr-0 dQLeqZ\" src=\"https:\/\/ichef.bbci.co.uk\/news\/640\/cpsprodpb\/A3D1\/production\/_115073914_gettyimages-1176552629.jpg\" srcset=\"https:\/\/ichef.bbci.co.uk\/news\/240\/cpsprodpb\/A3D1\/production\/_115073914_gettyimages-1176552629.jpg 240w, https:\/\/ichef.bbci.co.uk\/news\/320\/cpsprodpb\/A3D1\/production\/_115073914_gettyimages-1176552629.jpg 320w, https:\/\/ichef.bbci.co.uk\/news\/480\/cpsprodpb\/A3D1\/production\/_115073914_gettyimages-1176552629.jpg 480w, https:\/\/ichef.bbci.co.uk\/news\/624\/cpsprodpb\/A3D1\/production\/_115073914_gettyimages-1176552629.jpg 624w, https:\/\/ichef.bbci.co.uk\/news\/800\/cpsprodpb\/A3D1\/production\/_115073914_gettyimages-1176552629.jpg 800w\" alt=\"Mujer en Cayambe\" width=\"976\" \/><\/div>\r\n<p class=\"Copyright-sc-11lgtw-0 hDvIfz\" role=\"text\"><span class=\"VisuallyHiddenText-sc-1yjwwa5-0 ldFJPH\">FUENTE DE LA IMAGEN,<\/span><span lang=\"en-GB\">GETTY IMAGES. <\/span><span class=\"VisuallyHiddenText-sc-1yjwwa5-0 ldFJPH\">Pie de foto, <\/span><span style=\"font-size: inherit;\">Cayambe est\u00e1 ubicado en el norte de Ecuador.<\/span><\/p>\r\n<\/div>\r\n<\/div>\r\n<\/div>\r\n<\/div>\r\n<\/figure>\r\n<\/div>\r\n<div class=\"GridItemConstrainedMedium-sc-12lwanc-2 fVauYi\">\r\n<p class=\"Paragraph-k859h4-0 gvYoJ\">\u00abSiempre comprend\u00ed el valor de la escuela. Por eso mand\u00e9 a mis hijos a la escuela m\u00e1s cercana, para que aprendan la letra\u00bb, dijo Cacuango en alguna ocasi\u00f3n.<\/p>\r\n<\/div>\r\n<div class=\"GridItemConstrainedMedium-sc-12lwanc-2 fVauYi\">\r\n<p class=\"Paragraph-k859h4-0 gvYoJ\">Para la acad\u00e9mica colombiana Mar\u00eda Isabel Gonz\u00e1lez, el m\u00e9todo de estas escuelas clandestinas fue pionero en muchos aspectos.<\/p>\r\n<\/div>\r\n<div class=\"GridItemConstrainedMedium-sc-12lwanc-2 fVauYi\">\r\n<p class=\"Paragraph-k859h4-0 gvYoJ\">\u00ab<b>Las escuelas de Dolores Cacuango se basaron en criterios que reconoc\u00edan culturalmente el saber de sus comunidades<\/b>, criterios que en su momento eran desconocidos\u00bb, se\u00f1ala Gonz\u00e1lez en su texto \u00abLas escuelas clandestinas en Ecuador\u00bb.<\/p>\r\n<\/div>\r\n<div class=\"GridItemConstrainedMedium-sc-12lwanc-2 fVauYi\">\r\n<p class=\"Paragraph-k859h4-0 gvYoJ\">\u00abPese a la negaci\u00f3n de la cultura y del saber ancestral durante varios siglos, los criterios de las &#8216;escuelas clandestinas&#8217; fueron retomados como ejemplo para dise\u00f1ar la educaci\u00f3n intercultural biling\u00fce del Ecuador en 1988\u00bb, agrega.<\/p>\r\n<\/div>\r\n<div class=\"GridItemConstrainedMedium-sc-12lwanc-2 fVauYi\">\r\n<p class=\"Paragraph-k859h4-0 gvYoJ\">Aunque march\u00f3 varias veces a Quito para manifestarse ante las acciones del gobierno en contra de sus comunidades, vivi\u00f3 el resto de su vida en Cayambe.<\/p>\r\n<\/div>\r\n<div class=\"GridItemConstrainedMedium-sc-12lwanc-2 fVauYi\">\r\n<p class=\"Paragraph-k859h4-0 gvYoJ\">El 23 de abril de 1971, despu\u00e9s de d\u00e9cadas de lucha, muri\u00f3 a los 89 a\u00f1os.<\/p>\r\n<p>Fuente: Redacci\u00f3n BBC News<\/p>\r\n<\/div>\r\n   \t","protected":false},"excerpt":{"rendered":"<p>Este 26 de octubre, Dolores Cacuango cumplir\u00eda 139 a\u00f1os. Y [&hellip;]<\/p>\n","protected":false},"author":1,"featured_media":6187,"comment_status":"open","ping_status":"open","sticky":false,"template":"","format":"standard","meta":{"_siteseo_robots_primary_cat":"","_joinchat":[],"footnotes":""},"categories":[16],"tags":[],"class_list":["post-6186","post","type-post","status-publish","format-standard","has-post-thumbnail","hentry","category-mujeres-indigenas"],"_links":{"self":[{"href":"https:\/\/cdes.org.ec\/webantigua\/wp-json\/wp\/v2\/posts\/6186","targetHints":{"allow":["GET"]}}],"collection":[{"href":"https:\/\/cdes.org.ec\/webantigua\/wp-json\/wp\/v2\/posts"}],"about":[{"href":"https:\/\/cdes.org.ec\/webantigua\/wp-json\/wp\/v2\/types\/post"}],"author":[{"embeddable":true,"href":"https:\/\/cdes.org.ec\/webantigua\/wp-json\/wp\/v2\/users\/1"}],"replies":[{"embeddable":true,"href":"https:\/\/cdes.org.ec\/webantigua\/wp-json\/wp\/v2\/comments?post=6186"}],"version-history":[{"count":1,"href":"https:\/\/cdes.org.ec\/webantigua\/wp-json\/wp\/v2\/posts\/6186\/revisions"}],"predecessor-version":[{"id":6902,"href":"https:\/\/cdes.org.ec\/webantigua\/wp-json\/wp\/v2\/posts\/6186\/revisions\/6902"}],"wp:featuredmedia":[{"embeddable":true,"href":"https:\/\/cdes.org.ec\/webantigua\/wp-json\/wp\/v2\/media\/6187"}],"wp:attachment":[{"href":"https:\/\/cdes.org.ec\/webantigua\/wp-json\/wp\/v2\/media?parent=6186"}],"wp:term":[{"taxonomy":"category","embeddable":true,"href":"https:\/\/cdes.org.ec\/webantigua\/wp-json\/wp\/v2\/categories?post=6186"},{"taxonomy":"post_tag","embeddable":true,"href":"https:\/\/cdes.org.ec\/webantigua\/wp-json\/wp\/v2\/tags?post=6186"}],"curies":[{"name":"wp","href":"https:\/\/api.w.org\/{rel}","templated":true}]}}