{"id":6233,"date":"2020-11-19T11:46:52","date_gmt":"2020-11-19T11:46:52","guid":{"rendered":"https:\/\/cdes.org.ec\/webantigua\/?p=6233"},"modified":"2021-06-04T17:56:48","modified_gmt":"2021-06-04T17:56:48","slug":"ecuador-covid-19-y-deuda","status":"publish","type":"post","link":"https:\/\/cdes.org.ec\/webantigua\/ecuador-covid-19-y-deuda\/","title":{"rendered":"Ecuador, Covid-19 y deuda"},"content":{"rendered":"\r\n<p style=\"text-align: right;\"><em><span style=\"font-weight: 300;\">Por Pablo Jos\u00e9 Iturralde. \u00a0 <\/span><\/em><i><span style=\"font-weight: 300;\">Versi\u00f3n en <\/span><\/i><a href=\"https:\/\/www.eurodad.org\/ecuador_covid19_and_debt\"><em><span style=\"font-weight: 300;\">ingl\u00e9s <\/span>Ecuador, Covid-19 and Debt<\/em><\/a><\/p>\r\n<p><span style=\"font-weight: 300;\">Ecuador est\u00e1 atravesando una crisis sanitaria y humanitaria como resultado del Covid-19. Im\u00e1genes de <\/span><a href=\"https:\/\/www.nytimes.com\/2020\/04\/23\/world\/americas\/ecuador-deaths-coronavirus.html\"><span style=\"font-weight: 300;\">hospitales abarrotados<\/span><\/a><span style=\"font-weight: 300;\">, <\/span><a href=\"https:\/\/www.wsj.com\/articles\/ecuador-city-beat-one-of-worlds-worst-outbreaks-of-covid-19-11593532974\"><span style=\"font-weight: 300;\">cad\u00e1veres en las calles<\/span><\/a><span style=\"font-weight: 300;\"> y <\/span><a href=\"https:\/\/theconversation.com\/overloaded-morgues-mass-graves-and-infectious-remains-how-forensic-pathologists-handle-the-coronavirus-dead-135275\"><span style=\"font-weight: 300;\">fosas comunes<\/span><\/a><span style=\"font-weight: 300;\"> en el pa\u00eds se extendieron por todo el mundo. Estos son solo una peque\u00f1a muestra de los problemas que enfrenta Ecuador para proteger los derechos y la vida de sus ciudadanos.<\/span><\/p>\r\n<p><b>Las consecuencias sociales y de salud p\u00fablica de la pandemia<\/b><\/p>\r\n<p><span style=\"font-weight: 300;\">Ecuador, pa\u00eds con una poblaci\u00f3n de 17 millones de habitantes, <\/span><a href=\"https:\/\/news.google.com\/covid19\/map?hl=en-US&amp;mid=%2Fm%2F02k1b&amp;gl=US&amp;ceid=US%3Aen\"><span style=\"font-weight: 300;\">reporta<\/span><\/a><span style=\"font-weight: 300;\"> un total de 180,676\u00a0 casos y 13,016 muertes causadas por Covid-19 a Noviembre de 2020. Es probable que la cifra oficial subestime el impacto real de la pandemia en el pa\u00eds. Una comparaci\u00f3n de la evoluci\u00f3n de las personas fallecidas entre 2019 y 2020, muestra que el exceso de fallecidos alcanz\u00f3 <\/span><a href=\"https:\/\/www.covid19ecuador.org\/fallecidos\"><span style=\"font-weight: 300;\">38,788<\/span><\/a><span style=\"font-weight: 300;\"> en el contexto de Covid-19. Esta cifra coloca a Ecuador como el pa\u00eds con la <\/span><a href=\"https:\/\/www.covid19ecuador.org\/post\/nos-cuida-el-estado\"><span style=\"font-weight: 300;\">tasa de exceso de fallecidos<\/span><\/a><span style=\"font-weight: 300;\"> per c\u00e1pita m\u00e1s alta del mundo.<\/span><\/p>\r\n<p><span style=\"font-weight: 300;\">El tr\u00e1gico impacto de la pandemia es el <\/span><a href=\"https:\/\/www.brettonwoodsproject.org\/2020\/07\/the-imfs-role-in-the-devastating-impacts-of-covid-19-the-case-of-ecuador\/\"><span style=\"font-weight: 300;\">resultado<\/span><\/a><span style=\"font-weight: 300;\"> directo de una respuesta lenta e insuficiente de un gobierno agobiado por la austeridad y la deuda. Las autoridades retrasaron la introducci\u00f3n de un confinamiento estricto hasta mediados de marzo. Las medidas se anunciaron casi <\/span><a href=\"https:\/\/ourworldindata.org\/grapher\/covid-stringency-index?tab=chart&amp;time=2020-01-22..latest&amp;country=~ECU\"><span style=\"font-weight: 300;\">tres semanas<\/span><\/a><span style=\"font-weight: 300;\"> despu\u00e9s del primer caso reportado de Covid-19 en el pa\u00eds. Posteriormente, a pesar del aumento de casos y muertes causadas por la pandemia, el gobierno procedi\u00f3 a suavizar las medidas de confinamiento a <\/span><a href=\"https:\/\/ourworldindata.org\/grapher\/covid-stringency-index?tab=chart&amp;time=2020-01-22..latest&amp;country=~ECU\"><span style=\"font-weight: 300;\">principios de Mayo<\/span><\/a><span style=\"font-weight: 300;\">. La reducci\u00f3n de las restricciones no estuvo acompa\u00f1ada de ning\u00fan esfuerzo sustancial para fortalecer la capacidad del sistema de<\/span><a href=\"https:\/\/www.covid19ecuador.org\/post\/salud-publica-pandemia-1\"><span style=\"font-weight: 300;\"> salud p\u00fablica<\/span><\/a><span style=\"font-weight: 300;\"> o de <\/span><a href=\"https:\/\/www.covid19ecuador.org\/post\/desigualdades-covid19-ecuador\"><span style=\"font-weight: 300;\">seguridad social<\/span><\/a><span style=\"font-weight: 300;\">.<\/span><\/p>\r\n<p><span style=\"font-weight: 300;\">Las consecuencias econ\u00f3micas y sociales de estas decisiones han sido devastadoras. El FMI proyecta que la econom\u00eda del Ecuador se contraer\u00e1 un <\/span><a href=\"https:\/\/www.imf.org\/en\/Publications\/CR\/Issues\/2020\/10\/02\/Ecuador-Request-for-an-Extended-Arrangement-Under-the-Extended-Fund-Facility-Press-Release-49803\"><span style=\"font-weight: 300;\">11 por ciento<\/span><\/a><span style=\"font-weight: 300;\"> en 2020. Las fuentes formales de empleo est\u00e1n siendo diezmadas. Se espera que solo <\/span><a href=\"http:\/\/documents1.worldbank.org\/curated\/en\/705661598010734951\/pdf\/El-Impacto-del-COVID-19-En-las-Empresas-Formales-de-Ecuador.pdf\"><span style=\"font-weight: 300;\">una de cada tres<\/span><\/a><span style=\"font-weight: 300;\"> empresas siga siendo rentable despu\u00e9s de la pandemia. Como resultado, m\u00e1s de <\/span><a href=\"https:\/\/www.ecuadorencifras.gob.ec\/documentos\/web-inec\/EMPLEO\/2020\/ENEMDU_telefonica\/Principales_Resultados_Mercado_Laboral.pdf\"><span style=\"font-weight: 300;\">700,000<\/span><\/a><span style=\"font-weight: 300;\"> personas han perdido sus trabajos, mientras que <\/span><a href=\"https:\/\/www.ecuadorencifras.gob.ec\/documentos\/web-inec\/EMPLEO\/2020\/ENEMDU_telefonica\/Principales_Resultados_Mercado_Laboral.pdf\"><span style=\"font-weight: 300;\">1.440,983<\/span><\/a><span style=\"font-weight: 300;\"> fueron empujadas al sector informal. Todos los avances logrados en la lucha contra la pobreza durante las dos \u00faltimas d\u00e9cadas est\u00e1n amenzados de ser <\/span><a href=\"https:\/\/www.planv.com.ec\/historias\/sociedad\/uno-cada-cuatro-ecuatorianos-son-pobres-y-luego-la-pandemia-seran-mas\"><span style=\"font-weight: 300;\">revertidos<\/span><\/a><span style=\"font-weight: 300;\"> por la pandemia. De cara al futuro, al menos <\/span><a href=\"https:\/\/www.planv.com.ec\/historias\/sociedad\/uno-cada-cuatro-ecuatorianos-son-pobres-y-luego-la-pandemia-seran-mas\"><span style=\"font-weight: 300;\">medio mill\u00f3n de personas<\/span><\/a><span style=\"font-weight: 300;\"> necesitar\u00e1n asistencia social permanente.<\/span><\/p>\r\n<p><span style=\"font-weight: 300;\">Las mujeres ecuatorianas se han visto afectadas de manera desproporcionada por estas din\u00e1micas. Las mujeres en el pa\u00eds trabajan <\/span><a href=\"https:\/\/www.primicias.ec\/noticias\/economia\/situacion-trabajo-mujeres-ecuador-deterioro\/\"><span style=\"font-weight: 300;\">menos horas<\/span><\/a><span style=\"font-weight: 300;\"> por un salario menor y en peores condiciones que sus contrapartes masculinas. La pandemia ha agravado esta situaci\u00f3n. Una encuesta realizada por la ONU en Ecuador muestra que el <\/span><a href=\"https:\/\/quenoticias.com\/noticias\/onu-mujeres-y-telefonica-presentaron-estudio-sobre-los-efectos-de-la-pandemia-en-la-economia-de-las-feminas\/\"><span style=\"font-weight: 300;\">45 por ciento<\/span><\/a><span style=\"font-weight: 300;\"> de las mujeres han perdido su trabajo. Otro 76 por ciento vio aumentar su carga de trabajo como resultado de las tareas de cuidado y el hogar, mientras que el 56 por ciento de las mujeres se encargaban exclusivamente de las responsabilidades educativas de los ni\u00f1os. Las medidas de confinamiento tambi\u00e9n han tenido un impacto negativo en la violencia de g\u00e9nero. El n\u00famero de casos ha aumentado y se estima que en promedio hay un reporte de violencia de g\u00e9nero <\/span><a href=\"https:\/\/ecuador.unfpa.org\/es\/news\/%E2%80%9Ccada-5-minutos-se-registra-1-llamada-la-l%C3%ADnea-de-emergencia-911-por-violencia-basada-en-g%C3%A9nero\"><span style=\"font-weight: 300;\">cada cinco minutos<\/span><\/a><span style=\"font-weight: 300;\"> a nivel nacional.<\/span><\/p>\r\n<p><b>Una crisis de deuda en medio de una pandemia<\/b><\/p>\r\n<p><span style=\"font-weight: 300;\">Antes de la pandemia, el pa\u00eds se encontraba en una situaci\u00f3n de crisis causada por la deuda. La deuda p\u00fablica aument\u00f3 del <\/span><a href=\"https:\/\/www.imf.org\/en\/Publications\/CR\/Issues\/2020\/10\/02\/Ecuador-Request-for-an-Extended-Arrangement-Under-the-Extended-Fund-Facility-Press-Release-49803\"><span style=\"font-weight: 300;\">30,9 al 68,9<\/span><\/a><span style=\"font-weight: 300;\"> por ciento del PIB entre 2015 y 2020. Como resultado, el pa\u00eds asign\u00f3 el <\/span><a href=\"https:\/\/www.eurodad.org\/arrested_development\"><span style=\"font-weight: 300;\">29 por ciento<\/span><\/a><span style=\"font-weight: 300;\"> de los ingresos del gobierno para cubrir el servicio de la deuda 2019. Esta cifra represent\u00f3 2,3 veces el presupuesto de salud p\u00fablica del pa\u00eds, o 1,9 veces el presupuesto p\u00fablico de educaci\u00f3n en ese mismo a\u00f1o.<\/span><\/p>\r\n<p><span style=\"font-weight: 300;\">Los crecientes problemas de endeudamiento obligaron al pa\u00eds a solicitar asistencia financiera del FMI en Marzo de 2019. El programa del FMI otorg\u00f3 al pa\u00eds un pr\u00e9stamo por US $ 4,200 millones sobre la base de estrictas metas fiscales y condicionalidades. <\/span><a href=\"https:\/\/elpais.com\/internacional\/2020-09-30\/ecuador-avanza-en-la-liberalizacion-del-mercado-de-combustibles-un-ano-despues-de-las-protestas.html\"><span style=\"font-weight: 300;\">Protestas masivas<\/span><\/a><span style=\"font-weight: 300;\"> hicieron que el gobierno y el FMI se retractaron de sus intenciones iniciales de recortar los subsidios a la gasolina. Sin embargo, el programa de austeridad y las reformas estructurales se implementaron durante el estado de excepci\u00f3n que restringi\u00f3 la movilidad por casi siete meses . Como parte de este programa, se esperaba que el pa\u00eds implementar\u00e1 recortes de gastos por un valor del <\/span><a href=\"https:\/\/www.imf.org\/en\/Publications\/CR\/Issues\/2019\/03\/20\/Ecuador-Staff-Report-for-the-2019-Article-IV-Consultation-and-Request-for-an-Extended-46682\"><span style=\"font-weight: 300;\">5 por ciento<\/span><\/a><span style=\"font-weight: 300;\"> del PIB entre 2019 y 2022. Las medidas de austeridad incluidas en el programa debilitaron sistem\u00e1ticamente al sistema de salud p\u00fablica. El presupuesto de salud p\u00fablica disminuy\u00f3 de <\/span><a href=\"https:\/\/www.fundacioncarolina.es\/wp-content\/uploads\/2020\/04\/AC-23.-2020.pdf\"><span style=\"font-weight: 300;\">US$ 353 a 110 millones<\/span><\/a><span style=\"font-weight: 300;\"> entre 2017 y 2019. Los recortes provocaron el despido de personal de salud y una disminuci\u00f3n en la disponibilidad de suministros m\u00e9dicos, lo que dej\u00f3 al pa\u00eds indefenso para hacer frente a la pandemia.<\/span><\/p>\r\n<p><span style=\"font-weight: 300;\">Una vez que la pandemia azot\u00f3 el pa\u00eds, el programa inicial del FMI tuvo que ser <\/span><a href=\"https:\/\/www.imf.org\/en\/Publications\/CR\/Issues\/2020\/05\/28\/Ecuador-Request-for-Purchase-under-the-Rapid-Financing-Instrument-and-Cancellation-of-49460\"><span style=\"font-weight: 300;\">cancelado <\/span><\/a><span style=\"font-weight: 300;\">como resultado de la protesta social, discrepancias estad\u00edsticas y el incumplimiento de los objetivos de ajuste fiscal. En este contexto, Ecuador solicit\u00f3 un aplazamiento de 6 meses de los pagos de intereses a sus acreedores privados en Abril de 2020. Esta medida desemboc\u00f3 en un proceso de reestructuraci\u00f3n de deuda que se complet\u00f3 el 1 de Septiembre de 2020. Ecuador canje\u00f3 bonos por un valor de <\/span><a href=\"https:\/\/www.eurodad.org\/arrested_development\"><span style=\"font-weight: 300;\">US$ 17,400 millones<\/span><\/a><span style=\"font-weight: 300;\"> con una participaci\u00f3n del 98,5 por ciento de los bonistas. El FMI respald\u00f3 expl\u00edcitamente el resultado de las negociaciones con un nuevo programa que proporciona al pa\u00eds <\/span><a href=\"https:\/\/www.imf.org\/en\/Publications\/CR\/Issues\/2020\/10\/02\/Ecuador-Request-for-an-Extended-Arrangement-Under-the-Extended-Fund-Facility-Press-Release-49803\"><span style=\"font-weight: 300;\">US$ 6,500<\/span><\/a><span style=\"font-weight: 300;\"> millones en financiamiento adicional.\u00a0<\/span><\/p>\r\n<p><span style=\"font-weight: 300;\">El \u00e9xito del programa de reestructuraci\u00f3n de la deuda y del FMI se basa en la capacidad del pa\u00eds para cumplir con <\/span><a href=\"https:\/\/www.opendemocracy.net\/es\/fmi-austeridad-ecuador-predica-lo-contrario\/\"><span style=\"font-weight: 300;\">medidas de austeridad<\/span><\/a><span style=\"font-weight: 300;\"> por un valor del <\/span><a href=\"https:\/\/www.eurodad.org\/arrested_development\"><span style=\"font-weight: 300;\">5,8 por ciento<\/span><\/a><span style=\"font-weight: 300;\"> del PIB durante los pr\u00f3ximos tres a\u00f1os. Esta cifra es <\/span><a href=\"https:\/\/www.eurodad.org\/arrested_development\"><span style=\"font-weight: 300;\">ocho veces mayor<\/span><\/a><span style=\"font-weight: 300;\"> que los recursos que el pa\u00eds pudo movilizar para proteger la vida de sus ciudadanos en 2020. Es cuestionable que el Ecuador pueda y quiera hacer frente a recortes de esta magnitud a medida que aumentan los fallecidos y las tensiones sociales y pol\u00edticas en el pa\u00eds. La posibilidad de un nuevo <\/span><i><span style=\"font-weight: 300;\">default<\/span><\/i><span style=\"font-weight: 300;\"> a mediano plazo no es despreciable.<\/span><\/p>\r\n<p><b>Un llamado de ayuda a la comunidad internacional desde la sociedad civil ecuatoriana<\/b><\/p>\r\n<p><span style=\"font-weight: 300;\">Desde el inicio de la pandemia, la sociedad civil ecuatoriana se ha mantenido activa exigiendo una respuesta contundente de las autoridades de Ecuador para proteger a sus ciudadanos de la doble amenaza de la austeridad y la pandemia. A principios de este a\u00f1o, el CDES lanz\u00f3 una campa\u00f1a exigiendo que se revirtieran las medidas de austeridad en el \u00e1mbito de la salud p\u00fablica. Solicitamos la asignaci\u00f3n de recursos para contener los riesgos de la pandemia, incluida la formulaci\u00f3n de pol\u00edticas de protecci\u00f3n del ingreso laboral y medidas especiales de protecci\u00f3n para grupos vulnerables.<\/span><\/p>\r\n<p><span style=\"font-weight: 300;\">Adem\u00e1s, el CDES ha acogido las recomendaciones de organismos como la CEPAL y los informes del Alto Comisionado de las Naciones Unidas para la Deuda Externa. El CDES ha solicitado que el manejo de la deuda externa por parte del Gobierno Nacional no sacrifique recursos que deber\u00edan destinarse para contener la pandemia. Dado el car\u00e1cter excepcional de la situaci\u00f3n, debe contemplarse la suspensi\u00f3n de los pagos de la deuda externa. Esta l\u00ednea de acci\u00f3n incluy\u00f3 la presentaci\u00f3n de un recurso constitucional ante la Corte Constitucional ecuatoriana, en conjunto con otros actores de la sociedad civil.<\/span><\/p>\r\n<p><span style=\"font-weight: 300;\">Sin embargo, no podemos hacer esto solos. Como est\u00e1 sucediendo en otros pa\u00edses del mundo, como <\/span><a href=\"https:\/\/www.eurodad.org\/kenya_covid_19_debt\"><span style=\"font-weight: 300;\">Kenia <\/span><\/a><span style=\"font-weight: 300;\">y <\/span><a href=\"https:\/\/www.eurodad.org\/the_philippines_covid_19_and_debt_left_alone_to_deal_with_the_pandemic\"><span style=\"font-weight: 300;\">Filipinas<\/span><\/a><span style=\"font-weight: 300;\">, el pueblo de Ecuador necesita solidaridad internacional para enfrentar el impacto de la crisis social, sanitaria y econ\u00f3mica que atravesamos. Medidas del G20 como el <\/span><a href=\"https:\/\/www.eurodad.org\/g20_dssi_shadow_report\"><span style=\"font-weight: 300;\">DSSI<\/span><\/a><span style=\"font-weight: 300;\"> y el \u201c<\/span><a href=\"https:\/\/www.eurodad.org\/reaction_to_g20_common_framework_for_debt_treatments_designed_by_and_for_creditors\"><span style=\"font-weight: 300;\">Common Framework<\/span><\/a><span style=\"font-weight: 300;\">\u201d abandonan a pa\u00edses como Ecuador a su suerte. M\u00e1s que nada, necesitamos que nuestra voz sea escuchada en los foros internacionales y que se reconozcan nuestras necesidades en el dise\u00f1o de respuestas pol\u00edticas a la crisis. S\u00f3lo a trav\u00e9s de soluciones multilaterales, como la implementaci\u00f3n de un mecanismo de renegociaci\u00f3n de la deuda bajo los auspicios de la ONU, podemos esperar evitar una nueva d\u00e9cada perdida.<\/span><\/p>\r\n<p>_____________________________<\/p>\r\n<p><span style=\"font-weight: 300;\"><em>Tomado y traducido de blog de Eurodad. Este blog es parte de una serie de art\u00edculos que Eurodad est\u00e1 produciendo en colaboraci\u00f3n con nuestros socios globales sobre la implementaci\u00f3n de la Iniciativa de Suspensi\u00f3n del Servicio de la Deuda del G20 (G20 DSSI pos sus siglas en ingl\u00e9s). La serie complementa y actualiza el informe sobre \u201c<\/em><a href=\"https:\/\/www.eurodad.org\/g20_dssi_shadow_report\" data-cke-saved-href=\"https:\/\/www.eurodad.org\/g20_dssi_shadow_report\"><em>Las limitaciones de la Iniciativa de Suspensi\u00f3n del Servicio de la Deuda del G20: \u00bfVaciar el Titanic con un balde?<\/em><\/a><em>\u201d publicado en Octubre de 2020. Durante los pr\u00f3ximos meses publicaremos una variedad de art\u00edculos que cubren temas relacionados con la implementaci\u00f3n del DSSI y la situaci\u00f3n de la deuda en varios pa\u00edses del sur global.<\/em><\/span><\/p>\r\n\r\n\r\n    \t","protected":false},"excerpt":{"rendered":"","protected":false},"author":1,"featured_media":6234,"comment_status":"open","ping_status":"open","sticky":false,"template":"","format":"standard","meta":{"_siteseo_robots_primary_cat":"","_joinchat":[],"footnotes":""},"categories":[46],"tags":[50],"class_list":["post-6233","post","type-post","status-publish","format-standard","has-post-thumbnail","hentry","category-deuda","tag-covid-19"],"_links":{"self":[{"href":"https:\/\/cdes.org.ec\/webantigua\/wp-json\/wp\/v2\/posts\/6233","targetHints":{"allow":["GET"]}}],"collection":[{"href":"https:\/\/cdes.org.ec\/webantigua\/wp-json\/wp\/v2\/posts"}],"about":[{"href":"https:\/\/cdes.org.ec\/webantigua\/wp-json\/wp\/v2\/types\/post"}],"author":[{"embeddable":true,"href":"https:\/\/cdes.org.ec\/webantigua\/wp-json\/wp\/v2\/users\/1"}],"replies":[{"embeddable":true,"href":"https:\/\/cdes.org.ec\/webantigua\/wp-json\/wp\/v2\/comments?post=6233"}],"version-history":[{"count":1,"href":"https:\/\/cdes.org.ec\/webantigua\/wp-json\/wp\/v2\/posts\/6233\/revisions"}],"predecessor-version":[{"id":7125,"href":"https:\/\/cdes.org.ec\/webantigua\/wp-json\/wp\/v2\/posts\/6233\/revisions\/7125"}],"wp:featuredmedia":[{"embeddable":true,"href":"https:\/\/cdes.org.ec\/webantigua\/wp-json\/wp\/v2\/media\/6234"}],"wp:attachment":[{"href":"https:\/\/cdes.org.ec\/webantigua\/wp-json\/wp\/v2\/media?parent=6233"}],"wp:term":[{"taxonomy":"category","embeddable":true,"href":"https:\/\/cdes.org.ec\/webantigua\/wp-json\/wp\/v2\/categories?post=6233"},{"taxonomy":"post_tag","embeddable":true,"href":"https:\/\/cdes.org.ec\/webantigua\/wp-json\/wp\/v2\/tags?post=6233"}],"curies":[{"name":"wp","href":"https:\/\/api.w.org\/{rel}","templated":true}]}}